{"id":4785,"date":"2026-08-31T17:00:00","date_gmt":"2026-08-31T17:00:00","guid":{"rendered":"https:\/\/elprogresivo.mx\/?p=4785"},"modified":"2026-08-31T17:03:27","modified_gmt":"2026-08-31T17:03:27","slug":"chepe-guerrero-corona-a-los-abuelos-de-oro-2026-y-refrenda-compromiso-con-adultos-mayores","status":"publish","type":"post","link":"https:\/\/elprogresivo.mx\/index.php\/2026\/08\/31\/chepe-guerrero-corona-a-los-abuelos-de-oro-2026-y-refrenda-compromiso-con-adultos-mayores\/","title":{"rendered":"Chepe Guerrero corona a los Abuelos de Oro 2026 y refrenda compromiso con adultos mayores"},"content":{"rendered":"\n<p>El presidente municipal de Corregidora, Chepe Guerrero, y la presidenta del Patronato del DIF Municipal, Gaby Tr\u00e1pala, encabezaron el convivio&nbsp;<strong>&#8220;Vidas que Inspiran&#8221;<\/strong>&nbsp;en el marco del D\u00eda Nacional de las Personas Adultas Mayores, con la participaci\u00f3n de integrantes de los&nbsp;<strong>22 grupos de adultos mayores<\/strong>&nbsp;del municipio y la coronaci\u00f3n de&nbsp;<strong>Patricia Jord\u00e1n<\/strong>como Reina de Oro y&nbsp;<strong>Sergio Hilario Romano<\/strong>&nbsp;como Abuelo de Oro 2026.<\/p>\n\n\n\n<p>Chepe Guerrero brind\u00f3 un emotivo mensaje a los asistentes: &#8220;El d\u00eda que alguien les falte al respeto, d\u00edganles: tengo un nieto que es presidente municipal, y as\u00ed te va a ir si me haces algo.&#8221;<\/p>\n\n\n\n<p>Gaby Tr\u00e1pala destac\u00f3 que los adultos mayores contin\u00faan escribiendo su historia todos los d\u00edas: bailan, cantan, hacen deporte, aprenden cosas nuevas y son parte fundamental de sus comunidades.<\/p>\n","protected":false},"excerpt":{"rendered":"<p>El presidente municipal de Corregidora, Chepe Guerrero, y la presidenta del Patronato del DIF Municipal,&#8230;<\/p>\n","protected":false},"author":1,"featured_media":4786,"comment_status":"open","ping_status":"open","sticky":false,"template":"","format":"standard","meta":{"om_disable_all_campaigns":false,"_monsterinsights_skip_tracking":false,"footnotes":"","jetpack_publicize_message":"","jetpack_publicize_feature_enabled":true,"jetpack_social_post_already_shared":true,"jetpack_social_options":{"image_generator_settings":{"template":"highway","default_image_id":0,"font":"","enabled":false},"version":2}},"categories":[1],"tags":[3207,3206,3203,3201,3204,3202,3209,3208,3205],"class_list":["post-4785","post","type-post","status-publish","format-standard","has-post-thumbnail","hentry","category-blog","tag-abuelo-de-oro-corregidora-2026","tag-bienestar-adultos-mayores-queretaro","tag-chepe-guerrero-adultos-mayores","tag-dia-adultos-mayores-corregidora","tag-dif-corregidora-adultos-mayores","tag-gaby-trapala-dif-corregidora","tag-grupos-adultos-mayores-corregidora","tag-patricia-jordan-reina-de-oro","tag-vidas-que-inspiran-corregidora"],"aioseo_notices":[],"aioseo_head":"\n\t\t<!-- All in One SEO 5.0.1.1 - aioseo.com -->\n\t<meta name=\"description\" content=\"El presidente municipal de Corregidora, Chepe Guerrero, y la presidenta del Patronato del DIF Municipal, Gaby Tr\u00e1pala, encabezaron el convivio &quot;Vidas que Inspiran&quot; en el marco del D\u00eda Nacional de las Personas Adultas Mayores, con la participaci\u00f3n de integrantes de los 22 grupos de adultos mayores del municipio y la coronaci\u00f3n de Patricia Jord\u00e1ncomo Reina de Oro y Sergio Hilario Romano como\" \/>\n\t<meta name=\"robots\" content=\"max-image-preview:large\" \/>\n\t<meta name=\"author\" content=\"elprogresivo.mx\"\/>\n\t<link rel=\"canonical\" href=\"https:\/\/elprogresivo.mx\/index.php\/2026\/08\/31\/chepe-guerrero-corona-a-los-abuelos-de-oro-2026-y-refrenda-compromiso-con-adultos-mayores\/\" \/>\n\t<meta name=\"generator\" content=\"All in One SEO (AIOSEO) 5.0.1.1\" \/>\n\t\t<meta property=\"og:locale\" content=\"es_MX\" \/>\n\t\t<meta property=\"og:site_name\" content=\"elprogresivo.mx - Construimos una nueva etapa en informaci\u00f3n\" \/>\n\t\t<meta property=\"og:type\" content=\"article\" \/>\n\t\t<meta property=\"og:title\" content=\"Chepe Guerrero corona a los Abuelos de Oro 2026 y refrenda compromiso con adultos mayores - elprogresivo.mx\" \/>\n\t\t<meta property=\"og:description\" content=\"El presidente municipal de Corregidora, Chepe Guerrero, y la presidenta del Patronato del DIF Municipal, Gaby Tr\u00e1pala, encabezaron el convivio &quot;Vidas que Inspiran&quot; en el marco del D\u00eda Nacional de las Personas Adultas Mayores, con la participaci\u00f3n de integrantes de los 22 grupos de adultos mayores del municipio y la coronaci\u00f3n de Patricia Jord\u00e1ncomo Reina de Oro y Sergio Hilario Romano como\" \/>\n\t\t<meta property=\"og:url\" content=\"https:\/\/elprogresivo.mx\/index.php\/2026\/08\/31\/chepe-guerrero-corona-a-los-abuelos-de-oro-2026-y-refrenda-compromiso-con-adultos-mayores\/\" \/>\n\t\t<meta property=\"og:image\" content=\"https:\/\/elprogresivo.mx\/wp-content\/uploads\/2024\/02\/cropped-LogoBlanco.png\" \/>\n\t\t<meta property=\"og:image:secure_url\" content=\"https:\/\/elprogresivo.mx\/wp-content\/uploads\/2024\/02\/cropped-LogoBlanco.png\" \/>\n\t\t<meta property=\"article:published_time\" content=\"2026-08-31T17:00:00+00:00\" \/>\n\t\t<meta property=\"article:modified_time\" content=\"2026-08-31T17:03:27+00:00\" \/>\n\t\t<meta name=\"twitter:card\" content=\"summary_large_image\" \/>\n\t\t<meta name=\"twitter:title\" content=\"Chepe Guerrero corona a los Abuelos de Oro 2026 y refrenda compromiso con adultos mayores - elprogresivo.mx\" \/>\n\t\t<meta name=\"twitter:description\" content=\"El presidente municipal de Corregidora, Chepe Guerrero, y la presidenta del Patronato del DIF Municipal, Gaby Tr\u00e1pala, encabezaron el convivio &quot;Vidas que Inspiran&quot; en el marco del D\u00eda Nacional de las Personas Adultas Mayores, con la participaci\u00f3n de integrantes de los 22 grupos de adultos mayores del municipio y la coronaci\u00f3n de Patricia Jord\u00e1ncomo Reina de Oro y Sergio Hilario Romano como\" \/>\n\t\t<meta name=\"twitter:image\" content=\"https:\/\/elprogresivo.mx\/wp-content\/uploads\/2024\/02\/cropped-LogoBlanco.png\" \/>\n\t\t<script type=\"application\/ld+json\" class=\"aioseo-schema\">\n\t\t\t{\"@context\":\"https:\\\/\\\/schema.org\",\"@graph\":[{\"@type\":\"BlogPosting\",\"@id\":\"https:\\\/\\\/elprogresivo.mx\\\/index.php\\\/2026\\\/08\\\/31\\\/chepe-guerrero-corona-a-los-abuelos-de-oro-2026-y-refrenda-compromiso-con-adultos-mayores\\\/#blogposting\",\"name\":\"Chepe Guerrero corona a los Abuelos de Oro 2026 y refrenda compromiso con adultos mayores - elprogresivo.mx\",\"headline\":\"Chepe Guerrero corona a los Abuelos de Oro 2026 y refrenda compromiso con adultos mayores\",\"author\":{\"@id\":\"https:\\\/\\\/elprogresivo.mx\\\/index.php\\\/author\\\/elprogresivo-mx\\\/#author\"},\"publisher\":{\"@id\":\"https:\\\/\\\/elprogresivo.mx\\\/#organization\"},\"image\":{\"@type\":\"ImageObject\",\"url\":\"https:\\\/\\\/elprogresivo.mx\\\/wp-content\\\/uploads\\\/2026\\\/08\\\/WhatsApp-Image-2026-08-28-at-15.21.49.jpeg\",\"width\":1124,\"height\":750},\"datePublished\":\"2026-08-31T17:00:00+00:00\",\"dateModified\":\"2026-08-31T17:03:27+00:00\",\"inLanguage\":\"es-MX\",\"mainEntityOfPage\":{\"@id\":\"https:\\\/\\\/elprogresivo.mx\\\/index.php\\\/2026\\\/08\\\/31\\\/chepe-guerrero-corona-a-los-abuelos-de-oro-2026-y-refrenda-compromiso-con-adultos-mayores\\\/#webpage\"},\"isPartOf\":{\"@id\":\"https:\\\/\\\/elprogresivo.mx\\\/index.php\\\/2026\\\/08\\\/31\\\/chepe-guerrero-corona-a-los-abuelos-de-oro-2026-y-refrenda-compromiso-con-adultos-mayores\\\/#webpage\"},\"articleSection\":\"Blog, Abuelo de Oro Corregidora 2026, bienestar adultos mayores Quer\\u00e9taro, Chepe Guerrero adultos mayores, D\\u00eda Adultos Mayores Corregidora, DIF Corregidora adultos mayores, Gaby Tr\\u00e1pala DIF Corregidora, grupos adultos mayores Corregidora, Patricia Jord\\u00e1n Reina de Oro, Vidas que Inspiran Corregidora\"},{\"@type\":\"BreadcrumbList\",\"@id\":\"https:\\\/\\\/elprogresivo.mx\\\/index.php\\\/2026\\\/08\\\/31\\\/chepe-guerrero-corona-a-los-abuelos-de-oro-2026-y-refrenda-compromiso-con-adultos-mayores\\\/#breadcrumblist\",\"itemListElement\":[{\"@type\":\"ListItem\",\"@id\":\"https:\\\/\\\/elprogresivo.mx#listItem\",\"position\":1,\"name\":\"Home\",\"item\":\"https:\\\/\\\/elprogresivo.mx\",\"nextItem\":{\"@type\":\"ListItem\",\"@id\":\"https:\\\/\\\/elprogresivo.mx\\\/index.php\\\/category\\\/blog\\\/#listItem\",\"name\":\"Blog\"}},{\"@type\":\"ListItem\",\"@id\":\"https:\\\/\\\/elprogresivo.mx\\\/index.php\\\/category\\\/blog\\\/#listItem\",\"position\":2,\"name\":\"Blog\",\"item\":\"https:\\\/\\\/elprogresivo.mx\\\/index.php\\\/category\\\/blog\\\/\",\"nextItem\":{\"@type\":\"ListItem\",\"@id\":\"https:\\\/\\\/elprogresivo.mx\\\/index.php\\\/2026\\\/08\\\/31\\\/chepe-guerrero-corona-a-los-abuelos-de-oro-2026-y-refrenda-compromiso-con-adultos-mayores\\\/#listItem\",\"name\":\"Chepe Guerrero corona a los Abuelos de Oro 2026 y refrenda compromiso con adultos mayores\"},\"previousItem\":{\"@type\":\"ListItem\",\"@id\":\"https:\\\/\\\/elprogresivo.mx#listItem\",\"name\":\"Home\"}},{\"@type\":\"ListItem\",\"@id\":\"https:\\\/\\\/elprogresivo.mx\\\/index.php\\\/2026\\\/08\\\/31\\\/chepe-guerrero-corona-a-los-abuelos-de-oro-2026-y-refrenda-compromiso-con-adultos-mayores\\\/#listItem\",\"position\":3,\"name\":\"Chepe Guerrero corona a los Abuelos de Oro 2026 y refrenda compromiso con adultos mayores\",\"previousItem\":{\"@type\":\"ListItem\",\"@id\":\"https:\\\/\\\/elprogresivo.mx\\\/index.php\\\/category\\\/blog\\\/#listItem\",\"name\":\"Blog\"}}]},{\"@type\":\"Organization\",\"@id\":\"https:\\\/\\\/elprogresivo.mx\\\/#organization\",\"name\":\"elprogresivo.mx\",\"description\":\"Construimos una nueva etapa en informaci\\u00f3n\",\"url\":\"https:\\\/\\\/elprogresivo.mx\\\/\",\"logo\":{\"@type\":\"ImageObject\",\"url\":\"https:\\\/\\\/elprogresivo.mx\\\/wp-content\\\/uploads\\\/2024\\\/02\\\/cropped-LogoBlanco.png\",\"@id\":\"https:\\\/\\\/elprogresivo.mx\\\/index.php\\\/2026\\\/08\\\/31\\\/chepe-guerrero-corona-a-los-abuelos-de-oro-2026-y-refrenda-compromiso-con-adultos-mayores\\\/#organizationLogo\",\"width\":2096,\"height\":332},\"image\":{\"@id\":\"https:\\\/\\\/elprogresivo.mx\\\/index.php\\\/2026\\\/08\\\/31\\\/chepe-guerrero-corona-a-los-abuelos-de-oro-2026-y-refrenda-compromiso-con-adultos-mayores\\\/#organizationLogo\"}},{\"@type\":\"Person\",\"@id\":\"https:\\\/\\\/elprogresivo.mx\\\/index.php\\\/author\\\/elprogresivo-mx\\\/#author\",\"url\":\"https:\\\/\\\/elprogresivo.mx\\\/index.php\\\/author\\\/elprogresivo-mx\\\/\",\"name\":\"elprogresivo.mx\",\"image\":{\"@type\":\"ImageObject\",\"@id\":\"https:\\\/\\\/elprogresivo.mx\\\/index.php\\\/2026\\\/08\\\/31\\\/chepe-guerrero-corona-a-los-abuelos-de-oro-2026-y-refrenda-compromiso-con-adultos-mayores\\\/#authorImage\",\"url\":\"https:\\\/\\\/secure.gravatar.com\\\/avatar\\\/f8f619b2b94bf196501220695d5a6b8552763754143ed0ab1cf99ef065ae37cf?s=96&d=mm&r=g\",\"width\":96,\"height\":96,\"caption\":\"elprogresivo.mx\"}},{\"@type\":\"WebPage\",\"@id\":\"https:\\\/\\\/elprogresivo.mx\\\/index.php\\\/2026\\\/08\\\/31\\\/chepe-guerrero-corona-a-los-abuelos-de-oro-2026-y-refrenda-compromiso-con-adultos-mayores\\\/#webpage\",\"url\":\"https:\\\/\\\/elprogresivo.mx\\\/index.php\\\/2026\\\/08\\\/31\\\/chepe-guerrero-corona-a-los-abuelos-de-oro-2026-y-refrenda-compromiso-con-adultos-mayores\\\/\",\"name\":\"Chepe Guerrero corona a los Abuelos de Oro 2026 y refrenda compromiso con adultos mayores - elprogresivo.mx\",\"description\":\"El presidente municipal de Corregidora, Chepe Guerrero, y la presidenta del Patronato del DIF Municipal, Gaby Tr\\u00e1pala, encabezaron el convivio \\\"Vidas que Inspiran\\\" en el marco del D\\u00eda Nacional de las Personas Adultas Mayores, con la participaci\\u00f3n de integrantes de los 22 grupos de adultos mayores del municipio y la coronaci\\u00f3n de Patricia Jord\\u00e1ncomo Reina de Oro y Sergio Hilario Romano como\",\"inLanguage\":\"es-MX\",\"isPartOf\":{\"@id\":\"https:\\\/\\\/elprogresivo.mx\\\/#website\"},\"breadcrumb\":{\"@id\":\"https:\\\/\\\/elprogresivo.mx\\\/index.php\\\/2026\\\/08\\\/31\\\/chepe-guerrero-corona-a-los-abuelos-de-oro-2026-y-refrenda-compromiso-con-adultos-mayores\\\/#breadcrumblist\"},\"author\":{\"@id\":\"https:\\\/\\\/elprogresivo.mx\\\/index.php\\\/author\\\/elprogresivo-mx\\\/#author\"},\"creator\":{\"@id\":\"https:\\\/\\\/elprogresivo.mx\\\/index.php\\\/author\\\/elprogresivo-mx\\\/#author\"},\"image\":{\"@type\":\"ImageObject\",\"url\":\"https:\\\/\\\/elprogresivo.mx\\\/wp-content\\\/uploads\\\/2026\\\/08\\\/WhatsApp-Image-2026-08-28-at-15.21.49.jpeg\",\"@id\":\"https:\\\/\\\/elprogresivo.mx\\\/index.php\\\/2026\\\/08\\\/31\\\/chepe-guerrero-corona-a-los-abuelos-de-oro-2026-y-refrenda-compromiso-con-adultos-mayores\\\/#mainImage\",\"width\":1124,\"height\":750},\"primaryImageOfPage\":{\"@id\":\"https:\\\/\\\/elprogresivo.mx\\\/index.php\\\/2026\\\/08\\\/31\\\/chepe-guerrero-corona-a-los-abuelos-de-oro-2026-y-refrenda-compromiso-con-adultos-mayores\\\/#mainImage\"},\"datePublished\":\"2026-08-31T17:00:00+00:00\",\"dateModified\":\"2026-08-31T17:03:27+00:00\"},{\"@type\":\"WebSite\",\"@id\":\"https:\\\/\\\/elprogresivo.mx\\\/#website\",\"url\":\"https:\\\/\\\/elprogresivo.mx\\\/\",\"name\":\"elprogresivo.mx\",\"description\":\"Construimos una nueva etapa en informaci\\u00f3n\",\"inLanguage\":\"es-MX\",\"publisher\":{\"@id\":\"https:\\\/\\\/elprogresivo.mx\\\/#organization\"}}]}\n\t\t<\/script>\n\t\t<!-- All in One SEO -->\n\n","aioseo_head_json":{"title":"Chepe Guerrero corona a los Abuelos de Oro 2026 y refrenda compromiso con adultos mayores - elprogresivo.mx","description":"El presidente municipal de Corregidora, Chepe Guerrero, y la presidenta del Patronato del DIF Municipal, Gaby Tr\u00e1pala, encabezaron el convivio \"Vidas que Inspiran\" en el marco del D\u00eda Nacional de las Personas Adultas Mayores, con la participaci\u00f3n de integrantes de los 22 grupos de adultos mayores del municipio y la coronaci\u00f3n de Patricia Jord\u00e1ncomo Reina de Oro y Sergio Hilario Romano como","canonical_url":"https:\/\/elprogresivo.mx\/index.php\/2026\/08\/31\/chepe-guerrero-corona-a-los-abuelos-de-oro-2026-y-refrenda-compromiso-con-adultos-mayores\/","robots":"max-image-preview:large","keywords":"","webmasterTools":{"miscellaneous":""},"schema":{"@context":"https:\/\/schema.org","@graph":[{"@type":"BlogPosting","@id":"https:\/\/elprogresivo.mx\/index.php\/2026\/08\/31\/chepe-guerrero-corona-a-los-abuelos-de-oro-2026-y-refrenda-compromiso-con-adultos-mayores\/#blogposting","name":"Chepe Guerrero corona a los Abuelos de Oro 2026 y refrenda compromiso con adultos mayores - elprogresivo.mx","headline":"Chepe Guerrero corona a los Abuelos de Oro 2026 y refrenda compromiso con adultos mayores","author":{"@id":"https:\/\/elprogresivo.mx\/index.php\/author\/elprogresivo-mx\/#author"},"publisher":{"@id":"https:\/\/elprogresivo.mx\/#organization"},"image":{"@type":"ImageObject","url":"https:\/\/elprogresivo.mx\/wp-content\/uploads\/2026\/08\/WhatsApp-Image-2026-08-28-at-15.21.49.jpeg","width":1124,"height":750},"datePublished":"2026-08-31T17:00:00+00:00","dateModified":"2026-08-31T17:03:27+00:00","inLanguage":"es-MX","mainEntityOfPage":{"@id":"https:\/\/elprogresivo.mx\/index.php\/2026\/08\/31\/chepe-guerrero-corona-a-los-abuelos-de-oro-2026-y-refrenda-compromiso-con-adultos-mayores\/#webpage"},"isPartOf":{"@id":"https:\/\/elprogresivo.mx\/index.php\/2026\/08\/31\/chepe-guerrero-corona-a-los-abuelos-de-oro-2026-y-refrenda-compromiso-con-adultos-mayores\/#webpage"},"articleSection":"Blog, Abuelo de Oro Corregidora 2026, bienestar adultos mayores Quer\u00e9taro, Chepe Guerrero adultos mayores, D\u00eda Adultos Mayores Corregidora, DIF Corregidora adultos mayores, Gaby Tr\u00e1pala DIF Corregidora, grupos adultos mayores Corregidora, Patricia Jord\u00e1n Reina de Oro, Vidas que Inspiran Corregidora"},{"@type":"BreadcrumbList","@id":"https:\/\/elprogresivo.mx\/index.php\/2026\/08\/31\/chepe-guerrero-corona-a-los-abuelos-de-oro-2026-y-refrenda-compromiso-con-adultos-mayores\/#breadcrumblist","itemListElement":[{"@type":"ListItem","@id":"https:\/\/elprogresivo.mx#listItem","position":1,"name":"Home","item":"https:\/\/elprogresivo.mx","nextItem":{"@type":"ListItem","@id":"https:\/\/elprogresivo.mx\/index.php\/category\/blog\/#listItem","name":"Blog"}},{"@type":"ListItem","@id":"https:\/\/elprogresivo.mx\/index.php\/category\/blog\/#listItem","position":2,"name":"Blog","item":"https:\/\/elprogresivo.mx\/index.php\/category\/blog\/","nextItem":{"@type":"ListItem","@id":"https:\/\/elprogresivo.mx\/index.php\/2026\/08\/31\/chepe-guerrero-corona-a-los-abuelos-de-oro-2026-y-refrenda-compromiso-con-adultos-mayores\/#listItem","name":"Chepe Guerrero corona a los Abuelos de Oro 2026 y refrenda compromiso con adultos mayores"},"previousItem":{"@type":"ListItem","@id":"https:\/\/elprogresivo.mx#listItem","name":"Home"}},{"@type":"ListItem","@id":"https:\/\/elprogresivo.mx\/index.php\/2026\/08\/31\/chepe-guerrero-corona-a-los-abuelos-de-oro-2026-y-refrenda-compromiso-con-adultos-mayores\/#listItem","position":3,"name":"Chepe Guerrero corona a los Abuelos de Oro 2026 y refrenda compromiso con adultos mayores","previousItem":{"@type":"ListItem","@id":"https:\/\/elprogresivo.mx\/index.php\/category\/blog\/#listItem","name":"Blog"}}]},{"@type":"Organization","@id":"https:\/\/elprogresivo.mx\/#organization","name":"elprogresivo.mx","description":"Construimos una nueva etapa en informaci\u00f3n","url":"https:\/\/elprogresivo.mx\/","logo":{"@type":"ImageObject","url":"https:\/\/elprogresivo.mx\/wp-content\/uploads\/2024\/02\/cropped-LogoBlanco.png","@id":"https:\/\/elprogresivo.mx\/index.php\/2026\/08\/31\/chepe-guerrero-corona-a-los-abuelos-de-oro-2026-y-refrenda-compromiso-con-adultos-mayores\/#organizationLogo","width":2096,"height":332},"image":{"@id":"https:\/\/elprogresivo.mx\/index.php\/2026\/08\/31\/chepe-guerrero-corona-a-los-abuelos-de-oro-2026-y-refrenda-compromiso-con-adultos-mayores\/#organizationLogo"}},{"@type":"Person","@id":"https:\/\/elprogresivo.mx\/index.php\/author\/elprogresivo-mx\/#author","url":"https:\/\/elprogresivo.mx\/index.php\/author\/elprogresivo-mx\/","name":"elprogresivo.mx","image":{"@type":"ImageObject","@id":"https:\/\/elprogresivo.mx\/index.php\/2026\/08\/31\/chepe-guerrero-corona-a-los-abuelos-de-oro-2026-y-refrenda-compromiso-con-adultos-mayores\/#authorImage","url":"https:\/\/secure.gravatar.com\/avatar\/f8f619b2b94bf196501220695d5a6b8552763754143ed0ab1cf99ef065ae37cf?s=96&d=mm&r=g","width":96,"height":96,"caption":"elprogresivo.mx"}},{"@type":"WebPage","@id":"https:\/\/elprogresivo.mx\/index.php\/2026\/08\/31\/chepe-guerrero-corona-a-los-abuelos-de-oro-2026-y-refrenda-compromiso-con-adultos-mayores\/#webpage","url":"https:\/\/elprogresivo.mx\/index.php\/2026\/08\/31\/chepe-guerrero-corona-a-los-abuelos-de-oro-2026-y-refrenda-compromiso-con-adultos-mayores\/","name":"Chepe Guerrero corona a los Abuelos de Oro 2026 y refrenda compromiso con adultos mayores - elprogresivo.mx","description":"El presidente municipal de Corregidora, Chepe Guerrero, y la presidenta del Patronato del DIF Municipal, Gaby Tr\u00e1pala, encabezaron el convivio \"Vidas que Inspiran\" en el marco del D\u00eda Nacional de las Personas Adultas Mayores, con la participaci\u00f3n de integrantes de los 22 grupos de adultos mayores del municipio y la coronaci\u00f3n de Patricia Jord\u00e1ncomo Reina de Oro y Sergio Hilario Romano como","inLanguage":"es-MX","isPartOf":{"@id":"https:\/\/elprogresivo.mx\/#website"},"breadcrumb":{"@id":"https:\/\/elprogresivo.mx\/index.php\/2026\/08\/31\/chepe-guerrero-corona-a-los-abuelos-de-oro-2026-y-refrenda-compromiso-con-adultos-mayores\/#breadcrumblist"},"author":{"@id":"https:\/\/elprogresivo.mx\/index.php\/author\/elprogresivo-mx\/#author"},"creator":{"@id":"https:\/\/elprogresivo.mx\/index.php\/author\/elprogresivo-mx\/#author"},"image":{"@type":"ImageObject","url":"https:\/\/elprogresivo.mx\/wp-content\/uploads\/2026\/08\/WhatsApp-Image-2026-08-28-at-15.21.49.jpeg","@id":"https:\/\/elprogresivo.mx\/index.php\/2026\/08\/31\/chepe-guerrero-corona-a-los-abuelos-de-oro-2026-y-refrenda-compromiso-con-adultos-mayores\/#mainImage","width":1124,"height":750},"primaryImageOfPage":{"@id":"https:\/\/elprogresivo.mx\/index.php\/2026\/08\/31\/chepe-guerrero-corona-a-los-abuelos-de-oro-2026-y-refrenda-compromiso-con-adultos-mayores\/#mainImage"},"datePublished":"2026-08-31T17:00:00+00:00","dateModified":"2026-08-31T17:03:27+00:00"},{"@type":"WebSite","@id":"https:\/\/elprogresivo.mx\/#website","url":"https:\/\/elprogresivo.mx\/","name":"elprogresivo.mx","description":"Construimos una nueva etapa en informaci\u00f3n","inLanguage":"es-MX","publisher":{"@id":"https:\/\/elprogresivo.mx\/#organization"}}]},"og:locale":"es_MX","og:site_name":"elprogresivo.mx - Construimos una nueva etapa en informaci\u00f3n","og:type":"article","og:title":"Chepe Guerrero corona a los Abuelos de Oro 2026 y refrenda compromiso con adultos mayores - elprogresivo.mx","og:description":"El presidente municipal de Corregidora, Chepe Guerrero, y la presidenta del Patronato del DIF Municipal, Gaby Tr\u00e1pala, encabezaron el convivio &quot;Vidas que Inspiran&quot; en el marco del D\u00eda Nacional de las Personas Adultas Mayores, con la participaci\u00f3n de integrantes de los 22 grupos de adultos mayores del municipio y la coronaci\u00f3n de Patricia Jord\u00e1ncomo Reina de Oro y Sergio Hilario Romano como","og:url":"https:\/\/elprogresivo.mx\/index.php\/2026\/08\/31\/chepe-guerrero-corona-a-los-abuelos-de-oro-2026-y-refrenda-compromiso-con-adultos-mayores\/","og:image":"https:\/\/elprogresivo.mx\/wp-content\/uploads\/2024\/02\/cropped-LogoBlanco.png","og:image:secure_url":"https:\/\/elprogresivo.mx\/wp-content\/uploads\/2024\/02\/cropped-LogoBlanco.png","article:published_time":"2026-08-31T17:00:00+00:00","article:modified_time":"2026-08-31T17:03:27+00:00","twitter:card":"summary_large_image","twitter:title":"Chepe Guerrero corona a los Abuelos de Oro 2026 y refrenda compromiso con adultos mayores - elprogresivo.mx","twitter:description":"El presidente municipal de Corregidora, Chepe Guerrero, y la presidenta del Patronato del DIF Municipal, Gaby Tr\u00e1pala, encabezaron el convivio &quot;Vidas que Inspiran&quot; en el marco del D\u00eda Nacional de las Personas Adultas Mayores, con la participaci\u00f3n de integrantes de los 22 grupos de adultos mayores del municipio y la coronaci\u00f3n de Patricia Jord\u00e1ncomo Reina de Oro y Sergio Hilario Romano como","twitter:image":"https:\/\/elprogresivo.mx\/wp-content\/uploads\/2024\/02\/cropped-LogoBlanco.png"},"aioseo_meta_data":{"post_id":"4785","title":null,"description":null,"keywords":null,"keyphrases":{"focus":{"keyphrase":"","score":0,"analysis":{"keyphraseInTitle":{"score":0,"maxScore":9,"error":1}}},"additional":[]},"primary_term":null,"canonical_url":null,"og_title":null,"og_description":null,"og_object_type":"default","og_image_type":"default","og_image_url":null,"og_image_width":null,"og_image_height":null,"og_image_custom_url":null,"og_image_custom_fields":null,"og_video":"","og_custom_url":null,"og_article_section":null,"og_article_tags":null,"twitter_use_og":false,"twitter_card":"default","twitter_image_type":"default","twitter_image_url":null,"twitter_image_custom_url":null,"twitter_image_custom_fields":null,"twitter_title":null,"twitter_description":null,"schema":{"blockGraphs":[],"customGraphs":[],"default":{"data":{"Article":[],"Course":[],"Dataset":[],"FAQPage":[],"Movie":[],"Person":[],"Product":[],"ProductReview":[],"Car":[],"Recipe":[],"Service":[],"SoftwareApplication":[],"WebPage":[]},"graphName":"BlogPosting","isEnabled":true},"graphs":[]},"schema_type":"default","schema_type_options":null,"pillar_content":false,"robots_default":true,"robots_noindex":false,"robots_noarchive":false,"robots_nosnippet":false,"robots_nofollow":false,"robots_noimageindex":false,"robots_noodp":false,"robots_notranslate":false,"robots_max_snippet":"-1","robots_max_videopreview":"-1","robots_max_imagepreview":"large","priority":null,"frequency":"default","local_seo":null,"limit_modified_date":false,"created":"2026-08-31 17:00:01","updated":"2026-08-31 18:00:04","ai":{"faqs":[],"keyPoints":[],"schemas":[],"titles":[],"descriptions":[],"socialPosts":{"email":{"subject":"","preview":"","content":""},"linkedin":[],"twitter":[],"facebook":[],"instagram":[]}},"breadcrumb_settings":null,"seo_analyzer_scan_date":null,"focus_keyword":null,"additional_keywords":null,"truseo_locale":null},"aioseo_breadcrumb":"<div class=\"aioseo-breadcrumbs\"><span class=\"aioseo-breadcrumb\">\n\t\t\t<a href=\"https:\/\/elprogresivo.mx\" title=\"Home\">Home<\/a>\n\t\t<\/span><span class=\"aioseo-breadcrumb-separator\">&raquo;<\/span><span class=\"aioseo-breadcrumb\">\n\t\t\t<a href=\"https:\/\/elprogresivo.mx\/index.php\/category\/blog\/\" title=\"Blog\">Blog<\/a>\n\t\t<\/span><span class=\"aioseo-breadcrumb-separator\">&raquo;<\/span><span class=\"aioseo-breadcrumb\">\n\t\t\tChepe Guerrero corona a los Abuelos de Oro 2026 y refrenda compromiso con adultos mayores\n\t\t<\/span><\/div>","aioseo_breadcrumb_json":[{"label":"Home","link":"https:\/\/elprogresivo.mx"},{"label":"Blog","link":"https:\/\/elprogresivo.mx\/index.php\/category\/blog\/"},{"label":"Chepe Guerrero corona a los Abuelos de Oro 2026 y refrenda compromiso con adultos mayores","link":"https:\/\/elprogresivo.mx\/index.php\/2026\/08\/31\/chepe-guerrero-corona-a-los-abuelos-de-oro-2026-y-refrenda-compromiso-con-adultos-mayores\/"}],"jetpack_publicize_connections":[],"_links":{"self":[{"href":"https:\/\/elprogresivo.mx\/index.php\/wp-json\/wp\/v2\/posts\/4785","targetHints":{"allow":["GET"]}}],"collection":[{"href":"https:\/\/elprogresivo.mx\/index.php\/wp-json\/wp\/v2\/posts"}],"about":[{"href":"https:\/\/elprogresivo.mx\/index.php\/wp-json\/wp\/v2\/types\/post"}],"author":[{"embeddable":true,"href":"https:\/\/elprogresivo.mx\/index.php\/wp-json\/wp\/v2\/users\/1"}],"replies":[{"embeddable":true,"href":"https:\/\/elprogresivo.mx\/index.php\/wp-json\/wp\/v2\/comments?post=4785"}],"version-history":[{"count":1,"href":"https:\/\/elprogresivo.mx\/index.php\/wp-json\/wp\/v2\/posts\/4785\/revisions"}],"predecessor-version":[{"id":4787,"href":"https:\/\/elprogresivo.mx\/index.php\/wp-json\/wp\/v2\/posts\/4785\/revisions\/4787"}],"wp:featuredmedia":[{"embeddable":true,"href":"https:\/\/elprogresivo.mx\/index.php\/wp-json\/wp\/v2\/media\/4786"}],"wp:attachment":[{"href":"https:\/\/elprogresivo.mx\/index.php\/wp-json\/wp\/v2\/media?parent=4785"}],"wp:term":[{"taxonomy":"category","embeddable":true,"href":"https:\/\/elprogresivo.mx\/index.php\/wp-json\/wp\/v2\/categories?post=4785"},{"taxonomy":"post_tag","embeddable":true,"href":"https:\/\/elprogresivo.mx\/index.php\/wp-json\/wp\/v2\/tags?post=4785"}],"curies":[{"name":"wp","href":"https:\/\/api.w.org\/{rel}","templated":true}]}}