{"id":4780,"date":"2026-08-31T16:10:13","date_gmt":"2026-08-31T16:10:13","guid":{"rendered":"https:\/\/elprogresivo.mx\/index.php\/2026\/08\/31\/luis-nava-entrega-uniformes-a-choferes-de-transporte-escolar\/"},"modified":"2026-08-31T16:10:13","modified_gmt":"2026-08-31T16:10:13","slug":"luis-nava-entrega-uniformes-a-choferes-de-transporte-escolar","status":"publish","type":"post","link":"https:\/\/elprogresivo.mx\/index.php\/2026\/08\/31\/luis-nava-entrega-uniformes-a-choferes-de-transporte-escolar\/","title":{"rendered":"Luis Nava entrega uniformes a choferes de transporte escolar"},"content":{"rendered":"<p>Luis Nava, secretario de Desarrollo Social en Quer\u00e9taro, entreg\u00f3 uniformes al personal que maneja las unidades del transporte escolar y dio inicio al ciclo 2026-2027 en Villa Progreso, Ezequiel Montes. La acci\u00f3n busca asegurar que los alumnos lleguen a sus clases sin costo y sin riesgos.<\/p>\n<p>Nava explic\u00f3 que la falta de rutas de transporte p\u00fablico o las largas distancias suelen obligar a ni\u00f1os y j\u00f3venes a dejar la escuela. Con este programa, la familia ahorra dinero en pasajes y el estudiante mantiene su asistencia. El servicio cubre a 10 mil 872 alumnos en todo el estado y les da una opci\u00f3n segura para moverse.<\/p>\n<p>El secretario agradeci\u00f3 a los choferes y al equipo operativo por su labor diaria y por responder cuando llueve. &#8220;Nos llena de orgullo porque el Gobernador puede decir que miles de j\u00f3venes, de ni\u00f1as y ni\u00f1os tienen una mejor oportunidad para salir adelante, gracias al programa de Transporte Escolar. Pero es el futuro de esos j\u00f3venes lo que nosotros estamos construyendo todos los d\u00edas. Les quiero agradecer su compromiso y tambi\u00e9n les quiero reconocer que no solamente sacan la chamba, sino que, cuando se necesitan, en momentos como las lluvias, ustedes han estado ah\u00ed&#8221;, dijo.<\/p>\n<p>Ernesto Alonso Mej\u00eda Botello, subsecretario de Desarrollo Comunitario, y Armando Vel\u00e1zquez Ram\u00edrez, director de Desarrollo Comunitario, acompa\u00f1aron a Nava en la entrega simb\u00f3lica de la ropa de trabajo a los empleados.<\/p>\n","protected":false},"excerpt":{"rendered":"<p>Luis Nava, secretario de Desarrollo Social en Quer\u00e9taro, entreg\u00f3 uniformes al personal que maneja las&#8230;<\/p>\n","protected":false},"author":5,"featured_media":4779,"comment_status":"open","ping_status":"open","sticky":false,"template":"","format":"standard","meta":{"om_disable_all_campaigns":false,"_monsterinsights_skip_tracking":false,"footnotes":"","jetpack_publicize_message":"","jetpack_publicize_feature_enabled":true,"jetpack_social_post_already_shared":true,"jetpack_social_options":{"image_generator_settings":{"template":"highway","default_image_id":0,"font":"","enabled":false},"version":2}},"categories":[1],"tags":[876,1802,12,1049,2221],"class_list":["post-4780","post","type-post","status-publish","format-standard","has-post-thumbnail","hentry","category-blog","tag-300-anos-acueducto-queretaro-el-marques","tag-alianza-por-la-educacion-y-la-paz","tag-ezequiel-montes","tag-luis-nava","tag-transporte-escolar"],"aioseo_notices":[],"aioseo_head":"\n\t\t<!-- All in One SEO 5.0.1.1 - aioseo.com -->\n\t<meta name=\"description\" content=\"Luis Nava, secretario de Desarrollo Social en Quer\u00e9taro, entreg\u00f3 uniformes al personal que maneja las unidades del transporte escolar y dio inicio al ciclo 2026-2027 en Villa Progreso, Ezequiel Montes. La acci\u00f3n busca asegurar que los alumnos lleguen a sus clases sin costo y sin riesgos. Nava explic\u00f3 que la falta de rutas de transporte\" \/>\n\t<meta name=\"robots\" content=\"max-image-preview:large\" \/>\n\t<meta name=\"author\" content=\"Staff\"\/>\n\t<link rel=\"canonical\" href=\"https:\/\/elprogresivo.mx\/index.php\/2026\/08\/31\/luis-nava-entrega-uniformes-a-choferes-de-transporte-escolar\/\" \/>\n\t<meta name=\"generator\" content=\"All in One SEO (AIOSEO) 5.0.1.1\" \/>\n\t\t<meta property=\"og:locale\" content=\"es_MX\" \/>\n\t\t<meta property=\"og:site_name\" content=\"elprogresivo.mx - Construimos una nueva etapa en informaci\u00f3n\" \/>\n\t\t<meta property=\"og:type\" content=\"article\" \/>\n\t\t<meta property=\"og:title\" content=\"Luis Nava entrega uniformes a choferes de transporte escolar - elprogresivo.mx\" \/>\n\t\t<meta property=\"og:description\" content=\"Luis Nava, secretario de Desarrollo Social en Quer\u00e9taro, entreg\u00f3 uniformes al personal que maneja las unidades del transporte escolar y dio inicio al ciclo 2026-2027 en Villa Progreso, Ezequiel Montes. La acci\u00f3n busca asegurar que los alumnos lleguen a sus clases sin costo y sin riesgos. Nava explic\u00f3 que la falta de rutas de transporte\" \/>\n\t\t<meta property=\"og:url\" content=\"https:\/\/elprogresivo.mx\/index.php\/2026\/08\/31\/luis-nava-entrega-uniformes-a-choferes-de-transporte-escolar\/\" \/>\n\t\t<meta property=\"og:image\" content=\"https:\/\/elprogresivo.mx\/wp-content\/uploads\/2024\/02\/cropped-LogoBlanco.png\" \/>\n\t\t<meta property=\"og:image:secure_url\" content=\"https:\/\/elprogresivo.mx\/wp-content\/uploads\/2024\/02\/cropped-LogoBlanco.png\" \/>\n\t\t<meta property=\"article:published_time\" content=\"2026-08-31T16:10:13+00:00\" \/>\n\t\t<meta property=\"article:modified_time\" content=\"2026-08-31T16:10:13+00:00\" \/>\n\t\t<meta name=\"twitter:card\" content=\"summary_large_image\" \/>\n\t\t<meta name=\"twitter:title\" content=\"Luis Nava entrega uniformes a choferes de transporte escolar - elprogresivo.mx\" \/>\n\t\t<meta name=\"twitter:description\" content=\"Luis Nava, secretario de Desarrollo Social en Quer\u00e9taro, entreg\u00f3 uniformes al personal que maneja las unidades del transporte escolar y dio inicio al ciclo 2026-2027 en Villa Progreso, Ezequiel Montes. La acci\u00f3n busca asegurar que los alumnos lleguen a sus clases sin costo y sin riesgos. Nava explic\u00f3 que la falta de rutas de transporte\" \/>\n\t\t<meta name=\"twitter:image\" content=\"https:\/\/elprogresivo.mx\/wp-content\/uploads\/2024\/02\/cropped-LogoBlanco.png\" \/>\n\t\t<script type=\"application\/ld+json\" class=\"aioseo-schema\">\n\t\t\t{\"@context\":\"https:\\\/\\\/schema.org\",\"@graph\":[{\"@type\":\"BlogPosting\",\"@id\":\"https:\\\/\\\/elprogresivo.mx\\\/index.php\\\/2026\\\/08\\\/31\\\/luis-nava-entrega-uniformes-a-choferes-de-transporte-escolar\\\/#blogposting\",\"name\":\"Luis Nava entrega uniformes a choferes de transporte escolar - elprogresivo.mx\",\"headline\":\"Luis Nava entrega uniformes a choferes de transporte escolar\",\"author\":{\"@id\":\"https:\\\/\\\/elprogresivo.mx\\\/index.php\\\/author\\\/emmanuel-galvan\\\/#author\"},\"publisher\":{\"@id\":\"https:\\\/\\\/elprogresivo.mx\\\/#organization\"},\"image\":{\"@type\":\"ImageObject\",\"url\":\"https:\\\/\\\/elprogresivo.mx\\\/wp-content\\\/uploads\\\/2026\\\/08\\\/noticia_20260831101006.jpg\",\"width\":1280,\"height\":853},\"datePublished\":\"2026-08-31T16:10:13+00:00\",\"dateModified\":\"2026-08-31T16:10:13+00:00\",\"inLanguage\":\"es-MX\",\"mainEntityOfPage\":{\"@id\":\"https:\\\/\\\/elprogresivo.mx\\\/index.php\\\/2026\\\/08\\\/31\\\/luis-nava-entrega-uniformes-a-choferes-de-transporte-escolar\\\/#webpage\"},\"isPartOf\":{\"@id\":\"https:\\\/\\\/elprogresivo.mx\\\/index.php\\\/2026\\\/08\\\/31\\\/luis-nava-entrega-uniformes-a-choferes-de-transporte-escolar\\\/#webpage\"},\"articleSection\":\"Blog, 300 a\\u00f1os Acueducto Quer\\u00e9taro El Marqu\\u00e9s, Alianza por la Educaci\\u00f3n y la Paz, Ezequiel Montes, Luis Nava, Transporte Escolar\"},{\"@type\":\"BreadcrumbList\",\"@id\":\"https:\\\/\\\/elprogresivo.mx\\\/index.php\\\/2026\\\/08\\\/31\\\/luis-nava-entrega-uniformes-a-choferes-de-transporte-escolar\\\/#breadcrumblist\",\"itemListElement\":[{\"@type\":\"ListItem\",\"@id\":\"https:\\\/\\\/elprogresivo.mx#listItem\",\"position\":1,\"name\":\"Home\",\"item\":\"https:\\\/\\\/elprogresivo.mx\",\"nextItem\":{\"@type\":\"ListItem\",\"@id\":\"https:\\\/\\\/elprogresivo.mx\\\/index.php\\\/category\\\/blog\\\/#listItem\",\"name\":\"Blog\"}},{\"@type\":\"ListItem\",\"@id\":\"https:\\\/\\\/elprogresivo.mx\\\/index.php\\\/category\\\/blog\\\/#listItem\",\"position\":2,\"name\":\"Blog\",\"item\":\"https:\\\/\\\/elprogresivo.mx\\\/index.php\\\/category\\\/blog\\\/\",\"nextItem\":{\"@type\":\"ListItem\",\"@id\":\"https:\\\/\\\/elprogresivo.mx\\\/index.php\\\/2026\\\/08\\\/31\\\/luis-nava-entrega-uniformes-a-choferes-de-transporte-escolar\\\/#listItem\",\"name\":\"Luis Nava entrega uniformes a choferes de transporte escolar\"},\"previousItem\":{\"@type\":\"ListItem\",\"@id\":\"https:\\\/\\\/elprogresivo.mx#listItem\",\"name\":\"Home\"}},{\"@type\":\"ListItem\",\"@id\":\"https:\\\/\\\/elprogresivo.mx\\\/index.php\\\/2026\\\/08\\\/31\\\/luis-nava-entrega-uniformes-a-choferes-de-transporte-escolar\\\/#listItem\",\"position\":3,\"name\":\"Luis Nava entrega uniformes a choferes de transporte escolar\",\"previousItem\":{\"@type\":\"ListItem\",\"@id\":\"https:\\\/\\\/elprogresivo.mx\\\/index.php\\\/category\\\/blog\\\/#listItem\",\"name\":\"Blog\"}}]},{\"@type\":\"Organization\",\"@id\":\"https:\\\/\\\/elprogresivo.mx\\\/#organization\",\"name\":\"elprogresivo.mx\",\"description\":\"Construimos una nueva etapa en informaci\\u00f3n\",\"url\":\"https:\\\/\\\/elprogresivo.mx\\\/\",\"logo\":{\"@type\":\"ImageObject\",\"url\":\"https:\\\/\\\/elprogresivo.mx\\\/wp-content\\\/uploads\\\/2024\\\/02\\\/cropped-LogoBlanco.png\",\"@id\":\"https:\\\/\\\/elprogresivo.mx\\\/index.php\\\/2026\\\/08\\\/31\\\/luis-nava-entrega-uniformes-a-choferes-de-transporte-escolar\\\/#organizationLogo\",\"width\":2096,\"height\":332},\"image\":{\"@id\":\"https:\\\/\\\/elprogresivo.mx\\\/index.php\\\/2026\\\/08\\\/31\\\/luis-nava-entrega-uniformes-a-choferes-de-transporte-escolar\\\/#organizationLogo\"}},{\"@type\":\"Person\",\"@id\":\"https:\\\/\\\/elprogresivo.mx\\\/index.php\\\/author\\\/emmanuel-galvan\\\/#author\",\"url\":\"https:\\\/\\\/elprogresivo.mx\\\/index.php\\\/author\\\/emmanuel-galvan\\\/\",\"name\":\"Staff\",\"image\":{\"@type\":\"ImageObject\",\"@id\":\"https:\\\/\\\/elprogresivo.mx\\\/index.php\\\/2026\\\/08\\\/31\\\/luis-nava-entrega-uniformes-a-choferes-de-transporte-escolar\\\/#authorImage\",\"url\":\"https:\\\/\\\/secure.gravatar.com\\\/avatar\\\/3bb87242634c3adf910515f41e6e392ab758b98c8ee7fd12a54fcb5270441486?s=96&d=mm&r=g\",\"width\":96,\"height\":96,\"caption\":\"Staff\"}},{\"@type\":\"WebPage\",\"@id\":\"https:\\\/\\\/elprogresivo.mx\\\/index.php\\\/2026\\\/08\\\/31\\\/luis-nava-entrega-uniformes-a-choferes-de-transporte-escolar\\\/#webpage\",\"url\":\"https:\\\/\\\/elprogresivo.mx\\\/index.php\\\/2026\\\/08\\\/31\\\/luis-nava-entrega-uniformes-a-choferes-de-transporte-escolar\\\/\",\"name\":\"Luis Nava entrega uniformes a choferes de transporte escolar - elprogresivo.mx\",\"description\":\"Luis Nava, secretario de Desarrollo Social en Quer\\u00e9taro, entreg\\u00f3 uniformes al personal que maneja las unidades del transporte escolar y dio inicio al ciclo 2026-2027 en Villa Progreso, Ezequiel Montes. La acci\\u00f3n busca asegurar que los alumnos lleguen a sus clases sin costo y sin riesgos. Nava explic\\u00f3 que la falta de rutas de transporte\",\"inLanguage\":\"es-MX\",\"isPartOf\":{\"@id\":\"https:\\\/\\\/elprogresivo.mx\\\/#website\"},\"breadcrumb\":{\"@id\":\"https:\\\/\\\/elprogresivo.mx\\\/index.php\\\/2026\\\/08\\\/31\\\/luis-nava-entrega-uniformes-a-choferes-de-transporte-escolar\\\/#breadcrumblist\"},\"author\":{\"@id\":\"https:\\\/\\\/elprogresivo.mx\\\/index.php\\\/author\\\/emmanuel-galvan\\\/#author\"},\"creator\":{\"@id\":\"https:\\\/\\\/elprogresivo.mx\\\/index.php\\\/author\\\/emmanuel-galvan\\\/#author\"},\"image\":{\"@type\":\"ImageObject\",\"url\":\"https:\\\/\\\/elprogresivo.mx\\\/wp-content\\\/uploads\\\/2026\\\/08\\\/noticia_20260831101006.jpg\",\"@id\":\"https:\\\/\\\/elprogresivo.mx\\\/index.php\\\/2026\\\/08\\\/31\\\/luis-nava-entrega-uniformes-a-choferes-de-transporte-escolar\\\/#mainImage\",\"width\":1280,\"height\":853},\"primaryImageOfPage\":{\"@id\":\"https:\\\/\\\/elprogresivo.mx\\\/index.php\\\/2026\\\/08\\\/31\\\/luis-nava-entrega-uniformes-a-choferes-de-transporte-escolar\\\/#mainImage\"},\"datePublished\":\"2026-08-31T16:10:13+00:00\",\"dateModified\":\"2026-08-31T16:10:13+00:00\"},{\"@type\":\"WebSite\",\"@id\":\"https:\\\/\\\/elprogresivo.mx\\\/#website\",\"url\":\"https:\\\/\\\/elprogresivo.mx\\\/\",\"name\":\"elprogresivo.mx\",\"description\":\"Construimos una nueva etapa en informaci\\u00f3n\",\"inLanguage\":\"es-MX\",\"publisher\":{\"@id\":\"https:\\\/\\\/elprogresivo.mx\\\/#organization\"}}]}\n\t\t<\/script>\n\t\t<!-- All in One SEO -->\n\n","aioseo_head_json":{"title":"Luis Nava entrega uniformes a choferes de transporte escolar - elprogresivo.mx","description":"Luis Nava, secretario de Desarrollo Social en Quer\u00e9taro, entreg\u00f3 uniformes al personal que maneja las unidades del transporte escolar y dio inicio al ciclo 2026-2027 en Villa Progreso, Ezequiel Montes. La acci\u00f3n busca asegurar que los alumnos lleguen a sus clases sin costo y sin riesgos. Nava explic\u00f3 que la falta de rutas de transporte","canonical_url":"https:\/\/elprogresivo.mx\/index.php\/2026\/08\/31\/luis-nava-entrega-uniformes-a-choferes-de-transporte-escolar\/","robots":"max-image-preview:large","keywords":"","webmasterTools":{"miscellaneous":""},"schema":{"@context":"https:\/\/schema.org","@graph":[{"@type":"BlogPosting","@id":"https:\/\/elprogresivo.mx\/index.php\/2026\/08\/31\/luis-nava-entrega-uniformes-a-choferes-de-transporte-escolar\/#blogposting","name":"Luis Nava entrega uniformes a choferes de transporte escolar - elprogresivo.mx","headline":"Luis Nava entrega uniformes a choferes de transporte escolar","author":{"@id":"https:\/\/elprogresivo.mx\/index.php\/author\/emmanuel-galvan\/#author"},"publisher":{"@id":"https:\/\/elprogresivo.mx\/#organization"},"image":{"@type":"ImageObject","url":"https:\/\/elprogresivo.mx\/wp-content\/uploads\/2026\/08\/noticia_20260831101006.jpg","width":1280,"height":853},"datePublished":"2026-08-31T16:10:13+00:00","dateModified":"2026-08-31T16:10:13+00:00","inLanguage":"es-MX","mainEntityOfPage":{"@id":"https:\/\/elprogresivo.mx\/index.php\/2026\/08\/31\/luis-nava-entrega-uniformes-a-choferes-de-transporte-escolar\/#webpage"},"isPartOf":{"@id":"https:\/\/elprogresivo.mx\/index.php\/2026\/08\/31\/luis-nava-entrega-uniformes-a-choferes-de-transporte-escolar\/#webpage"},"articleSection":"Blog, 300 a\u00f1os Acueducto Quer\u00e9taro El Marqu\u00e9s, Alianza por la Educaci\u00f3n y la Paz, Ezequiel Montes, Luis Nava, Transporte Escolar"},{"@type":"BreadcrumbList","@id":"https:\/\/elprogresivo.mx\/index.php\/2026\/08\/31\/luis-nava-entrega-uniformes-a-choferes-de-transporte-escolar\/#breadcrumblist","itemListElement":[{"@type":"ListItem","@id":"https:\/\/elprogresivo.mx#listItem","position":1,"name":"Home","item":"https:\/\/elprogresivo.mx","nextItem":{"@type":"ListItem","@id":"https:\/\/elprogresivo.mx\/index.php\/category\/blog\/#listItem","name":"Blog"}},{"@type":"ListItem","@id":"https:\/\/elprogresivo.mx\/index.php\/category\/blog\/#listItem","position":2,"name":"Blog","item":"https:\/\/elprogresivo.mx\/index.php\/category\/blog\/","nextItem":{"@type":"ListItem","@id":"https:\/\/elprogresivo.mx\/index.php\/2026\/08\/31\/luis-nava-entrega-uniformes-a-choferes-de-transporte-escolar\/#listItem","name":"Luis Nava entrega uniformes a choferes de transporte escolar"},"previousItem":{"@type":"ListItem","@id":"https:\/\/elprogresivo.mx#listItem","name":"Home"}},{"@type":"ListItem","@id":"https:\/\/elprogresivo.mx\/index.php\/2026\/08\/31\/luis-nava-entrega-uniformes-a-choferes-de-transporte-escolar\/#listItem","position":3,"name":"Luis Nava entrega uniformes a choferes de transporte escolar","previousItem":{"@type":"ListItem","@id":"https:\/\/elprogresivo.mx\/index.php\/category\/blog\/#listItem","name":"Blog"}}]},{"@type":"Organization","@id":"https:\/\/elprogresivo.mx\/#organization","name":"elprogresivo.mx","description":"Construimos una nueva etapa en informaci\u00f3n","url":"https:\/\/elprogresivo.mx\/","logo":{"@type":"ImageObject","url":"https:\/\/elprogresivo.mx\/wp-content\/uploads\/2024\/02\/cropped-LogoBlanco.png","@id":"https:\/\/elprogresivo.mx\/index.php\/2026\/08\/31\/luis-nava-entrega-uniformes-a-choferes-de-transporte-escolar\/#organizationLogo","width":2096,"height":332},"image":{"@id":"https:\/\/elprogresivo.mx\/index.php\/2026\/08\/31\/luis-nava-entrega-uniformes-a-choferes-de-transporte-escolar\/#organizationLogo"}},{"@type":"Person","@id":"https:\/\/elprogresivo.mx\/index.php\/author\/emmanuel-galvan\/#author","url":"https:\/\/elprogresivo.mx\/index.php\/author\/emmanuel-galvan\/","name":"Staff","image":{"@type":"ImageObject","@id":"https:\/\/elprogresivo.mx\/index.php\/2026\/08\/31\/luis-nava-entrega-uniformes-a-choferes-de-transporte-escolar\/#authorImage","url":"https:\/\/secure.gravatar.com\/avatar\/3bb87242634c3adf910515f41e6e392ab758b98c8ee7fd12a54fcb5270441486?s=96&d=mm&r=g","width":96,"height":96,"caption":"Staff"}},{"@type":"WebPage","@id":"https:\/\/elprogresivo.mx\/index.php\/2026\/08\/31\/luis-nava-entrega-uniformes-a-choferes-de-transporte-escolar\/#webpage","url":"https:\/\/elprogresivo.mx\/index.php\/2026\/08\/31\/luis-nava-entrega-uniformes-a-choferes-de-transporte-escolar\/","name":"Luis Nava entrega uniformes a choferes de transporte escolar - elprogresivo.mx","description":"Luis Nava, secretario de Desarrollo Social en Quer\u00e9taro, entreg\u00f3 uniformes al personal que maneja las unidades del transporte escolar y dio inicio al ciclo 2026-2027 en Villa Progreso, Ezequiel Montes. La acci\u00f3n busca asegurar que los alumnos lleguen a sus clases sin costo y sin riesgos. Nava explic\u00f3 que la falta de rutas de transporte","inLanguage":"es-MX","isPartOf":{"@id":"https:\/\/elprogresivo.mx\/#website"},"breadcrumb":{"@id":"https:\/\/elprogresivo.mx\/index.php\/2026\/08\/31\/luis-nava-entrega-uniformes-a-choferes-de-transporte-escolar\/#breadcrumblist"},"author":{"@id":"https:\/\/elprogresivo.mx\/index.php\/author\/emmanuel-galvan\/#author"},"creator":{"@id":"https:\/\/elprogresivo.mx\/index.php\/author\/emmanuel-galvan\/#author"},"image":{"@type":"ImageObject","url":"https:\/\/elprogresivo.mx\/wp-content\/uploads\/2026\/08\/noticia_20260831101006.jpg","@id":"https:\/\/elprogresivo.mx\/index.php\/2026\/08\/31\/luis-nava-entrega-uniformes-a-choferes-de-transporte-escolar\/#mainImage","width":1280,"height":853},"primaryImageOfPage":{"@id":"https:\/\/elprogresivo.mx\/index.php\/2026\/08\/31\/luis-nava-entrega-uniformes-a-choferes-de-transporte-escolar\/#mainImage"},"datePublished":"2026-08-31T16:10:13+00:00","dateModified":"2026-08-31T16:10:13+00:00"},{"@type":"WebSite","@id":"https:\/\/elprogresivo.mx\/#website","url":"https:\/\/elprogresivo.mx\/","name":"elprogresivo.mx","description":"Construimos una nueva etapa en informaci\u00f3n","inLanguage":"es-MX","publisher":{"@id":"https:\/\/elprogresivo.mx\/#organization"}}]},"og:locale":"es_MX","og:site_name":"elprogresivo.mx - Construimos una nueva etapa en informaci\u00f3n","og:type":"article","og:title":"Luis Nava entrega uniformes a choferes de transporte escolar - elprogresivo.mx","og:description":"Luis Nava, secretario de Desarrollo Social en Quer\u00e9taro, entreg\u00f3 uniformes al personal que maneja las unidades del transporte escolar y dio inicio al ciclo 2026-2027 en Villa Progreso, Ezequiel Montes. La acci\u00f3n busca asegurar que los alumnos lleguen a sus clases sin costo y sin riesgos. Nava explic\u00f3 que la falta de rutas de transporte","og:url":"https:\/\/elprogresivo.mx\/index.php\/2026\/08\/31\/luis-nava-entrega-uniformes-a-choferes-de-transporte-escolar\/","og:image":"https:\/\/elprogresivo.mx\/wp-content\/uploads\/2024\/02\/cropped-LogoBlanco.png","og:image:secure_url":"https:\/\/elprogresivo.mx\/wp-content\/uploads\/2024\/02\/cropped-LogoBlanco.png","article:published_time":"2026-08-31T16:10:13+00:00","article:modified_time":"2026-08-31T16:10:13+00:00","twitter:card":"summary_large_image","twitter:title":"Luis Nava entrega uniformes a choferes de transporte escolar - elprogresivo.mx","twitter:description":"Luis Nava, secretario de Desarrollo Social en Quer\u00e9taro, entreg\u00f3 uniformes al personal que maneja las unidades del transporte escolar y dio inicio al ciclo 2026-2027 en Villa Progreso, Ezequiel Montes. La acci\u00f3n busca asegurar que los alumnos lleguen a sus clases sin costo y sin riesgos. Nava explic\u00f3 que la falta de rutas de transporte","twitter:image":"https:\/\/elprogresivo.mx\/wp-content\/uploads\/2024\/02\/cropped-LogoBlanco.png"},"aioseo_meta_data":{"post_id":"4780","title":null,"description":null,"keywords":null,"keyphrases":{"focus":[],"additional":[]},"primary_term":null,"canonical_url":null,"og_title":null,"og_description":null,"og_object_type":"default","og_image_type":"default","og_image_url":null,"og_image_width":null,"og_image_height":null,"og_image_custom_url":null,"og_image_custom_fields":null,"og_video":null,"og_custom_url":null,"og_article_section":null,"og_article_tags":null,"twitter_use_og":false,"twitter_card":"default","twitter_image_type":"default","twitter_image_url":null,"twitter_image_custom_url":null,"twitter_image_custom_fields":null,"twitter_title":null,"twitter_description":null,"schema":{"blockGraphs":[],"customGraphs":[],"default":{"data":{"Article":[],"Course":[],"Dataset":[],"FAQPage":[],"Movie":[],"Person":[],"Product":[],"ProductReview":[],"Car":[],"Recipe":[],"Service":[],"SoftwareApplication":[],"WebPage":[]},"graphName":"","isEnabled":true},"graphs":[]},"schema_type":"default","schema_type_options":null,"pillar_content":false,"robots_default":true,"robots_noindex":false,"robots_noarchive":false,"robots_nosnippet":false,"robots_nofollow":false,"robots_noimageindex":false,"robots_noodp":false,"robots_notranslate":false,"robots_max_snippet":null,"robots_max_videopreview":null,"robots_max_imagepreview":"large","priority":null,"frequency":null,"local_seo":null,"limit_modified_date":false,"created":"2026-08-31 16:34:38","updated":"2026-08-31 16:57:49","ai":null,"breadcrumb_settings":null,"seo_analyzer_scan_date":null,"focus_keyword":null,"additional_keywords":null,"truseo_locale":null},"aioseo_breadcrumb":"<div class=\"aioseo-breadcrumbs\"><span class=\"aioseo-breadcrumb\">\n\t\t\t<a href=\"https:\/\/elprogresivo.mx\" title=\"Home\">Home<\/a>\n\t\t<\/span><span class=\"aioseo-breadcrumb-separator\">&raquo;<\/span><span class=\"aioseo-breadcrumb\">\n\t\t\t<a href=\"https:\/\/elprogresivo.mx\/index.php\/category\/blog\/\" title=\"Blog\">Blog<\/a>\n\t\t<\/span><span class=\"aioseo-breadcrumb-separator\">&raquo;<\/span><span class=\"aioseo-breadcrumb\">\n\t\t\tLuis Nava entrega uniformes a choferes de transporte escolar\n\t\t<\/span><\/div>","aioseo_breadcrumb_json":[{"label":"Home","link":"https:\/\/elprogresivo.mx"},{"label":"Blog","link":"https:\/\/elprogresivo.mx\/index.php\/category\/blog\/"},{"label":"Luis Nava entrega uniformes a choferes de transporte escolar","link":"https:\/\/elprogresivo.mx\/index.php\/2026\/08\/31\/luis-nava-entrega-uniformes-a-choferes-de-transporte-escolar\/"}],"jetpack_publicize_connections":[],"_links":{"self":[{"href":"https:\/\/elprogresivo.mx\/index.php\/wp-json\/wp\/v2\/posts\/4780","targetHints":{"allow":["GET"]}}],"collection":[{"href":"https:\/\/elprogresivo.mx\/index.php\/wp-json\/wp\/v2\/posts"}],"about":[{"href":"https:\/\/elprogresivo.mx\/index.php\/wp-json\/wp\/v2\/types\/post"}],"author":[{"embeddable":true,"href":"https:\/\/elprogresivo.mx\/index.php\/wp-json\/wp\/v2\/users\/5"}],"replies":[{"embeddable":true,"href":"https:\/\/elprogresivo.mx\/index.php\/wp-json\/wp\/v2\/comments?post=4780"}],"version-history":[{"count":0,"href":"https:\/\/elprogresivo.mx\/index.php\/wp-json\/wp\/v2\/posts\/4780\/revisions"}],"wp:featuredmedia":[{"embeddable":true,"href":"https:\/\/elprogresivo.mx\/index.php\/wp-json\/wp\/v2\/media\/4779"}],"wp:attachment":[{"href":"https:\/\/elprogresivo.mx\/index.php\/wp-json\/wp\/v2\/media?parent=4780"}],"wp:term":[{"taxonomy":"category","embeddable":true,"href":"https:\/\/elprogresivo.mx\/index.php\/wp-json\/wp\/v2\/categories?post=4780"},{"taxonomy":"post_tag","embeddable":true,"href":"https:\/\/elprogresivo.mx\/index.php\/wp-json\/wp\/v2\/tags?post=4780"}],"curies":[{"name":"wp","href":"https:\/\/api.w.org\/{rel}","templated":true}]}}