{"id":4776,"date":"2026-08-31T16:09:17","date_gmt":"2026-08-31T16:09:17","guid":{"rendered":"https:\/\/elprogresivo.mx\/index.php\/2026\/08\/31\/597-reclusos-en-queretaro-reciben-constancias-educativas\/"},"modified":"2026-08-31T16:09:17","modified_gmt":"2026-08-31T16:09:17","slug":"597-reclusos-en-queretaro-reciben-constancias-educativas","status":"publish","type":"post","link":"https:\/\/elprogresivo.mx\/index.php\/2026\/08\/31\/597-reclusos-en-queretaro-reciben-constancias-educativas\/","title":{"rendered":"597 reclusos en Quer\u00e9taro reciben constancias educativas"},"content":{"rendered":"<p>Casi 600 personas privadas de la libertad en Quer\u00e9taro recibieron constancias acad\u00e9micas, art\u00edsticas o cient\u00edficas en una ceremonia de graduaci\u00f3n organizada por la Comisi\u00f3n Estatal del Sistema Penitenciario (CESPQ). Este evento marca el cierre de ciclos de estudio para quienes buscan herramientas concretas al salir de los cuatro centros penitenciarios del estado.<\/p>\n<p>La UNAM Juriquilla se sum\u00f3 este a\u00f1o a la oferta educativa dentro de las c\u00e1rceles. Junto con el INEA, el COBAQ y la Escuela de Iniciaci\u00f3n Art\u00edstica del INBAL, la universidad entreg\u00f3 diplomas por cursos de divulgaci\u00f3n cient\u00edfica y educaci\u00f3n continua. Antes, la formaci\u00f3n se limitaba a primaria, secundaria, bachillerato y talleres de arte.<\/p>\n<p>El gobernador Mauricio Kuri Gonz\u00e1lez explic\u00f3 que dar acceso a estas materias no es solo un tr\u00e1mite. &#8220;Para el gobernador, Mauricio Kuri Gonz\u00e1lez, fortalecer el sistema penitenciario tambi\u00e9n significa generar condiciones para que las personas desarrollen nuevas capacidades y construyan proyectos de vida&#8221;. La idea es que el conocimiento sirva para insertarse de nuevo en la sociedad con opciones reales de trabajo o estudio.<\/p>\n","protected":false},"excerpt":{"rendered":"<p>Casi 600 personas privadas de la libertad en Quer\u00e9taro recibieron constancias acad\u00e9micas, art\u00edsticas o cient\u00edficas&#8230;<\/p>\n","protected":false},"author":5,"featured_media":4775,"comment_status":"open","ping_status":"open","sticky":false,"template":"","format":"standard","meta":{"om_disable_all_campaigns":false,"_monsterinsights_skip_tracking":false,"footnotes":"","jetpack_publicize_message":"","jetpack_publicize_feature_enabled":true,"jetpack_social_post_already_shared":true,"jetpack_social_options":{"image_generator_settings":{"template":"highway","default_image_id":0,"font":"","enabled":false},"version":2}},"categories":[1,71],"tags":[876,1802,255,252,2761],"class_list":["post-4776","post","type-post","status-publish","format-standard","has-post-thumbnail","hentry","category-blog","category-principal","tag-300-anos-acueducto-queretaro-el-marques","tag-alianza-por-la-educacion-y-la-paz","tag-protocolo-reinsercion-social-queretaro","tag-sistema-penitenciario-queretaro","tag-unam"],"aioseo_notices":[],"aioseo_head":"\n\t\t<!-- All in One SEO 5.0.1.1 - aioseo.com -->\n\t<meta name=\"description\" content=\"Casi 600 personas privadas de la libertad en Quer\u00e9taro recibieron constancias acad\u00e9micas, art\u00edsticas o cient\u00edficas en una ceremonia de graduaci\u00f3n organizada por la Comisi\u00f3n Estatal del Sistema Penitenciario (CESPQ). Este evento marca el cierre de ciclos de estudio para quienes buscan herramientas concretas al salir de los cuatro centros penitenciarios del estado. La UNAM Juriquilla\" \/>\n\t<meta name=\"robots\" content=\"max-image-preview:large\" \/>\n\t<meta name=\"author\" content=\"Staff\"\/>\n\t<link rel=\"canonical\" href=\"https:\/\/elprogresivo.mx\/index.php\/2026\/08\/31\/597-reclusos-en-queretaro-reciben-constancias-educativas\/\" \/>\n\t<meta name=\"generator\" content=\"All in One SEO (AIOSEO) 5.0.1.1\" \/>\n\t\t<meta property=\"og:locale\" content=\"es_MX\" \/>\n\t\t<meta property=\"og:site_name\" content=\"elprogresivo.mx - Construimos una nueva etapa en informaci\u00f3n\" \/>\n\t\t<meta property=\"og:type\" content=\"article\" \/>\n\t\t<meta property=\"og:title\" content=\"597 reclusos en Quer\u00e9taro reciben constancias educativas - elprogresivo.mx\" \/>\n\t\t<meta property=\"og:description\" content=\"Casi 600 personas privadas de la libertad en Quer\u00e9taro recibieron constancias acad\u00e9micas, art\u00edsticas o cient\u00edficas en una ceremonia de graduaci\u00f3n organizada por la Comisi\u00f3n Estatal del Sistema Penitenciario (CESPQ). Este evento marca el cierre de ciclos de estudio para quienes buscan herramientas concretas al salir de los cuatro centros penitenciarios del estado. La UNAM Juriquilla\" \/>\n\t\t<meta property=\"og:url\" content=\"https:\/\/elprogresivo.mx\/index.php\/2026\/08\/31\/597-reclusos-en-queretaro-reciben-constancias-educativas\/\" \/>\n\t\t<meta property=\"og:image\" content=\"https:\/\/elprogresivo.mx\/wp-content\/uploads\/2024\/02\/cropped-LogoBlanco.png\" \/>\n\t\t<meta property=\"og:image:secure_url\" content=\"https:\/\/elprogresivo.mx\/wp-content\/uploads\/2024\/02\/cropped-LogoBlanco.png\" \/>\n\t\t<meta property=\"article:published_time\" content=\"2026-08-31T16:09:17+00:00\" \/>\n\t\t<meta property=\"article:modified_time\" content=\"2026-08-31T16:09:17+00:00\" \/>\n\t\t<meta name=\"twitter:card\" content=\"summary_large_image\" \/>\n\t\t<meta name=\"twitter:title\" content=\"597 reclusos en Quer\u00e9taro reciben constancias educativas - elprogresivo.mx\" \/>\n\t\t<meta name=\"twitter:description\" content=\"Casi 600 personas privadas de la libertad en Quer\u00e9taro recibieron constancias acad\u00e9micas, art\u00edsticas o cient\u00edficas en una ceremonia de graduaci\u00f3n organizada por la Comisi\u00f3n Estatal del Sistema Penitenciario (CESPQ). Este evento marca el cierre de ciclos de estudio para quienes buscan herramientas concretas al salir de los cuatro centros penitenciarios del estado. La UNAM Juriquilla\" \/>\n\t\t<meta name=\"twitter:image\" content=\"https:\/\/elprogresivo.mx\/wp-content\/uploads\/2024\/02\/cropped-LogoBlanco.png\" \/>\n\t\t<script type=\"application\/ld+json\" class=\"aioseo-schema\">\n\t\t\t{\"@context\":\"https:\\\/\\\/schema.org\",\"@graph\":[{\"@type\":\"BlogPosting\",\"@id\":\"https:\\\/\\\/elprogresivo.mx\\\/index.php\\\/2026\\\/08\\\/31\\\/597-reclusos-en-queretaro-reciben-constancias-educativas\\\/#blogposting\",\"name\":\"597 reclusos en Quer\\u00e9taro reciben constancias educativas - elprogresivo.mx\",\"headline\":\"597 reclusos en Quer\\u00e9taro reciben constancias educativas\",\"author\":{\"@id\":\"https:\\\/\\\/elprogresivo.mx\\\/index.php\\\/author\\\/emmanuel-galvan\\\/#author\"},\"publisher\":{\"@id\":\"https:\\\/\\\/elprogresivo.mx\\\/#organization\"},\"image\":{\"@type\":\"ImageObject\",\"url\":\"https:\\\/\\\/elprogresivo.mx\\\/wp-content\\\/uploads\\\/2026\\\/08\\\/noticia_20260831100910.jpg\",\"width\":1280,\"height\":960},\"datePublished\":\"2026-08-31T16:09:17+00:00\",\"dateModified\":\"2026-08-31T16:09:17+00:00\",\"inLanguage\":\"es-MX\",\"mainEntityOfPage\":{\"@id\":\"https:\\\/\\\/elprogresivo.mx\\\/index.php\\\/2026\\\/08\\\/31\\\/597-reclusos-en-queretaro-reciben-constancias-educativas\\\/#webpage\"},\"isPartOf\":{\"@id\":\"https:\\\/\\\/elprogresivo.mx\\\/index.php\\\/2026\\\/08\\\/31\\\/597-reclusos-en-queretaro-reciben-constancias-educativas\\\/#webpage\"},\"articleSection\":\"Blog, Principal, 300 a\\u00f1os Acueducto Quer\\u00e9taro El Marqu\\u00e9s, Alianza por la Educaci\\u00f3n y la Paz, protocolo reinserci\\u00f3n social Quer\\u00e9taro, sistema penitenciario Quer\\u00e9taro, UNAM\"},{\"@type\":\"BreadcrumbList\",\"@id\":\"https:\\\/\\\/elprogresivo.mx\\\/index.php\\\/2026\\\/08\\\/31\\\/597-reclusos-en-queretaro-reciben-constancias-educativas\\\/#breadcrumblist\",\"itemListElement\":[{\"@type\":\"ListItem\",\"@id\":\"https:\\\/\\\/elprogresivo.mx#listItem\",\"position\":1,\"name\":\"Home\",\"item\":\"https:\\\/\\\/elprogresivo.mx\",\"nextItem\":{\"@type\":\"ListItem\",\"@id\":\"https:\\\/\\\/elprogresivo.mx\\\/index.php\\\/category\\\/blog\\\/#listItem\",\"name\":\"Blog\"}},{\"@type\":\"ListItem\",\"@id\":\"https:\\\/\\\/elprogresivo.mx\\\/index.php\\\/category\\\/blog\\\/#listItem\",\"position\":2,\"name\":\"Blog\",\"item\":\"https:\\\/\\\/elprogresivo.mx\\\/index.php\\\/category\\\/blog\\\/\",\"nextItem\":{\"@type\":\"ListItem\",\"@id\":\"https:\\\/\\\/elprogresivo.mx\\\/index.php\\\/2026\\\/08\\\/31\\\/597-reclusos-en-queretaro-reciben-constancias-educativas\\\/#listItem\",\"name\":\"597 reclusos en Quer\\u00e9taro reciben constancias educativas\"},\"previousItem\":{\"@type\":\"ListItem\",\"@id\":\"https:\\\/\\\/elprogresivo.mx#listItem\",\"name\":\"Home\"}},{\"@type\":\"ListItem\",\"@id\":\"https:\\\/\\\/elprogresivo.mx\\\/index.php\\\/2026\\\/08\\\/31\\\/597-reclusos-en-queretaro-reciben-constancias-educativas\\\/#listItem\",\"position\":3,\"name\":\"597 reclusos en Quer\\u00e9taro reciben constancias educativas\",\"previousItem\":{\"@type\":\"ListItem\",\"@id\":\"https:\\\/\\\/elprogresivo.mx\\\/index.php\\\/category\\\/blog\\\/#listItem\",\"name\":\"Blog\"}}]},{\"@type\":\"Organization\",\"@id\":\"https:\\\/\\\/elprogresivo.mx\\\/#organization\",\"name\":\"elprogresivo.mx\",\"description\":\"Construimos una nueva etapa en informaci\\u00f3n\",\"url\":\"https:\\\/\\\/elprogresivo.mx\\\/\",\"logo\":{\"@type\":\"ImageObject\",\"url\":\"https:\\\/\\\/elprogresivo.mx\\\/wp-content\\\/uploads\\\/2024\\\/02\\\/cropped-LogoBlanco.png\",\"@id\":\"https:\\\/\\\/elprogresivo.mx\\\/index.php\\\/2026\\\/08\\\/31\\\/597-reclusos-en-queretaro-reciben-constancias-educativas\\\/#organizationLogo\",\"width\":2096,\"height\":332},\"image\":{\"@id\":\"https:\\\/\\\/elprogresivo.mx\\\/index.php\\\/2026\\\/08\\\/31\\\/597-reclusos-en-queretaro-reciben-constancias-educativas\\\/#organizationLogo\"}},{\"@type\":\"Person\",\"@id\":\"https:\\\/\\\/elprogresivo.mx\\\/index.php\\\/author\\\/emmanuel-galvan\\\/#author\",\"url\":\"https:\\\/\\\/elprogresivo.mx\\\/index.php\\\/author\\\/emmanuel-galvan\\\/\",\"name\":\"Staff\",\"image\":{\"@type\":\"ImageObject\",\"@id\":\"https:\\\/\\\/elprogresivo.mx\\\/index.php\\\/2026\\\/08\\\/31\\\/597-reclusos-en-queretaro-reciben-constancias-educativas\\\/#authorImage\",\"url\":\"https:\\\/\\\/secure.gravatar.com\\\/avatar\\\/3bb87242634c3adf910515f41e6e392ab758b98c8ee7fd12a54fcb5270441486?s=96&d=mm&r=g\",\"width\":96,\"height\":96,\"caption\":\"Staff\"}},{\"@type\":\"WebPage\",\"@id\":\"https:\\\/\\\/elprogresivo.mx\\\/index.php\\\/2026\\\/08\\\/31\\\/597-reclusos-en-queretaro-reciben-constancias-educativas\\\/#webpage\",\"url\":\"https:\\\/\\\/elprogresivo.mx\\\/index.php\\\/2026\\\/08\\\/31\\\/597-reclusos-en-queretaro-reciben-constancias-educativas\\\/\",\"name\":\"597 reclusos en Quer\\u00e9taro reciben constancias educativas - elprogresivo.mx\",\"description\":\"Casi 600 personas privadas de la libertad en Quer\\u00e9taro recibieron constancias acad\\u00e9micas, art\\u00edsticas o cient\\u00edficas en una ceremonia de graduaci\\u00f3n organizada por la Comisi\\u00f3n Estatal del Sistema Penitenciario (CESPQ). Este evento marca el cierre de ciclos de estudio para quienes buscan herramientas concretas al salir de los cuatro centros penitenciarios del estado. La UNAM Juriquilla\",\"inLanguage\":\"es-MX\",\"isPartOf\":{\"@id\":\"https:\\\/\\\/elprogresivo.mx\\\/#website\"},\"breadcrumb\":{\"@id\":\"https:\\\/\\\/elprogresivo.mx\\\/index.php\\\/2026\\\/08\\\/31\\\/597-reclusos-en-queretaro-reciben-constancias-educativas\\\/#breadcrumblist\"},\"author\":{\"@id\":\"https:\\\/\\\/elprogresivo.mx\\\/index.php\\\/author\\\/emmanuel-galvan\\\/#author\"},\"creator\":{\"@id\":\"https:\\\/\\\/elprogresivo.mx\\\/index.php\\\/author\\\/emmanuel-galvan\\\/#author\"},\"image\":{\"@type\":\"ImageObject\",\"url\":\"https:\\\/\\\/elprogresivo.mx\\\/wp-content\\\/uploads\\\/2026\\\/08\\\/noticia_20260831100910.jpg\",\"@id\":\"https:\\\/\\\/elprogresivo.mx\\\/index.php\\\/2026\\\/08\\\/31\\\/597-reclusos-en-queretaro-reciben-constancias-educativas\\\/#mainImage\",\"width\":1280,\"height\":960},\"primaryImageOfPage\":{\"@id\":\"https:\\\/\\\/elprogresivo.mx\\\/index.php\\\/2026\\\/08\\\/31\\\/597-reclusos-en-queretaro-reciben-constancias-educativas\\\/#mainImage\"},\"datePublished\":\"2026-08-31T16:09:17+00:00\",\"dateModified\":\"2026-08-31T16:09:17+00:00\"},{\"@type\":\"WebSite\",\"@id\":\"https:\\\/\\\/elprogresivo.mx\\\/#website\",\"url\":\"https:\\\/\\\/elprogresivo.mx\\\/\",\"name\":\"elprogresivo.mx\",\"description\":\"Construimos una nueva etapa en informaci\\u00f3n\",\"inLanguage\":\"es-MX\",\"publisher\":{\"@id\":\"https:\\\/\\\/elprogresivo.mx\\\/#organization\"}}]}\n\t\t<\/script>\n\t\t<!-- All in One SEO -->\n\n","aioseo_head_json":{"title":"597 reclusos en Quer\u00e9taro reciben constancias educativas - elprogresivo.mx","description":"Casi 600 personas privadas de la libertad en Quer\u00e9taro recibieron constancias acad\u00e9micas, art\u00edsticas o cient\u00edficas en una ceremonia de graduaci\u00f3n organizada por la Comisi\u00f3n Estatal del Sistema Penitenciario (CESPQ). Este evento marca el cierre de ciclos de estudio para quienes buscan herramientas concretas al salir de los cuatro centros penitenciarios del estado. La UNAM Juriquilla","canonical_url":"https:\/\/elprogresivo.mx\/index.php\/2026\/08\/31\/597-reclusos-en-queretaro-reciben-constancias-educativas\/","robots":"max-image-preview:large","keywords":"","webmasterTools":{"miscellaneous":""},"schema":{"@context":"https:\/\/schema.org","@graph":[{"@type":"BlogPosting","@id":"https:\/\/elprogresivo.mx\/index.php\/2026\/08\/31\/597-reclusos-en-queretaro-reciben-constancias-educativas\/#blogposting","name":"597 reclusos en Quer\u00e9taro reciben constancias educativas - elprogresivo.mx","headline":"597 reclusos en Quer\u00e9taro reciben constancias educativas","author":{"@id":"https:\/\/elprogresivo.mx\/index.php\/author\/emmanuel-galvan\/#author"},"publisher":{"@id":"https:\/\/elprogresivo.mx\/#organization"},"image":{"@type":"ImageObject","url":"https:\/\/elprogresivo.mx\/wp-content\/uploads\/2026\/08\/noticia_20260831100910.jpg","width":1280,"height":960},"datePublished":"2026-08-31T16:09:17+00:00","dateModified":"2026-08-31T16:09:17+00:00","inLanguage":"es-MX","mainEntityOfPage":{"@id":"https:\/\/elprogresivo.mx\/index.php\/2026\/08\/31\/597-reclusos-en-queretaro-reciben-constancias-educativas\/#webpage"},"isPartOf":{"@id":"https:\/\/elprogresivo.mx\/index.php\/2026\/08\/31\/597-reclusos-en-queretaro-reciben-constancias-educativas\/#webpage"},"articleSection":"Blog, Principal, 300 a\u00f1os Acueducto Quer\u00e9taro El Marqu\u00e9s, Alianza por la Educaci\u00f3n y la Paz, protocolo reinserci\u00f3n social Quer\u00e9taro, sistema penitenciario Quer\u00e9taro, UNAM"},{"@type":"BreadcrumbList","@id":"https:\/\/elprogresivo.mx\/index.php\/2026\/08\/31\/597-reclusos-en-queretaro-reciben-constancias-educativas\/#breadcrumblist","itemListElement":[{"@type":"ListItem","@id":"https:\/\/elprogresivo.mx#listItem","position":1,"name":"Home","item":"https:\/\/elprogresivo.mx","nextItem":{"@type":"ListItem","@id":"https:\/\/elprogresivo.mx\/index.php\/category\/blog\/#listItem","name":"Blog"}},{"@type":"ListItem","@id":"https:\/\/elprogresivo.mx\/index.php\/category\/blog\/#listItem","position":2,"name":"Blog","item":"https:\/\/elprogresivo.mx\/index.php\/category\/blog\/","nextItem":{"@type":"ListItem","@id":"https:\/\/elprogresivo.mx\/index.php\/2026\/08\/31\/597-reclusos-en-queretaro-reciben-constancias-educativas\/#listItem","name":"597 reclusos en Quer\u00e9taro reciben constancias educativas"},"previousItem":{"@type":"ListItem","@id":"https:\/\/elprogresivo.mx#listItem","name":"Home"}},{"@type":"ListItem","@id":"https:\/\/elprogresivo.mx\/index.php\/2026\/08\/31\/597-reclusos-en-queretaro-reciben-constancias-educativas\/#listItem","position":3,"name":"597 reclusos en Quer\u00e9taro reciben constancias educativas","previousItem":{"@type":"ListItem","@id":"https:\/\/elprogresivo.mx\/index.php\/category\/blog\/#listItem","name":"Blog"}}]},{"@type":"Organization","@id":"https:\/\/elprogresivo.mx\/#organization","name":"elprogresivo.mx","description":"Construimos una nueva etapa en informaci\u00f3n","url":"https:\/\/elprogresivo.mx\/","logo":{"@type":"ImageObject","url":"https:\/\/elprogresivo.mx\/wp-content\/uploads\/2024\/02\/cropped-LogoBlanco.png","@id":"https:\/\/elprogresivo.mx\/index.php\/2026\/08\/31\/597-reclusos-en-queretaro-reciben-constancias-educativas\/#organizationLogo","width":2096,"height":332},"image":{"@id":"https:\/\/elprogresivo.mx\/index.php\/2026\/08\/31\/597-reclusos-en-queretaro-reciben-constancias-educativas\/#organizationLogo"}},{"@type":"Person","@id":"https:\/\/elprogresivo.mx\/index.php\/author\/emmanuel-galvan\/#author","url":"https:\/\/elprogresivo.mx\/index.php\/author\/emmanuel-galvan\/","name":"Staff","image":{"@type":"ImageObject","@id":"https:\/\/elprogresivo.mx\/index.php\/2026\/08\/31\/597-reclusos-en-queretaro-reciben-constancias-educativas\/#authorImage","url":"https:\/\/secure.gravatar.com\/avatar\/3bb87242634c3adf910515f41e6e392ab758b98c8ee7fd12a54fcb5270441486?s=96&d=mm&r=g","width":96,"height":96,"caption":"Staff"}},{"@type":"WebPage","@id":"https:\/\/elprogresivo.mx\/index.php\/2026\/08\/31\/597-reclusos-en-queretaro-reciben-constancias-educativas\/#webpage","url":"https:\/\/elprogresivo.mx\/index.php\/2026\/08\/31\/597-reclusos-en-queretaro-reciben-constancias-educativas\/","name":"597 reclusos en Quer\u00e9taro reciben constancias educativas - elprogresivo.mx","description":"Casi 600 personas privadas de la libertad en Quer\u00e9taro recibieron constancias acad\u00e9micas, art\u00edsticas o cient\u00edficas en una ceremonia de graduaci\u00f3n organizada por la Comisi\u00f3n Estatal del Sistema Penitenciario (CESPQ). Este evento marca el cierre de ciclos de estudio para quienes buscan herramientas concretas al salir de los cuatro centros penitenciarios del estado. La UNAM Juriquilla","inLanguage":"es-MX","isPartOf":{"@id":"https:\/\/elprogresivo.mx\/#website"},"breadcrumb":{"@id":"https:\/\/elprogresivo.mx\/index.php\/2026\/08\/31\/597-reclusos-en-queretaro-reciben-constancias-educativas\/#breadcrumblist"},"author":{"@id":"https:\/\/elprogresivo.mx\/index.php\/author\/emmanuel-galvan\/#author"},"creator":{"@id":"https:\/\/elprogresivo.mx\/index.php\/author\/emmanuel-galvan\/#author"},"image":{"@type":"ImageObject","url":"https:\/\/elprogresivo.mx\/wp-content\/uploads\/2026\/08\/noticia_20260831100910.jpg","@id":"https:\/\/elprogresivo.mx\/index.php\/2026\/08\/31\/597-reclusos-en-queretaro-reciben-constancias-educativas\/#mainImage","width":1280,"height":960},"primaryImageOfPage":{"@id":"https:\/\/elprogresivo.mx\/index.php\/2026\/08\/31\/597-reclusos-en-queretaro-reciben-constancias-educativas\/#mainImage"},"datePublished":"2026-08-31T16:09:17+00:00","dateModified":"2026-08-31T16:09:17+00:00"},{"@type":"WebSite","@id":"https:\/\/elprogresivo.mx\/#website","url":"https:\/\/elprogresivo.mx\/","name":"elprogresivo.mx","description":"Construimos una nueva etapa en informaci\u00f3n","inLanguage":"es-MX","publisher":{"@id":"https:\/\/elprogresivo.mx\/#organization"}}]},"og:locale":"es_MX","og:site_name":"elprogresivo.mx - Construimos una nueva etapa en informaci\u00f3n","og:type":"article","og:title":"597 reclusos en Quer\u00e9taro reciben constancias educativas - elprogresivo.mx","og:description":"Casi 600 personas privadas de la libertad en Quer\u00e9taro recibieron constancias acad\u00e9micas, art\u00edsticas o cient\u00edficas en una ceremonia de graduaci\u00f3n organizada por la Comisi\u00f3n Estatal del Sistema Penitenciario (CESPQ). Este evento marca el cierre de ciclos de estudio para quienes buscan herramientas concretas al salir de los cuatro centros penitenciarios del estado. La UNAM Juriquilla","og:url":"https:\/\/elprogresivo.mx\/index.php\/2026\/08\/31\/597-reclusos-en-queretaro-reciben-constancias-educativas\/","og:image":"https:\/\/elprogresivo.mx\/wp-content\/uploads\/2024\/02\/cropped-LogoBlanco.png","og:image:secure_url":"https:\/\/elprogresivo.mx\/wp-content\/uploads\/2024\/02\/cropped-LogoBlanco.png","article:published_time":"2026-08-31T16:09:17+00:00","article:modified_time":"2026-08-31T16:09:17+00:00","twitter:card":"summary_large_image","twitter:title":"597 reclusos en Quer\u00e9taro reciben constancias educativas - elprogresivo.mx","twitter:description":"Casi 600 personas privadas de la libertad en Quer\u00e9taro recibieron constancias acad\u00e9micas, art\u00edsticas o cient\u00edficas en una ceremonia de graduaci\u00f3n organizada por la Comisi\u00f3n Estatal del Sistema Penitenciario (CESPQ). Este evento marca el cierre de ciclos de estudio para quienes buscan herramientas concretas al salir de los cuatro centros penitenciarios del estado. La UNAM Juriquilla","twitter:image":"https:\/\/elprogresivo.mx\/wp-content\/uploads\/2024\/02\/cropped-LogoBlanco.png"},"aioseo_meta_data":{"post_id":"4776","title":null,"description":null,"keywords":null,"keyphrases":{"focus":[],"additional":[]},"primary_term":null,"canonical_url":null,"og_title":null,"og_description":null,"og_object_type":"default","og_image_type":"default","og_image_url":null,"og_image_width":null,"og_image_height":null,"og_image_custom_url":null,"og_image_custom_fields":null,"og_video":null,"og_custom_url":null,"og_article_section":null,"og_article_tags":null,"twitter_use_og":false,"twitter_card":"default","twitter_image_type":"default","twitter_image_url":null,"twitter_image_custom_url":null,"twitter_image_custom_fields":null,"twitter_title":null,"twitter_description":null,"schema":{"blockGraphs":[],"customGraphs":[],"default":{"data":{"Article":[],"Course":[],"Dataset":[],"FAQPage":[],"Movie":[],"Person":[],"Product":[],"ProductReview":[],"Car":[],"Recipe":[],"Service":[],"SoftwareApplication":[],"WebPage":[]},"graphName":"","isEnabled":true},"graphs":[]},"schema_type":"default","schema_type_options":null,"pillar_content":false,"robots_default":true,"robots_noindex":false,"robots_noarchive":false,"robots_nosnippet":false,"robots_nofollow":false,"robots_noimageindex":false,"robots_noodp":false,"robots_notranslate":false,"robots_max_snippet":null,"robots_max_videopreview":null,"robots_max_imagepreview":"large","priority":null,"frequency":null,"local_seo":null,"limit_modified_date":false,"created":"2026-08-31 16:34:38","updated":"2026-08-31 16:57:50","ai":null,"breadcrumb_settings":null,"seo_analyzer_scan_date":null,"focus_keyword":null,"additional_keywords":null,"truseo_locale":null},"aioseo_breadcrumb":"<div class=\"aioseo-breadcrumbs\"><span class=\"aioseo-breadcrumb\">\n\t\t\t<a href=\"https:\/\/elprogresivo.mx\" title=\"Home\">Home<\/a>\n\t\t<\/span><span class=\"aioseo-breadcrumb-separator\">&raquo;<\/span><span class=\"aioseo-breadcrumb\">\n\t\t\t<a href=\"https:\/\/elprogresivo.mx\/index.php\/category\/blog\/\" title=\"Blog\">Blog<\/a>\n\t\t<\/span><span class=\"aioseo-breadcrumb-separator\">&raquo;<\/span><span class=\"aioseo-breadcrumb\">\n\t\t\t597 reclusos en Quer\u00e9taro reciben constancias educativas\n\t\t<\/span><\/div>","aioseo_breadcrumb_json":[{"label":"Home","link":"https:\/\/elprogresivo.mx"},{"label":"Blog","link":"https:\/\/elprogresivo.mx\/index.php\/category\/blog\/"},{"label":"597 reclusos en Quer\u00e9taro reciben constancias educativas","link":"https:\/\/elprogresivo.mx\/index.php\/2026\/08\/31\/597-reclusos-en-queretaro-reciben-constancias-educativas\/"}],"jetpack_publicize_connections":[],"_links":{"self":[{"href":"https:\/\/elprogresivo.mx\/index.php\/wp-json\/wp\/v2\/posts\/4776","targetHints":{"allow":["GET"]}}],"collection":[{"href":"https:\/\/elprogresivo.mx\/index.php\/wp-json\/wp\/v2\/posts"}],"about":[{"href":"https:\/\/elprogresivo.mx\/index.php\/wp-json\/wp\/v2\/types\/post"}],"author":[{"embeddable":true,"href":"https:\/\/elprogresivo.mx\/index.php\/wp-json\/wp\/v2\/users\/5"}],"replies":[{"embeddable":true,"href":"https:\/\/elprogresivo.mx\/index.php\/wp-json\/wp\/v2\/comments?post=4776"}],"version-history":[{"count":0,"href":"https:\/\/elprogresivo.mx\/index.php\/wp-json\/wp\/v2\/posts\/4776\/revisions"}],"wp:featuredmedia":[{"embeddable":true,"href":"https:\/\/elprogresivo.mx\/index.php\/wp-json\/wp\/v2\/media\/4775"}],"wp:attachment":[{"href":"https:\/\/elprogresivo.mx\/index.php\/wp-json\/wp\/v2\/media?parent=4776"}],"wp:term":[{"taxonomy":"category","embeddable":true,"href":"https:\/\/elprogresivo.mx\/index.php\/wp-json\/wp\/v2\/categories?post=4776"},{"taxonomy":"post_tag","embeddable":true,"href":"https:\/\/elprogresivo.mx\/index.php\/wp-json\/wp\/v2\/tags?post=4776"}],"curies":[{"name":"wp","href":"https:\/\/api.w.org\/{rel}","templated":true}]}}