{"id":4773,"date":"2026-08-31T16:08:29","date_gmt":"2026-08-31T16:08:29","guid":{"rendered":"https:\/\/elprogresivo.mx\/index.php\/2026\/08\/31\/la-ofeq-estrena-obra-de-gulda-y-jazz-de-bernstein\/"},"modified":"2026-08-31T16:08:29","modified_gmt":"2026-08-31T16:08:29","slug":"la-ofeq-estrena-obra-de-gulda-y-jazz-de-bernstein","status":"publish","type":"post","link":"https:\/\/elprogresivo.mx\/index.php\/2026\/08\/31\/la-ofeq-estrena-obra-de-gulda-y-jazz-de-bernstein\/","title":{"rendered":"La OFEQ estrena obra de Gulda y jazz de Bernstein"},"content":{"rendered":"<p>La Orquesta Filarm\u00f3nica del Estado de Quer\u00e9taro toca el Concierto para violonchelo y orquesta de viento de Friedrich Gulda por primera vez en la capital queretana. El evento, titulado &#8220;M\u00fasica en la Ciudad&#8221;, se celebra el jueves 3 de septiembre en el Teatro Metropolitano, como parte de su Tercera Temporada 2026. El maestro Mark Kadin dirige desde el podio.<\/p>\n<p>Bendeg\u00faz Kov\u00e1cs, m\u00fasico h\u00fangaro residente en Quer\u00e9taro y primer violonchelista de la OFEQ, toca como solista. Gulda, conocido tambi\u00e9n por su faceta como pianista de jazz, escribi\u00f3 esta pieza mezclando la m\u00fasica cl\u00e1sica con ritmos populares. La partitura se considera una de las m\u00e1s dif\u00edciles e innovadoras para el violonchelo.<\/p>\n<p>El programa incluye dos obras de Leonard Bernstein. La orquesta interpreta las Danzas sinf\u00f3nicas de West Side Story, que conservan la energ\u00eda y los contrastes r\u00edtmicos del musical estrenado en Broadway en 1957 y llevado al cine en 1961. Tambi\u00e9n suenan Tres episodios de baile de On the Town, un espect\u00e1culo de 1944 que captura el ambiente neoyorquino y la influencia del jazz.<\/p>\n<p>Los boletos est\u00e1n a la venta sin comisiones. Se pueden comprar en la taquilla de la calle Altamirano norte, n\u00famero 18, en el Centro Hist\u00f3rico, de 9:00 a 15:00 horas. Otra opci\u00f3n es pagar con transferencia bancaria enviando un mensaje al WhatsApp 446 125 8540 o adquiri\u00e9ndolos en l\u00ednea en www.filarmonicadequeretaro.org.<\/p>\n","protected":false},"excerpt":{"rendered":"<p>La Orquesta Filarm\u00f3nica del Estado de Quer\u00e9taro toca el Concierto para violonchelo y orquesta de&#8230;<\/p>\n","protected":false},"author":5,"featured_media":4772,"comment_status":"open","ping_status":"open","sticky":false,"template":"","format":"standard","meta":{"om_disable_all_campaigns":false,"_monsterinsights_skip_tracking":false,"footnotes":"","jetpack_publicize_message":"","jetpack_publicize_feature_enabled":true,"jetpack_social_post_already_shared":true,"jetpack_social_options":{"image_generator_settings":{"template":"highway","default_image_id":0,"font":"","enabled":false},"version":2}},"categories":[1],"tags":[876,137,415,1379,765],"class_list":["post-4773","post","type-post","status-publish","format-standard","has-post-thumbnail","hentry","category-blog","tag-300-anos-acueducto-queretaro-el-marques","tag-actividades-culturales-abril-2026","tag-autodromo-queretaro-espectaculos","tag-gala-rock-pop-ofeq","tag-musica-clasica-queretaro"],"aioseo_notices":[],"aioseo_head":"\n\t\t<!-- All in One SEO 5.0.1.1 - aioseo.com -->\n\t<meta name=\"description\" content=\"La Orquesta Filarm\u00f3nica del Estado de Quer\u00e9taro toca el Concierto para violonchelo y orquesta de viento de Friedrich Gulda por primera vez en la capital queretana. El evento, titulado &quot;M\u00fasica en la Ciudad&quot;, se celebra el jueves 3 de septiembre en el Teatro Metropolitano, como parte de su Tercera Temporada 2026. El maestro Mark Kadin\" \/>\n\t<meta name=\"robots\" content=\"max-image-preview:large\" \/>\n\t<meta name=\"author\" content=\"Staff\"\/>\n\t<link rel=\"canonical\" href=\"https:\/\/elprogresivo.mx\/index.php\/2026\/08\/31\/la-ofeq-estrena-obra-de-gulda-y-jazz-de-bernstein\/\" \/>\n\t<meta name=\"generator\" content=\"All in One SEO (AIOSEO) 5.0.1.1\" \/>\n\t\t<meta property=\"og:locale\" content=\"es_MX\" \/>\n\t\t<meta property=\"og:site_name\" content=\"elprogresivo.mx - Construimos una nueva etapa en informaci\u00f3n\" \/>\n\t\t<meta property=\"og:type\" content=\"article\" \/>\n\t\t<meta property=\"og:title\" content=\"La OFEQ estrena obra de Gulda y jazz de Bernstein - elprogresivo.mx\" \/>\n\t\t<meta property=\"og:description\" content=\"La Orquesta Filarm\u00f3nica del Estado de Quer\u00e9taro toca el Concierto para violonchelo y orquesta de viento de Friedrich Gulda por primera vez en la capital queretana. El evento, titulado &quot;M\u00fasica en la Ciudad&quot;, se celebra el jueves 3 de septiembre en el Teatro Metropolitano, como parte de su Tercera Temporada 2026. El maestro Mark Kadin\" \/>\n\t\t<meta property=\"og:url\" content=\"https:\/\/elprogresivo.mx\/index.php\/2026\/08\/31\/la-ofeq-estrena-obra-de-gulda-y-jazz-de-bernstein\/\" \/>\n\t\t<meta property=\"og:image\" content=\"https:\/\/elprogresivo.mx\/wp-content\/uploads\/2024\/02\/cropped-LogoBlanco.png\" \/>\n\t\t<meta property=\"og:image:secure_url\" content=\"https:\/\/elprogresivo.mx\/wp-content\/uploads\/2024\/02\/cropped-LogoBlanco.png\" \/>\n\t\t<meta property=\"article:published_time\" content=\"2026-08-31T16:08:29+00:00\" \/>\n\t\t<meta property=\"article:modified_time\" content=\"2026-08-31T16:08:29+00:00\" \/>\n\t\t<meta name=\"twitter:card\" content=\"summary_large_image\" \/>\n\t\t<meta name=\"twitter:title\" content=\"La OFEQ estrena obra de Gulda y jazz de Bernstein - elprogresivo.mx\" \/>\n\t\t<meta name=\"twitter:description\" content=\"La Orquesta Filarm\u00f3nica del Estado de Quer\u00e9taro toca el Concierto para violonchelo y orquesta de viento de Friedrich Gulda por primera vez en la capital queretana. El evento, titulado &quot;M\u00fasica en la Ciudad&quot;, se celebra el jueves 3 de septiembre en el Teatro Metropolitano, como parte de su Tercera Temporada 2026. El maestro Mark Kadin\" \/>\n\t\t<meta name=\"twitter:image\" content=\"https:\/\/elprogresivo.mx\/wp-content\/uploads\/2024\/02\/cropped-LogoBlanco.png\" \/>\n\t\t<script type=\"application\/ld+json\" class=\"aioseo-schema\">\n\t\t\t{\"@context\":\"https:\\\/\\\/schema.org\",\"@graph\":[{\"@type\":\"BlogPosting\",\"@id\":\"https:\\\/\\\/elprogresivo.mx\\\/index.php\\\/2026\\\/08\\\/31\\\/la-ofeq-estrena-obra-de-gulda-y-jazz-de-bernstein\\\/#blogposting\",\"name\":\"La OFEQ estrena obra de Gulda y jazz de Bernstein - elprogresivo.mx\",\"headline\":\"La OFEQ estrena obra de Gulda y jazz de Bernstein\",\"author\":{\"@id\":\"https:\\\/\\\/elprogresivo.mx\\\/index.php\\\/author\\\/emmanuel-galvan\\\/#author\"},\"publisher\":{\"@id\":\"https:\\\/\\\/elprogresivo.mx\\\/#organization\"},\"image\":{\"@type\":\"ImageObject\",\"url\":\"https:\\\/\\\/elprogresivo.mx\\\/wp-content\\\/uploads\\\/2026\\\/08\\\/noticia_20260831100820.jpg\",\"width\":1308,\"height\":867},\"datePublished\":\"2026-08-31T16:08:29+00:00\",\"dateModified\":\"2026-08-31T16:08:29+00:00\",\"inLanguage\":\"es-MX\",\"mainEntityOfPage\":{\"@id\":\"https:\\\/\\\/elprogresivo.mx\\\/index.php\\\/2026\\\/08\\\/31\\\/la-ofeq-estrena-obra-de-gulda-y-jazz-de-bernstein\\\/#webpage\"},\"isPartOf\":{\"@id\":\"https:\\\/\\\/elprogresivo.mx\\\/index.php\\\/2026\\\/08\\\/31\\\/la-ofeq-estrena-obra-de-gulda-y-jazz-de-bernstein\\\/#webpage\"},\"articleSection\":\"Blog, 300 a\\u00f1os Acueducto Quer\\u00e9taro El Marqu\\u00e9s, actividades culturales abril 2026, Aut\\u00f3dromo Quer\\u00e9taro espect\\u00e1culos, Gala Rock Pop OFEQ, m\\u00fasica cl\\u00e1sica Quer\\u00e9taro\"},{\"@type\":\"BreadcrumbList\",\"@id\":\"https:\\\/\\\/elprogresivo.mx\\\/index.php\\\/2026\\\/08\\\/31\\\/la-ofeq-estrena-obra-de-gulda-y-jazz-de-bernstein\\\/#breadcrumblist\",\"itemListElement\":[{\"@type\":\"ListItem\",\"@id\":\"https:\\\/\\\/elprogresivo.mx#listItem\",\"position\":1,\"name\":\"Home\",\"item\":\"https:\\\/\\\/elprogresivo.mx\",\"nextItem\":{\"@type\":\"ListItem\",\"@id\":\"https:\\\/\\\/elprogresivo.mx\\\/index.php\\\/category\\\/blog\\\/#listItem\",\"name\":\"Blog\"}},{\"@type\":\"ListItem\",\"@id\":\"https:\\\/\\\/elprogresivo.mx\\\/index.php\\\/category\\\/blog\\\/#listItem\",\"position\":2,\"name\":\"Blog\",\"item\":\"https:\\\/\\\/elprogresivo.mx\\\/index.php\\\/category\\\/blog\\\/\",\"nextItem\":{\"@type\":\"ListItem\",\"@id\":\"https:\\\/\\\/elprogresivo.mx\\\/index.php\\\/2026\\\/08\\\/31\\\/la-ofeq-estrena-obra-de-gulda-y-jazz-de-bernstein\\\/#listItem\",\"name\":\"La OFEQ estrena obra de Gulda y jazz de Bernstein\"},\"previousItem\":{\"@type\":\"ListItem\",\"@id\":\"https:\\\/\\\/elprogresivo.mx#listItem\",\"name\":\"Home\"}},{\"@type\":\"ListItem\",\"@id\":\"https:\\\/\\\/elprogresivo.mx\\\/index.php\\\/2026\\\/08\\\/31\\\/la-ofeq-estrena-obra-de-gulda-y-jazz-de-bernstein\\\/#listItem\",\"position\":3,\"name\":\"La OFEQ estrena obra de Gulda y jazz de Bernstein\",\"previousItem\":{\"@type\":\"ListItem\",\"@id\":\"https:\\\/\\\/elprogresivo.mx\\\/index.php\\\/category\\\/blog\\\/#listItem\",\"name\":\"Blog\"}}]},{\"@type\":\"Organization\",\"@id\":\"https:\\\/\\\/elprogresivo.mx\\\/#organization\",\"name\":\"elprogresivo.mx\",\"description\":\"Construimos una nueva etapa en informaci\\u00f3n\",\"url\":\"https:\\\/\\\/elprogresivo.mx\\\/\",\"logo\":{\"@type\":\"ImageObject\",\"url\":\"https:\\\/\\\/elprogresivo.mx\\\/wp-content\\\/uploads\\\/2024\\\/02\\\/cropped-LogoBlanco.png\",\"@id\":\"https:\\\/\\\/elprogresivo.mx\\\/index.php\\\/2026\\\/08\\\/31\\\/la-ofeq-estrena-obra-de-gulda-y-jazz-de-bernstein\\\/#organizationLogo\",\"width\":2096,\"height\":332},\"image\":{\"@id\":\"https:\\\/\\\/elprogresivo.mx\\\/index.php\\\/2026\\\/08\\\/31\\\/la-ofeq-estrena-obra-de-gulda-y-jazz-de-bernstein\\\/#organizationLogo\"}},{\"@type\":\"Person\",\"@id\":\"https:\\\/\\\/elprogresivo.mx\\\/index.php\\\/author\\\/emmanuel-galvan\\\/#author\",\"url\":\"https:\\\/\\\/elprogresivo.mx\\\/index.php\\\/author\\\/emmanuel-galvan\\\/\",\"name\":\"Staff\",\"image\":{\"@type\":\"ImageObject\",\"@id\":\"https:\\\/\\\/elprogresivo.mx\\\/index.php\\\/2026\\\/08\\\/31\\\/la-ofeq-estrena-obra-de-gulda-y-jazz-de-bernstein\\\/#authorImage\",\"url\":\"https:\\\/\\\/secure.gravatar.com\\\/avatar\\\/3bb87242634c3adf910515f41e6e392ab758b98c8ee7fd12a54fcb5270441486?s=96&d=mm&r=g\",\"width\":96,\"height\":96,\"caption\":\"Staff\"}},{\"@type\":\"WebPage\",\"@id\":\"https:\\\/\\\/elprogresivo.mx\\\/index.php\\\/2026\\\/08\\\/31\\\/la-ofeq-estrena-obra-de-gulda-y-jazz-de-bernstein\\\/#webpage\",\"url\":\"https:\\\/\\\/elprogresivo.mx\\\/index.php\\\/2026\\\/08\\\/31\\\/la-ofeq-estrena-obra-de-gulda-y-jazz-de-bernstein\\\/\",\"name\":\"La OFEQ estrena obra de Gulda y jazz de Bernstein - elprogresivo.mx\",\"description\":\"La Orquesta Filarm\\u00f3nica del Estado de Quer\\u00e9taro toca el Concierto para violonchelo y orquesta de viento de Friedrich Gulda por primera vez en la capital queretana. El evento, titulado \\\"M\\u00fasica en la Ciudad\\\", se celebra el jueves 3 de septiembre en el Teatro Metropolitano, como parte de su Tercera Temporada 2026. El maestro Mark Kadin\",\"inLanguage\":\"es-MX\",\"isPartOf\":{\"@id\":\"https:\\\/\\\/elprogresivo.mx\\\/#website\"},\"breadcrumb\":{\"@id\":\"https:\\\/\\\/elprogresivo.mx\\\/index.php\\\/2026\\\/08\\\/31\\\/la-ofeq-estrena-obra-de-gulda-y-jazz-de-bernstein\\\/#breadcrumblist\"},\"author\":{\"@id\":\"https:\\\/\\\/elprogresivo.mx\\\/index.php\\\/author\\\/emmanuel-galvan\\\/#author\"},\"creator\":{\"@id\":\"https:\\\/\\\/elprogresivo.mx\\\/index.php\\\/author\\\/emmanuel-galvan\\\/#author\"},\"image\":{\"@type\":\"ImageObject\",\"url\":\"https:\\\/\\\/elprogresivo.mx\\\/wp-content\\\/uploads\\\/2026\\\/08\\\/noticia_20260831100820.jpg\",\"@id\":\"https:\\\/\\\/elprogresivo.mx\\\/index.php\\\/2026\\\/08\\\/31\\\/la-ofeq-estrena-obra-de-gulda-y-jazz-de-bernstein\\\/#mainImage\",\"width\":1308,\"height\":867},\"primaryImageOfPage\":{\"@id\":\"https:\\\/\\\/elprogresivo.mx\\\/index.php\\\/2026\\\/08\\\/31\\\/la-ofeq-estrena-obra-de-gulda-y-jazz-de-bernstein\\\/#mainImage\"},\"datePublished\":\"2026-08-31T16:08:29+00:00\",\"dateModified\":\"2026-08-31T16:08:29+00:00\"},{\"@type\":\"WebSite\",\"@id\":\"https:\\\/\\\/elprogresivo.mx\\\/#website\",\"url\":\"https:\\\/\\\/elprogresivo.mx\\\/\",\"name\":\"elprogresivo.mx\",\"description\":\"Construimos una nueva etapa en informaci\\u00f3n\",\"inLanguage\":\"es-MX\",\"publisher\":{\"@id\":\"https:\\\/\\\/elprogresivo.mx\\\/#organization\"}}]}\n\t\t<\/script>\n\t\t<!-- All in One SEO -->\n\n","aioseo_head_json":{"title":"La OFEQ estrena obra de Gulda y jazz de Bernstein - elprogresivo.mx","description":"La Orquesta Filarm\u00f3nica del Estado de Quer\u00e9taro toca el Concierto para violonchelo y orquesta de viento de Friedrich Gulda por primera vez en la capital queretana. El evento, titulado \"M\u00fasica en la Ciudad\", se celebra el jueves 3 de septiembre en el Teatro Metropolitano, como parte de su Tercera Temporada 2026. El maestro Mark Kadin","canonical_url":"https:\/\/elprogresivo.mx\/index.php\/2026\/08\/31\/la-ofeq-estrena-obra-de-gulda-y-jazz-de-bernstein\/","robots":"max-image-preview:large","keywords":"","webmasterTools":{"miscellaneous":""},"schema":{"@context":"https:\/\/schema.org","@graph":[{"@type":"BlogPosting","@id":"https:\/\/elprogresivo.mx\/index.php\/2026\/08\/31\/la-ofeq-estrena-obra-de-gulda-y-jazz-de-bernstein\/#blogposting","name":"La OFEQ estrena obra de Gulda y jazz de Bernstein - elprogresivo.mx","headline":"La OFEQ estrena obra de Gulda y jazz de Bernstein","author":{"@id":"https:\/\/elprogresivo.mx\/index.php\/author\/emmanuel-galvan\/#author"},"publisher":{"@id":"https:\/\/elprogresivo.mx\/#organization"},"image":{"@type":"ImageObject","url":"https:\/\/elprogresivo.mx\/wp-content\/uploads\/2026\/08\/noticia_20260831100820.jpg","width":1308,"height":867},"datePublished":"2026-08-31T16:08:29+00:00","dateModified":"2026-08-31T16:08:29+00:00","inLanguage":"es-MX","mainEntityOfPage":{"@id":"https:\/\/elprogresivo.mx\/index.php\/2026\/08\/31\/la-ofeq-estrena-obra-de-gulda-y-jazz-de-bernstein\/#webpage"},"isPartOf":{"@id":"https:\/\/elprogresivo.mx\/index.php\/2026\/08\/31\/la-ofeq-estrena-obra-de-gulda-y-jazz-de-bernstein\/#webpage"},"articleSection":"Blog, 300 a\u00f1os Acueducto Quer\u00e9taro El Marqu\u00e9s, actividades culturales abril 2026, Aut\u00f3dromo Quer\u00e9taro espect\u00e1culos, Gala Rock Pop OFEQ, m\u00fasica cl\u00e1sica Quer\u00e9taro"},{"@type":"BreadcrumbList","@id":"https:\/\/elprogresivo.mx\/index.php\/2026\/08\/31\/la-ofeq-estrena-obra-de-gulda-y-jazz-de-bernstein\/#breadcrumblist","itemListElement":[{"@type":"ListItem","@id":"https:\/\/elprogresivo.mx#listItem","position":1,"name":"Home","item":"https:\/\/elprogresivo.mx","nextItem":{"@type":"ListItem","@id":"https:\/\/elprogresivo.mx\/index.php\/category\/blog\/#listItem","name":"Blog"}},{"@type":"ListItem","@id":"https:\/\/elprogresivo.mx\/index.php\/category\/blog\/#listItem","position":2,"name":"Blog","item":"https:\/\/elprogresivo.mx\/index.php\/category\/blog\/","nextItem":{"@type":"ListItem","@id":"https:\/\/elprogresivo.mx\/index.php\/2026\/08\/31\/la-ofeq-estrena-obra-de-gulda-y-jazz-de-bernstein\/#listItem","name":"La OFEQ estrena obra de Gulda y jazz de Bernstein"},"previousItem":{"@type":"ListItem","@id":"https:\/\/elprogresivo.mx#listItem","name":"Home"}},{"@type":"ListItem","@id":"https:\/\/elprogresivo.mx\/index.php\/2026\/08\/31\/la-ofeq-estrena-obra-de-gulda-y-jazz-de-bernstein\/#listItem","position":3,"name":"La OFEQ estrena obra de Gulda y jazz de Bernstein","previousItem":{"@type":"ListItem","@id":"https:\/\/elprogresivo.mx\/index.php\/category\/blog\/#listItem","name":"Blog"}}]},{"@type":"Organization","@id":"https:\/\/elprogresivo.mx\/#organization","name":"elprogresivo.mx","description":"Construimos una nueva etapa en informaci\u00f3n","url":"https:\/\/elprogresivo.mx\/","logo":{"@type":"ImageObject","url":"https:\/\/elprogresivo.mx\/wp-content\/uploads\/2024\/02\/cropped-LogoBlanco.png","@id":"https:\/\/elprogresivo.mx\/index.php\/2026\/08\/31\/la-ofeq-estrena-obra-de-gulda-y-jazz-de-bernstein\/#organizationLogo","width":2096,"height":332},"image":{"@id":"https:\/\/elprogresivo.mx\/index.php\/2026\/08\/31\/la-ofeq-estrena-obra-de-gulda-y-jazz-de-bernstein\/#organizationLogo"}},{"@type":"Person","@id":"https:\/\/elprogresivo.mx\/index.php\/author\/emmanuel-galvan\/#author","url":"https:\/\/elprogresivo.mx\/index.php\/author\/emmanuel-galvan\/","name":"Staff","image":{"@type":"ImageObject","@id":"https:\/\/elprogresivo.mx\/index.php\/2026\/08\/31\/la-ofeq-estrena-obra-de-gulda-y-jazz-de-bernstein\/#authorImage","url":"https:\/\/secure.gravatar.com\/avatar\/3bb87242634c3adf910515f41e6e392ab758b98c8ee7fd12a54fcb5270441486?s=96&d=mm&r=g","width":96,"height":96,"caption":"Staff"}},{"@type":"WebPage","@id":"https:\/\/elprogresivo.mx\/index.php\/2026\/08\/31\/la-ofeq-estrena-obra-de-gulda-y-jazz-de-bernstein\/#webpage","url":"https:\/\/elprogresivo.mx\/index.php\/2026\/08\/31\/la-ofeq-estrena-obra-de-gulda-y-jazz-de-bernstein\/","name":"La OFEQ estrena obra de Gulda y jazz de Bernstein - elprogresivo.mx","description":"La Orquesta Filarm\u00f3nica del Estado de Quer\u00e9taro toca el Concierto para violonchelo y orquesta de viento de Friedrich Gulda por primera vez en la capital queretana. El evento, titulado \"M\u00fasica en la Ciudad\", se celebra el jueves 3 de septiembre en el Teatro Metropolitano, como parte de su Tercera Temporada 2026. El maestro Mark Kadin","inLanguage":"es-MX","isPartOf":{"@id":"https:\/\/elprogresivo.mx\/#website"},"breadcrumb":{"@id":"https:\/\/elprogresivo.mx\/index.php\/2026\/08\/31\/la-ofeq-estrena-obra-de-gulda-y-jazz-de-bernstein\/#breadcrumblist"},"author":{"@id":"https:\/\/elprogresivo.mx\/index.php\/author\/emmanuel-galvan\/#author"},"creator":{"@id":"https:\/\/elprogresivo.mx\/index.php\/author\/emmanuel-galvan\/#author"},"image":{"@type":"ImageObject","url":"https:\/\/elprogresivo.mx\/wp-content\/uploads\/2026\/08\/noticia_20260831100820.jpg","@id":"https:\/\/elprogresivo.mx\/index.php\/2026\/08\/31\/la-ofeq-estrena-obra-de-gulda-y-jazz-de-bernstein\/#mainImage","width":1308,"height":867},"primaryImageOfPage":{"@id":"https:\/\/elprogresivo.mx\/index.php\/2026\/08\/31\/la-ofeq-estrena-obra-de-gulda-y-jazz-de-bernstein\/#mainImage"},"datePublished":"2026-08-31T16:08:29+00:00","dateModified":"2026-08-31T16:08:29+00:00"},{"@type":"WebSite","@id":"https:\/\/elprogresivo.mx\/#website","url":"https:\/\/elprogresivo.mx\/","name":"elprogresivo.mx","description":"Construimos una nueva etapa en informaci\u00f3n","inLanguage":"es-MX","publisher":{"@id":"https:\/\/elprogresivo.mx\/#organization"}}]},"og:locale":"es_MX","og:site_name":"elprogresivo.mx - Construimos una nueva etapa en informaci\u00f3n","og:type":"article","og:title":"La OFEQ estrena obra de Gulda y jazz de Bernstein - elprogresivo.mx","og:description":"La Orquesta Filarm\u00f3nica del Estado de Quer\u00e9taro toca el Concierto para violonchelo y orquesta de viento de Friedrich Gulda por primera vez en la capital queretana. El evento, titulado &quot;M\u00fasica en la Ciudad&quot;, se celebra el jueves 3 de septiembre en el Teatro Metropolitano, como parte de su Tercera Temporada 2026. El maestro Mark Kadin","og:url":"https:\/\/elprogresivo.mx\/index.php\/2026\/08\/31\/la-ofeq-estrena-obra-de-gulda-y-jazz-de-bernstein\/","og:image":"https:\/\/elprogresivo.mx\/wp-content\/uploads\/2024\/02\/cropped-LogoBlanco.png","og:image:secure_url":"https:\/\/elprogresivo.mx\/wp-content\/uploads\/2024\/02\/cropped-LogoBlanco.png","article:published_time":"2026-08-31T16:08:29+00:00","article:modified_time":"2026-08-31T16:08:29+00:00","twitter:card":"summary_large_image","twitter:title":"La OFEQ estrena obra de Gulda y jazz de Bernstein - elprogresivo.mx","twitter:description":"La Orquesta Filarm\u00f3nica del Estado de Quer\u00e9taro toca el Concierto para violonchelo y orquesta de viento de Friedrich Gulda por primera vez en la capital queretana. El evento, titulado &quot;M\u00fasica en la Ciudad&quot;, se celebra el jueves 3 de septiembre en el Teatro Metropolitano, como parte de su Tercera Temporada 2026. El maestro Mark Kadin","twitter:image":"https:\/\/elprogresivo.mx\/wp-content\/uploads\/2024\/02\/cropped-LogoBlanco.png"},"aioseo_meta_data":{"post_id":"4773","title":null,"description":null,"keywords":null,"keyphrases":{"focus":[],"additional":[]},"primary_term":null,"canonical_url":null,"og_title":null,"og_description":null,"og_object_type":"default","og_image_type":"default","og_image_url":null,"og_image_width":null,"og_image_height":null,"og_image_custom_url":null,"og_image_custom_fields":null,"og_video":null,"og_custom_url":null,"og_article_section":null,"og_article_tags":null,"twitter_use_og":false,"twitter_card":"default","twitter_image_type":"default","twitter_image_url":null,"twitter_image_custom_url":null,"twitter_image_custom_fields":null,"twitter_title":null,"twitter_description":null,"schema":{"blockGraphs":[],"customGraphs":[],"default":{"data":{"Article":[],"Course":[],"Dataset":[],"FAQPage":[],"Movie":[],"Person":[],"Product":[],"ProductReview":[],"Car":[],"Recipe":[],"Service":[],"SoftwareApplication":[],"WebPage":[]},"graphName":"","isEnabled":true},"graphs":[]},"schema_type":"default","schema_type_options":null,"pillar_content":false,"robots_default":true,"robots_noindex":false,"robots_noarchive":false,"robots_nosnippet":false,"robots_nofollow":false,"robots_noimageindex":false,"robots_noodp":false,"robots_notranslate":false,"robots_max_snippet":null,"robots_max_videopreview":null,"robots_max_imagepreview":"large","priority":null,"frequency":null,"local_seo":null,"limit_modified_date":false,"created":"2026-08-31 16:34:38","updated":"2026-08-31 16:57:50","ai":null,"breadcrumb_settings":null,"seo_analyzer_scan_date":null,"focus_keyword":null,"additional_keywords":null,"truseo_locale":null},"aioseo_breadcrumb":"<div class=\"aioseo-breadcrumbs\"><span class=\"aioseo-breadcrumb\">\n\t\t\t<a href=\"https:\/\/elprogresivo.mx\" title=\"Home\">Home<\/a>\n\t\t<\/span><span class=\"aioseo-breadcrumb-separator\">&raquo;<\/span><span class=\"aioseo-breadcrumb\">\n\t\t\t<a href=\"https:\/\/elprogresivo.mx\/index.php\/category\/blog\/\" title=\"Blog\">Blog<\/a>\n\t\t<\/span><span class=\"aioseo-breadcrumb-separator\">&raquo;<\/span><span class=\"aioseo-breadcrumb\">\n\t\t\tLa OFEQ estrena obra de Gulda y jazz de Bernstein\n\t\t<\/span><\/div>","aioseo_breadcrumb_json":[{"label":"Home","link":"https:\/\/elprogresivo.mx"},{"label":"Blog","link":"https:\/\/elprogresivo.mx\/index.php\/category\/blog\/"},{"label":"La OFEQ estrena obra de Gulda y jazz de Bernstein","link":"https:\/\/elprogresivo.mx\/index.php\/2026\/08\/31\/la-ofeq-estrena-obra-de-gulda-y-jazz-de-bernstein\/"}],"jetpack_publicize_connections":[],"_links":{"self":[{"href":"https:\/\/elprogresivo.mx\/index.php\/wp-json\/wp\/v2\/posts\/4773","targetHints":{"allow":["GET"]}}],"collection":[{"href":"https:\/\/elprogresivo.mx\/index.php\/wp-json\/wp\/v2\/posts"}],"about":[{"href":"https:\/\/elprogresivo.mx\/index.php\/wp-json\/wp\/v2\/types\/post"}],"author":[{"embeddable":true,"href":"https:\/\/elprogresivo.mx\/index.php\/wp-json\/wp\/v2\/users\/5"}],"replies":[{"embeddable":true,"href":"https:\/\/elprogresivo.mx\/index.php\/wp-json\/wp\/v2\/comments?post=4773"}],"version-history":[{"count":0,"href":"https:\/\/elprogresivo.mx\/index.php\/wp-json\/wp\/v2\/posts\/4773\/revisions"}],"wp:featuredmedia":[{"embeddable":true,"href":"https:\/\/elprogresivo.mx\/index.php\/wp-json\/wp\/v2\/media\/4772"}],"wp:attachment":[{"href":"https:\/\/elprogresivo.mx\/index.php\/wp-json\/wp\/v2\/media?parent=4773"}],"wp:term":[{"taxonomy":"category","embeddable":true,"href":"https:\/\/elprogresivo.mx\/index.php\/wp-json\/wp\/v2\/categories?post=4773"},{"taxonomy":"post_tag","embeddable":true,"href":"https:\/\/elprogresivo.mx\/index.php\/wp-json\/wp\/v2\/tags?post=4773"}],"curies":[{"name":"wp","href":"https:\/\/api.w.org\/{rel}","templated":true}]}}