{"id":4771,"date":"2026-08-31T16:08:16","date_gmt":"2026-08-31T16:08:16","guid":{"rendered":"https:\/\/elprogresivo.mx\/index.php\/2026\/08\/31\/qrobus-mueve-mil-autobuses-para-el-regreso-a-clases-en-queretaro\/"},"modified":"2026-08-31T16:08:16","modified_gmt":"2026-08-31T16:08:16","slug":"qrobus-mueve-mil-autobuses-para-el-regreso-a-clases-en-queretaro","status":"publish","type":"post","link":"https:\/\/elprogresivo.mx\/index.php\/2026\/08\/31\/qrobus-mueve-mil-autobuses-para-el-regreso-a-clases-en-queretaro\/","title":{"rendered":"Qrobus mueve mil autobuses para el regreso a clases en Quer\u00e9taro"},"content":{"rendered":"<p>Casi mil autobuses salieron a las calles de Quer\u00e9taro este lunes para recibir a m\u00e1s de 80 mil estudiantes en su regreso a clases. Gerardo Cuanalo Santos, director de la Agencia de Movilidad del Estado (AMEQ), estuvo en el Centro de Monitoreo de Qrobus verificando que cada unidad cumpla su horario.<\/p>\n<p>El objetivo es claro: que alumnos y maestros lleguen a tiempo y sin sustos a sus destinos. Desde las pantallas del centro de control, el equipo rastrea la ubicaci\u00f3n de cada cami\u00f3n para ajustar frecuencias si se presenta alg\u00fan retraso o congesti\u00f3n.<\/p>\n<p>\u201cEstamos supervisando desde el Centro de Monitoreo la salida de los autobuses; vemos como salen casi mil autobuses y esperamos alrededor de 80 mil estudiantes. Todo el equipo de Qrobus estamos trabajando de manera coordinada para que en este regreso a clases tengamos el servicio que se requiera y que los j\u00f3venes y maestros lleguen a tiempo a sus destinos\u201d, dijo Cuanalo Santos.<\/p>\n<p>La atenci\u00f3n se mantendr\u00e1 aguda durante las primeras horas de este lunes y martes. Los operadores est\u00e1n listos para reaccionar ante cualquier novedad y atender los reportes que la ciudadan\u00eda haga al n\u00famero *8800.<\/p>\n","protected":false},"excerpt":{"rendered":"<p>Casi mil autobuses salieron a las calles de Quer\u00e9taro este lunes para recibir a m\u00e1s&#8230;<\/p>\n","protected":false},"author":5,"featured_media":4770,"comment_status":"open","ping_status":"open","sticky":false,"template":"","format":"standard","meta":{"om_disable_all_campaigns":false,"_monsterinsights_skip_tracking":false,"footnotes":"","jetpack_publicize_message":"","jetpack_publicize_feature_enabled":true,"jetpack_social_post_already_shared":true,"jetpack_social_options":{"image_generator_settings":{"template":"highway","default_image_id":0,"font":"","enabled":false},"version":2}},"categories":[1],"tags":[876,1802,588,3074,2154],"class_list":["post-4771","post","type-post","status-publish","format-standard","has-post-thumbnail","hentry","category-blog","tag-300-anos-acueducto-queretaro-el-marques","tag-alianza-por-la-educacion-y-la-paz","tag-app-qrobus","tag-regreso-a-clases-queretaro-2026","tag-transito"],"aioseo_notices":[],"aioseo_head":"\n\t\t<!-- All in One SEO 5.0.1.1 - aioseo.com -->\n\t<meta name=\"description\" content=\"Casi mil autobuses salieron a las calles de Quer\u00e9taro este lunes para recibir a m\u00e1s de 80 mil estudiantes en su regreso a clases. Gerardo Cuanalo Santos, director de la Agencia de Movilidad del Estado (AMEQ), estuvo en el Centro de Monitoreo de Qrobus verificando que cada unidad cumpla su horario. El objetivo es claro:\" \/>\n\t<meta name=\"robots\" content=\"max-image-preview:large\" \/>\n\t<meta name=\"author\" content=\"Staff\"\/>\n\t<link rel=\"canonical\" href=\"https:\/\/elprogresivo.mx\/index.php\/2026\/08\/31\/qrobus-mueve-mil-autobuses-para-el-regreso-a-clases-en-queretaro\/\" \/>\n\t<meta name=\"generator\" content=\"All in One SEO (AIOSEO) 5.0.1.1\" \/>\n\t\t<meta property=\"og:locale\" content=\"es_MX\" \/>\n\t\t<meta property=\"og:site_name\" content=\"elprogresivo.mx - Construimos una nueva etapa en informaci\u00f3n\" \/>\n\t\t<meta property=\"og:type\" content=\"article\" \/>\n\t\t<meta property=\"og:title\" content=\"Qrobus mueve mil autobuses para el regreso a clases en Quer\u00e9taro - elprogresivo.mx\" \/>\n\t\t<meta property=\"og:description\" content=\"Casi mil autobuses salieron a las calles de Quer\u00e9taro este lunes para recibir a m\u00e1s de 80 mil estudiantes en su regreso a clases. Gerardo Cuanalo Santos, director de la Agencia de Movilidad del Estado (AMEQ), estuvo en el Centro de Monitoreo de Qrobus verificando que cada unidad cumpla su horario. El objetivo es claro:\" \/>\n\t\t<meta property=\"og:url\" content=\"https:\/\/elprogresivo.mx\/index.php\/2026\/08\/31\/qrobus-mueve-mil-autobuses-para-el-regreso-a-clases-en-queretaro\/\" \/>\n\t\t<meta property=\"og:image\" content=\"https:\/\/elprogresivo.mx\/wp-content\/uploads\/2024\/02\/cropped-LogoBlanco.png\" \/>\n\t\t<meta property=\"og:image:secure_url\" content=\"https:\/\/elprogresivo.mx\/wp-content\/uploads\/2024\/02\/cropped-LogoBlanco.png\" \/>\n\t\t<meta property=\"article:published_time\" content=\"2026-08-31T16:08:16+00:00\" \/>\n\t\t<meta property=\"article:modified_time\" content=\"2026-08-31T16:08:16+00:00\" \/>\n\t\t<meta name=\"twitter:card\" content=\"summary_large_image\" \/>\n\t\t<meta name=\"twitter:title\" content=\"Qrobus mueve mil autobuses para el regreso a clases en Quer\u00e9taro - elprogresivo.mx\" \/>\n\t\t<meta name=\"twitter:description\" content=\"Casi mil autobuses salieron a las calles de Quer\u00e9taro este lunes para recibir a m\u00e1s de 80 mil estudiantes en su regreso a clases. Gerardo Cuanalo Santos, director de la Agencia de Movilidad del Estado (AMEQ), estuvo en el Centro de Monitoreo de Qrobus verificando que cada unidad cumpla su horario. El objetivo es claro:\" \/>\n\t\t<meta name=\"twitter:image\" content=\"https:\/\/elprogresivo.mx\/wp-content\/uploads\/2024\/02\/cropped-LogoBlanco.png\" \/>\n\t\t<script type=\"application\/ld+json\" class=\"aioseo-schema\">\n\t\t\t{\"@context\":\"https:\\\/\\\/schema.org\",\"@graph\":[{\"@type\":\"BlogPosting\",\"@id\":\"https:\\\/\\\/elprogresivo.mx\\\/index.php\\\/2026\\\/08\\\/31\\\/qrobus-mueve-mil-autobuses-para-el-regreso-a-clases-en-queretaro\\\/#blogposting\",\"name\":\"Qrobus mueve mil autobuses para el regreso a clases en Quer\\u00e9taro - elprogresivo.mx\",\"headline\":\"Qrobus mueve mil autobuses para el regreso a clases en Quer\\u00e9taro\",\"author\":{\"@id\":\"https:\\\/\\\/elprogresivo.mx\\\/index.php\\\/author\\\/emmanuel-galvan\\\/#author\"},\"publisher\":{\"@id\":\"https:\\\/\\\/elprogresivo.mx\\\/#organization\"},\"image\":{\"@type\":\"ImageObject\",\"url\":\"https:\\\/\\\/elprogresivo.mx\\\/wp-content\\\/uploads\\\/2026\\\/08\\\/noticia_20260831100804.jpg\",\"width\":1700,\"height\":1133},\"datePublished\":\"2026-08-31T16:08:16+00:00\",\"dateModified\":\"2026-08-31T16:08:16+00:00\",\"inLanguage\":\"es-MX\",\"mainEntityOfPage\":{\"@id\":\"https:\\\/\\\/elprogresivo.mx\\\/index.php\\\/2026\\\/08\\\/31\\\/qrobus-mueve-mil-autobuses-para-el-regreso-a-clases-en-queretaro\\\/#webpage\"},\"isPartOf\":{\"@id\":\"https:\\\/\\\/elprogresivo.mx\\\/index.php\\\/2026\\\/08\\\/31\\\/qrobus-mueve-mil-autobuses-para-el-regreso-a-clases-en-queretaro\\\/#webpage\"},\"articleSection\":\"Blog, 300 a\\u00f1os Acueducto Quer\\u00e9taro El Marqu\\u00e9s, Alianza por la Educaci\\u00f3n y la Paz, app Qrobus, regreso a clases Quer\\u00e9taro 2026, tr\\u00e1nsito\"},{\"@type\":\"BreadcrumbList\",\"@id\":\"https:\\\/\\\/elprogresivo.mx\\\/index.php\\\/2026\\\/08\\\/31\\\/qrobus-mueve-mil-autobuses-para-el-regreso-a-clases-en-queretaro\\\/#breadcrumblist\",\"itemListElement\":[{\"@type\":\"ListItem\",\"@id\":\"https:\\\/\\\/elprogresivo.mx#listItem\",\"position\":1,\"name\":\"Home\",\"item\":\"https:\\\/\\\/elprogresivo.mx\",\"nextItem\":{\"@type\":\"ListItem\",\"@id\":\"https:\\\/\\\/elprogresivo.mx\\\/index.php\\\/category\\\/blog\\\/#listItem\",\"name\":\"Blog\"}},{\"@type\":\"ListItem\",\"@id\":\"https:\\\/\\\/elprogresivo.mx\\\/index.php\\\/category\\\/blog\\\/#listItem\",\"position\":2,\"name\":\"Blog\",\"item\":\"https:\\\/\\\/elprogresivo.mx\\\/index.php\\\/category\\\/blog\\\/\",\"nextItem\":{\"@type\":\"ListItem\",\"@id\":\"https:\\\/\\\/elprogresivo.mx\\\/index.php\\\/2026\\\/08\\\/31\\\/qrobus-mueve-mil-autobuses-para-el-regreso-a-clases-en-queretaro\\\/#listItem\",\"name\":\"Qrobus mueve mil autobuses para el regreso a clases en Quer\\u00e9taro\"},\"previousItem\":{\"@type\":\"ListItem\",\"@id\":\"https:\\\/\\\/elprogresivo.mx#listItem\",\"name\":\"Home\"}},{\"@type\":\"ListItem\",\"@id\":\"https:\\\/\\\/elprogresivo.mx\\\/index.php\\\/2026\\\/08\\\/31\\\/qrobus-mueve-mil-autobuses-para-el-regreso-a-clases-en-queretaro\\\/#listItem\",\"position\":3,\"name\":\"Qrobus mueve mil autobuses para el regreso a clases en Quer\\u00e9taro\",\"previousItem\":{\"@type\":\"ListItem\",\"@id\":\"https:\\\/\\\/elprogresivo.mx\\\/index.php\\\/category\\\/blog\\\/#listItem\",\"name\":\"Blog\"}}]},{\"@type\":\"Organization\",\"@id\":\"https:\\\/\\\/elprogresivo.mx\\\/#organization\",\"name\":\"elprogresivo.mx\",\"description\":\"Construimos una nueva etapa en informaci\\u00f3n\",\"url\":\"https:\\\/\\\/elprogresivo.mx\\\/\",\"logo\":{\"@type\":\"ImageObject\",\"url\":\"https:\\\/\\\/elprogresivo.mx\\\/wp-content\\\/uploads\\\/2024\\\/02\\\/cropped-LogoBlanco.png\",\"@id\":\"https:\\\/\\\/elprogresivo.mx\\\/index.php\\\/2026\\\/08\\\/31\\\/qrobus-mueve-mil-autobuses-para-el-regreso-a-clases-en-queretaro\\\/#organizationLogo\",\"width\":2096,\"height\":332},\"image\":{\"@id\":\"https:\\\/\\\/elprogresivo.mx\\\/index.php\\\/2026\\\/08\\\/31\\\/qrobus-mueve-mil-autobuses-para-el-regreso-a-clases-en-queretaro\\\/#organizationLogo\"}},{\"@type\":\"Person\",\"@id\":\"https:\\\/\\\/elprogresivo.mx\\\/index.php\\\/author\\\/emmanuel-galvan\\\/#author\",\"url\":\"https:\\\/\\\/elprogresivo.mx\\\/index.php\\\/author\\\/emmanuel-galvan\\\/\",\"name\":\"Staff\",\"image\":{\"@type\":\"ImageObject\",\"@id\":\"https:\\\/\\\/elprogresivo.mx\\\/index.php\\\/2026\\\/08\\\/31\\\/qrobus-mueve-mil-autobuses-para-el-regreso-a-clases-en-queretaro\\\/#authorImage\",\"url\":\"https:\\\/\\\/secure.gravatar.com\\\/avatar\\\/3bb87242634c3adf910515f41e6e392ab758b98c8ee7fd12a54fcb5270441486?s=96&d=mm&r=g\",\"width\":96,\"height\":96,\"caption\":\"Staff\"}},{\"@type\":\"WebPage\",\"@id\":\"https:\\\/\\\/elprogresivo.mx\\\/index.php\\\/2026\\\/08\\\/31\\\/qrobus-mueve-mil-autobuses-para-el-regreso-a-clases-en-queretaro\\\/#webpage\",\"url\":\"https:\\\/\\\/elprogresivo.mx\\\/index.php\\\/2026\\\/08\\\/31\\\/qrobus-mueve-mil-autobuses-para-el-regreso-a-clases-en-queretaro\\\/\",\"name\":\"Qrobus mueve mil autobuses para el regreso a clases en Quer\\u00e9taro - elprogresivo.mx\",\"description\":\"Casi mil autobuses salieron a las calles de Quer\\u00e9taro este lunes para recibir a m\\u00e1s de 80 mil estudiantes en su regreso a clases. Gerardo Cuanalo Santos, director de la Agencia de Movilidad del Estado (AMEQ), estuvo en el Centro de Monitoreo de Qrobus verificando que cada unidad cumpla su horario. El objetivo es claro:\",\"inLanguage\":\"es-MX\",\"isPartOf\":{\"@id\":\"https:\\\/\\\/elprogresivo.mx\\\/#website\"},\"breadcrumb\":{\"@id\":\"https:\\\/\\\/elprogresivo.mx\\\/index.php\\\/2026\\\/08\\\/31\\\/qrobus-mueve-mil-autobuses-para-el-regreso-a-clases-en-queretaro\\\/#breadcrumblist\"},\"author\":{\"@id\":\"https:\\\/\\\/elprogresivo.mx\\\/index.php\\\/author\\\/emmanuel-galvan\\\/#author\"},\"creator\":{\"@id\":\"https:\\\/\\\/elprogresivo.mx\\\/index.php\\\/author\\\/emmanuel-galvan\\\/#author\"},\"image\":{\"@type\":\"ImageObject\",\"url\":\"https:\\\/\\\/elprogresivo.mx\\\/wp-content\\\/uploads\\\/2026\\\/08\\\/noticia_20260831100804.jpg\",\"@id\":\"https:\\\/\\\/elprogresivo.mx\\\/index.php\\\/2026\\\/08\\\/31\\\/qrobus-mueve-mil-autobuses-para-el-regreso-a-clases-en-queretaro\\\/#mainImage\",\"width\":1700,\"height\":1133},\"primaryImageOfPage\":{\"@id\":\"https:\\\/\\\/elprogresivo.mx\\\/index.php\\\/2026\\\/08\\\/31\\\/qrobus-mueve-mil-autobuses-para-el-regreso-a-clases-en-queretaro\\\/#mainImage\"},\"datePublished\":\"2026-08-31T16:08:16+00:00\",\"dateModified\":\"2026-08-31T16:08:16+00:00\"},{\"@type\":\"WebSite\",\"@id\":\"https:\\\/\\\/elprogresivo.mx\\\/#website\",\"url\":\"https:\\\/\\\/elprogresivo.mx\\\/\",\"name\":\"elprogresivo.mx\",\"description\":\"Construimos una nueva etapa en informaci\\u00f3n\",\"inLanguage\":\"es-MX\",\"publisher\":{\"@id\":\"https:\\\/\\\/elprogresivo.mx\\\/#organization\"}}]}\n\t\t<\/script>\n\t\t<!-- All in One SEO -->\n\n","aioseo_head_json":{"title":"Qrobus mueve mil autobuses para el regreso a clases en Quer\u00e9taro - elprogresivo.mx","description":"Casi mil autobuses salieron a las calles de Quer\u00e9taro este lunes para recibir a m\u00e1s de 80 mil estudiantes en su regreso a clases. Gerardo Cuanalo Santos, director de la Agencia de Movilidad del Estado (AMEQ), estuvo en el Centro de Monitoreo de Qrobus verificando que cada unidad cumpla su horario. El objetivo es claro:","canonical_url":"https:\/\/elprogresivo.mx\/index.php\/2026\/08\/31\/qrobus-mueve-mil-autobuses-para-el-regreso-a-clases-en-queretaro\/","robots":"max-image-preview:large","keywords":"","webmasterTools":{"miscellaneous":""},"schema":{"@context":"https:\/\/schema.org","@graph":[{"@type":"BlogPosting","@id":"https:\/\/elprogresivo.mx\/index.php\/2026\/08\/31\/qrobus-mueve-mil-autobuses-para-el-regreso-a-clases-en-queretaro\/#blogposting","name":"Qrobus mueve mil autobuses para el regreso a clases en Quer\u00e9taro - elprogresivo.mx","headline":"Qrobus mueve mil autobuses para el regreso a clases en Quer\u00e9taro","author":{"@id":"https:\/\/elprogresivo.mx\/index.php\/author\/emmanuel-galvan\/#author"},"publisher":{"@id":"https:\/\/elprogresivo.mx\/#organization"},"image":{"@type":"ImageObject","url":"https:\/\/elprogresivo.mx\/wp-content\/uploads\/2026\/08\/noticia_20260831100804.jpg","width":1700,"height":1133},"datePublished":"2026-08-31T16:08:16+00:00","dateModified":"2026-08-31T16:08:16+00:00","inLanguage":"es-MX","mainEntityOfPage":{"@id":"https:\/\/elprogresivo.mx\/index.php\/2026\/08\/31\/qrobus-mueve-mil-autobuses-para-el-regreso-a-clases-en-queretaro\/#webpage"},"isPartOf":{"@id":"https:\/\/elprogresivo.mx\/index.php\/2026\/08\/31\/qrobus-mueve-mil-autobuses-para-el-regreso-a-clases-en-queretaro\/#webpage"},"articleSection":"Blog, 300 a\u00f1os Acueducto Quer\u00e9taro El Marqu\u00e9s, Alianza por la Educaci\u00f3n y la Paz, app Qrobus, regreso a clases Quer\u00e9taro 2026, tr\u00e1nsito"},{"@type":"BreadcrumbList","@id":"https:\/\/elprogresivo.mx\/index.php\/2026\/08\/31\/qrobus-mueve-mil-autobuses-para-el-regreso-a-clases-en-queretaro\/#breadcrumblist","itemListElement":[{"@type":"ListItem","@id":"https:\/\/elprogresivo.mx#listItem","position":1,"name":"Home","item":"https:\/\/elprogresivo.mx","nextItem":{"@type":"ListItem","@id":"https:\/\/elprogresivo.mx\/index.php\/category\/blog\/#listItem","name":"Blog"}},{"@type":"ListItem","@id":"https:\/\/elprogresivo.mx\/index.php\/category\/blog\/#listItem","position":2,"name":"Blog","item":"https:\/\/elprogresivo.mx\/index.php\/category\/blog\/","nextItem":{"@type":"ListItem","@id":"https:\/\/elprogresivo.mx\/index.php\/2026\/08\/31\/qrobus-mueve-mil-autobuses-para-el-regreso-a-clases-en-queretaro\/#listItem","name":"Qrobus mueve mil autobuses para el regreso a clases en Quer\u00e9taro"},"previousItem":{"@type":"ListItem","@id":"https:\/\/elprogresivo.mx#listItem","name":"Home"}},{"@type":"ListItem","@id":"https:\/\/elprogresivo.mx\/index.php\/2026\/08\/31\/qrobus-mueve-mil-autobuses-para-el-regreso-a-clases-en-queretaro\/#listItem","position":3,"name":"Qrobus mueve mil autobuses para el regreso a clases en Quer\u00e9taro","previousItem":{"@type":"ListItem","@id":"https:\/\/elprogresivo.mx\/index.php\/category\/blog\/#listItem","name":"Blog"}}]},{"@type":"Organization","@id":"https:\/\/elprogresivo.mx\/#organization","name":"elprogresivo.mx","description":"Construimos una nueva etapa en informaci\u00f3n","url":"https:\/\/elprogresivo.mx\/","logo":{"@type":"ImageObject","url":"https:\/\/elprogresivo.mx\/wp-content\/uploads\/2024\/02\/cropped-LogoBlanco.png","@id":"https:\/\/elprogresivo.mx\/index.php\/2026\/08\/31\/qrobus-mueve-mil-autobuses-para-el-regreso-a-clases-en-queretaro\/#organizationLogo","width":2096,"height":332},"image":{"@id":"https:\/\/elprogresivo.mx\/index.php\/2026\/08\/31\/qrobus-mueve-mil-autobuses-para-el-regreso-a-clases-en-queretaro\/#organizationLogo"}},{"@type":"Person","@id":"https:\/\/elprogresivo.mx\/index.php\/author\/emmanuel-galvan\/#author","url":"https:\/\/elprogresivo.mx\/index.php\/author\/emmanuel-galvan\/","name":"Staff","image":{"@type":"ImageObject","@id":"https:\/\/elprogresivo.mx\/index.php\/2026\/08\/31\/qrobus-mueve-mil-autobuses-para-el-regreso-a-clases-en-queretaro\/#authorImage","url":"https:\/\/secure.gravatar.com\/avatar\/3bb87242634c3adf910515f41e6e392ab758b98c8ee7fd12a54fcb5270441486?s=96&d=mm&r=g","width":96,"height":96,"caption":"Staff"}},{"@type":"WebPage","@id":"https:\/\/elprogresivo.mx\/index.php\/2026\/08\/31\/qrobus-mueve-mil-autobuses-para-el-regreso-a-clases-en-queretaro\/#webpage","url":"https:\/\/elprogresivo.mx\/index.php\/2026\/08\/31\/qrobus-mueve-mil-autobuses-para-el-regreso-a-clases-en-queretaro\/","name":"Qrobus mueve mil autobuses para el regreso a clases en Quer\u00e9taro - elprogresivo.mx","description":"Casi mil autobuses salieron a las calles de Quer\u00e9taro este lunes para recibir a m\u00e1s de 80 mil estudiantes en su regreso a clases. Gerardo Cuanalo Santos, director de la Agencia de Movilidad del Estado (AMEQ), estuvo en el Centro de Monitoreo de Qrobus verificando que cada unidad cumpla su horario. El objetivo es claro:","inLanguage":"es-MX","isPartOf":{"@id":"https:\/\/elprogresivo.mx\/#website"},"breadcrumb":{"@id":"https:\/\/elprogresivo.mx\/index.php\/2026\/08\/31\/qrobus-mueve-mil-autobuses-para-el-regreso-a-clases-en-queretaro\/#breadcrumblist"},"author":{"@id":"https:\/\/elprogresivo.mx\/index.php\/author\/emmanuel-galvan\/#author"},"creator":{"@id":"https:\/\/elprogresivo.mx\/index.php\/author\/emmanuel-galvan\/#author"},"image":{"@type":"ImageObject","url":"https:\/\/elprogresivo.mx\/wp-content\/uploads\/2026\/08\/noticia_20260831100804.jpg","@id":"https:\/\/elprogresivo.mx\/index.php\/2026\/08\/31\/qrobus-mueve-mil-autobuses-para-el-regreso-a-clases-en-queretaro\/#mainImage","width":1700,"height":1133},"primaryImageOfPage":{"@id":"https:\/\/elprogresivo.mx\/index.php\/2026\/08\/31\/qrobus-mueve-mil-autobuses-para-el-regreso-a-clases-en-queretaro\/#mainImage"},"datePublished":"2026-08-31T16:08:16+00:00","dateModified":"2026-08-31T16:08:16+00:00"},{"@type":"WebSite","@id":"https:\/\/elprogresivo.mx\/#website","url":"https:\/\/elprogresivo.mx\/","name":"elprogresivo.mx","description":"Construimos una nueva etapa en informaci\u00f3n","inLanguage":"es-MX","publisher":{"@id":"https:\/\/elprogresivo.mx\/#organization"}}]},"og:locale":"es_MX","og:site_name":"elprogresivo.mx - Construimos una nueva etapa en informaci\u00f3n","og:type":"article","og:title":"Qrobus mueve mil autobuses para el regreso a clases en Quer\u00e9taro - elprogresivo.mx","og:description":"Casi mil autobuses salieron a las calles de Quer\u00e9taro este lunes para recibir a m\u00e1s de 80 mil estudiantes en su regreso a clases. Gerardo Cuanalo Santos, director de la Agencia de Movilidad del Estado (AMEQ), estuvo en el Centro de Monitoreo de Qrobus verificando que cada unidad cumpla su horario. El objetivo es claro:","og:url":"https:\/\/elprogresivo.mx\/index.php\/2026\/08\/31\/qrobus-mueve-mil-autobuses-para-el-regreso-a-clases-en-queretaro\/","og:image":"https:\/\/elprogresivo.mx\/wp-content\/uploads\/2024\/02\/cropped-LogoBlanco.png","og:image:secure_url":"https:\/\/elprogresivo.mx\/wp-content\/uploads\/2024\/02\/cropped-LogoBlanco.png","article:published_time":"2026-08-31T16:08:16+00:00","article:modified_time":"2026-08-31T16:08:16+00:00","twitter:card":"summary_large_image","twitter:title":"Qrobus mueve mil autobuses para el regreso a clases en Quer\u00e9taro - elprogresivo.mx","twitter:description":"Casi mil autobuses salieron a las calles de Quer\u00e9taro este lunes para recibir a m\u00e1s de 80 mil estudiantes en su regreso a clases. Gerardo Cuanalo Santos, director de la Agencia de Movilidad del Estado (AMEQ), estuvo en el Centro de Monitoreo de Qrobus verificando que cada unidad cumpla su horario. El objetivo es claro:","twitter:image":"https:\/\/elprogresivo.mx\/wp-content\/uploads\/2024\/02\/cropped-LogoBlanco.png"},"aioseo_meta_data":{"post_id":"4771","title":null,"description":null,"keywords":null,"keyphrases":{"focus":[],"additional":[]},"primary_term":null,"canonical_url":null,"og_title":null,"og_description":null,"og_object_type":"default","og_image_type":"default","og_image_url":null,"og_image_width":null,"og_image_height":null,"og_image_custom_url":null,"og_image_custom_fields":null,"og_video":null,"og_custom_url":null,"og_article_section":null,"og_article_tags":null,"twitter_use_og":false,"twitter_card":"default","twitter_image_type":"default","twitter_image_url":null,"twitter_image_custom_url":null,"twitter_image_custom_fields":null,"twitter_title":null,"twitter_description":null,"schema":{"blockGraphs":[],"customGraphs":[],"default":{"data":{"Article":[],"Course":[],"Dataset":[],"FAQPage":[],"Movie":[],"Person":[],"Product":[],"ProductReview":[],"Car":[],"Recipe":[],"Service":[],"SoftwareApplication":[],"WebPage":[]},"graphName":"","isEnabled":true},"graphs":[]},"schema_type":"default","schema_type_options":null,"pillar_content":false,"robots_default":true,"robots_noindex":false,"robots_noarchive":false,"robots_nosnippet":false,"robots_nofollow":false,"robots_noimageindex":false,"robots_noodp":false,"robots_notranslate":false,"robots_max_snippet":null,"robots_max_videopreview":null,"robots_max_imagepreview":"large","priority":null,"frequency":null,"local_seo":null,"limit_modified_date":false,"created":"2026-08-31 16:34:38","updated":"2026-08-31 16:57:50","ai":null,"breadcrumb_settings":null,"seo_analyzer_scan_date":null,"focus_keyword":null,"additional_keywords":null,"truseo_locale":null},"aioseo_breadcrumb":"<div class=\"aioseo-breadcrumbs\"><span class=\"aioseo-breadcrumb\">\n\t\t\t<a href=\"https:\/\/elprogresivo.mx\" title=\"Home\">Home<\/a>\n\t\t<\/span><span class=\"aioseo-breadcrumb-separator\">&raquo;<\/span><span class=\"aioseo-breadcrumb\">\n\t\t\t<a href=\"https:\/\/elprogresivo.mx\/index.php\/category\/blog\/\" title=\"Blog\">Blog<\/a>\n\t\t<\/span><span class=\"aioseo-breadcrumb-separator\">&raquo;<\/span><span class=\"aioseo-breadcrumb\">\n\t\t\tQrobus mueve mil autobuses para el regreso a clases en Quer\u00e9taro\n\t\t<\/span><\/div>","aioseo_breadcrumb_json":[{"label":"Home","link":"https:\/\/elprogresivo.mx"},{"label":"Blog","link":"https:\/\/elprogresivo.mx\/index.php\/category\/blog\/"},{"label":"Qrobus mueve mil autobuses para el regreso a clases en Quer\u00e9taro","link":"https:\/\/elprogresivo.mx\/index.php\/2026\/08\/31\/qrobus-mueve-mil-autobuses-para-el-regreso-a-clases-en-queretaro\/"}],"jetpack_publicize_connections":[],"_links":{"self":[{"href":"https:\/\/elprogresivo.mx\/index.php\/wp-json\/wp\/v2\/posts\/4771","targetHints":{"allow":["GET"]}}],"collection":[{"href":"https:\/\/elprogresivo.mx\/index.php\/wp-json\/wp\/v2\/posts"}],"about":[{"href":"https:\/\/elprogresivo.mx\/index.php\/wp-json\/wp\/v2\/types\/post"}],"author":[{"embeddable":true,"href":"https:\/\/elprogresivo.mx\/index.php\/wp-json\/wp\/v2\/users\/5"}],"replies":[{"embeddable":true,"href":"https:\/\/elprogresivo.mx\/index.php\/wp-json\/wp\/v2\/comments?post=4771"}],"version-history":[{"count":0,"href":"https:\/\/elprogresivo.mx\/index.php\/wp-json\/wp\/v2\/posts\/4771\/revisions"}],"wp:featuredmedia":[{"embeddable":true,"href":"https:\/\/elprogresivo.mx\/index.php\/wp-json\/wp\/v2\/media\/4770"}],"wp:attachment":[{"href":"https:\/\/elprogresivo.mx\/index.php\/wp-json\/wp\/v2\/media?parent=4771"}],"wp:term":[{"taxonomy":"category","embeddable":true,"href":"https:\/\/elprogresivo.mx\/index.php\/wp-json\/wp\/v2\/categories?post=4771"},{"taxonomy":"post_tag","embeddable":true,"href":"https:\/\/elprogresivo.mx\/index.php\/wp-json\/wp\/v2\/tags?post=4771"}],"curies":[{"name":"wp","href":"https:\/\/api.w.org\/{rel}","templated":true}]}}