{"id":4769,"date":"2026-08-31T16:07:31","date_gmt":"2026-08-31T16:07:31","guid":{"rendered":"https:\/\/elprogresivo.mx\/index.php\/2026\/08\/31\/180-jovenes-de-queretaro-ejecutaron-485-acciones-sociales\/"},"modified":"2026-08-31T16:07:31","modified_gmt":"2026-08-31T16:07:31","slug":"180-jovenes-de-queretaro-ejecutaron-485-acciones-sociales","status":"publish","type":"post","link":"https:\/\/elprogresivo.mx\/index.php\/2026\/08\/31\/180-jovenes-de-queretaro-ejecutaron-485-acciones-sociales\/","title":{"rendered":"180 j\u00f3venes de Quer\u00e9taro ejecutaron 485 acciones sociales"},"content":{"rendered":"<p>Cien quince j\u00f3venes queretanos viajaron a Colombia, Per\u00fa, Canad\u00e1, Uruguay y Argentina para intercambiar experiencias. Este programa forma parte de las acciones de la Secretar\u00eda de la Juventud (SEJUVE) durante el Mes de la Juventud.<\/p>\n<p>Virginia Hern\u00e1ndez V\u00e1zquez, titular de la dependencia, explic\u00f3 que cuando los j\u00f3venes tienen espacios para participar, sus proyectos se convierten en trabajo real que cambia sus comunidades. La clave es pasar de la idea a la acci\u00f3n concreta.<\/p>\n<p>Para organizar este esfuerzo, el gobierno cre\u00f3 la Red Estatal de Juventudes, llamada \u201cConecta 18\u201d. Este grupo re\u00fane a 180 representantes, uno por cada municipio del estado. Juntos, estos j\u00f3venes llevaron a cabo 485 acciones sociales en sus localidades.<\/p>\n<p>La SEJUVE tambi\u00e9n distingui\u00f3 el trabajo de 137 j\u00f3venes. El reconocimiento se entreg\u00f3 a trav\u00e9s del Premio Estatal de la Juventud, la Plataforma Debat\u00e1moslo y la Legislatura Juvenil. El objetivo es visibilizar el talento y la participaci\u00f3n ciudadana.<\/p>\n<p>En el \u00e1mbito cient\u00edfico, 35 estudiantes especializados en ciencia, tecnolog\u00eda, ingenier\u00eda y matem\u00e1ticas viajaron a Houston, Texas. Representaron a Quer\u00e9taro en el International Air &#038; Space Program, celebrado en el centro espacial de la NASA.<\/p>\n","protected":false},"excerpt":{"rendered":"<p>Cien quince j\u00f3venes queretanos viajaron a Colombia, Per\u00fa, Canad\u00e1, Uruguay y Argentina para intercambiar experiencias&#8230;.<\/p>\n","protected":false},"author":5,"featured_media":4768,"comment_status":"open","ping_status":"open","sticky":false,"template":"","format":"standard","meta":{"om_disable_all_campaigns":false,"_monsterinsights_skip_tracking":false,"footnotes":"","jetpack_publicize_message":"","jetpack_publicize_feature_enabled":true,"jetpack_social_post_already_shared":true,"jetpack_social_options":{"image_generator_settings":{"template":"highway","default_image_id":0,"font":"","enabled":false},"version":2}},"categories":[1],"tags":[876,1802,655,2026,1178],"class_list":["post-4769","post","type-post","status-publish","format-standard","has-post-thumbnail","hentry","category-blog","tag-300-anos-acueducto-queretaro-el-marques","tag-alianza-por-la-educacion-y-la-paz","tag-chepe-guerrero-juventud-corregidora","tag-gobierno-estatal","tag-sejuve"],"aioseo_notices":[],"aioseo_head":"\n\t\t<!-- All in One SEO 5.0.1.1 - aioseo.com -->\n\t<meta name=\"description\" content=\"Cien quince j\u00f3venes queretanos viajaron a Colombia, Per\u00fa, Canad\u00e1, Uruguay y Argentina para intercambiar experiencias. Este programa forma parte de las acciones de la Secretar\u00eda de la Juventud (SEJUVE) durante el Mes de la Juventud. Virginia Hern\u00e1ndez V\u00e1zquez, titular de la dependencia, explic\u00f3 que cuando los j\u00f3venes tienen espacios para participar, sus proyectos se convierten\" \/>\n\t<meta name=\"robots\" content=\"max-image-preview:large\" \/>\n\t<meta name=\"author\" content=\"Staff\"\/>\n\t<link rel=\"canonical\" href=\"https:\/\/elprogresivo.mx\/index.php\/2026\/08\/31\/180-jovenes-de-queretaro-ejecutaron-485-acciones-sociales\/\" \/>\n\t<meta name=\"generator\" content=\"All in One SEO (AIOSEO) 5.0.1.1\" \/>\n\t\t<meta property=\"og:locale\" content=\"es_MX\" \/>\n\t\t<meta property=\"og:site_name\" content=\"elprogresivo.mx - Construimos una nueva etapa en informaci\u00f3n\" \/>\n\t\t<meta property=\"og:type\" content=\"article\" \/>\n\t\t<meta property=\"og:title\" content=\"180 j\u00f3venes de Quer\u00e9taro ejecutaron 485 acciones sociales - elprogresivo.mx\" \/>\n\t\t<meta property=\"og:description\" content=\"Cien quince j\u00f3venes queretanos viajaron a Colombia, Per\u00fa, Canad\u00e1, Uruguay y Argentina para intercambiar experiencias. Este programa forma parte de las acciones de la Secretar\u00eda de la Juventud (SEJUVE) durante el Mes de la Juventud. Virginia Hern\u00e1ndez V\u00e1zquez, titular de la dependencia, explic\u00f3 que cuando los j\u00f3venes tienen espacios para participar, sus proyectos se convierten\" \/>\n\t\t<meta property=\"og:url\" content=\"https:\/\/elprogresivo.mx\/index.php\/2026\/08\/31\/180-jovenes-de-queretaro-ejecutaron-485-acciones-sociales\/\" \/>\n\t\t<meta property=\"og:image\" content=\"https:\/\/elprogresivo.mx\/wp-content\/uploads\/2024\/02\/cropped-LogoBlanco.png\" \/>\n\t\t<meta property=\"og:image:secure_url\" content=\"https:\/\/elprogresivo.mx\/wp-content\/uploads\/2024\/02\/cropped-LogoBlanco.png\" \/>\n\t\t<meta property=\"article:published_time\" content=\"2026-08-31T16:07:31+00:00\" \/>\n\t\t<meta property=\"article:modified_time\" content=\"2026-08-31T16:07:31+00:00\" \/>\n\t\t<meta name=\"twitter:card\" content=\"summary_large_image\" \/>\n\t\t<meta name=\"twitter:title\" content=\"180 j\u00f3venes de Quer\u00e9taro ejecutaron 485 acciones sociales - elprogresivo.mx\" \/>\n\t\t<meta name=\"twitter:description\" content=\"Cien quince j\u00f3venes queretanos viajaron a Colombia, Per\u00fa, Canad\u00e1, Uruguay y Argentina para intercambiar experiencias. Este programa forma parte de las acciones de la Secretar\u00eda de la Juventud (SEJUVE) durante el Mes de la Juventud. Virginia Hern\u00e1ndez V\u00e1zquez, titular de la dependencia, explic\u00f3 que cuando los j\u00f3venes tienen espacios para participar, sus proyectos se convierten\" \/>\n\t\t<meta name=\"twitter:image\" content=\"https:\/\/elprogresivo.mx\/wp-content\/uploads\/2024\/02\/cropped-LogoBlanco.png\" \/>\n\t\t<script type=\"application\/ld+json\" class=\"aioseo-schema\">\n\t\t\t{\"@context\":\"https:\\\/\\\/schema.org\",\"@graph\":[{\"@type\":\"BlogPosting\",\"@id\":\"https:\\\/\\\/elprogresivo.mx\\\/index.php\\\/2026\\\/08\\\/31\\\/180-jovenes-de-queretaro-ejecutaron-485-acciones-sociales\\\/#blogposting\",\"name\":\"180 j\\u00f3venes de Quer\\u00e9taro ejecutaron 485 acciones sociales - elprogresivo.mx\",\"headline\":\"180 j\\u00f3venes de Quer\\u00e9taro ejecutaron 485 acciones sociales\",\"author\":{\"@id\":\"https:\\\/\\\/elprogresivo.mx\\\/index.php\\\/author\\\/emmanuel-galvan\\\/#author\"},\"publisher\":{\"@id\":\"https:\\\/\\\/elprogresivo.mx\\\/#organization\"},\"image\":{\"@type\":\"ImageObject\",\"url\":\"https:\\\/\\\/elprogresivo.mx\\\/wp-content\\\/uploads\\\/2026\\\/08\\\/noticia_20260831100724.jpg\",\"width\":1280,\"height\":960},\"datePublished\":\"2026-08-31T16:07:31+00:00\",\"dateModified\":\"2026-08-31T16:07:31+00:00\",\"inLanguage\":\"es-MX\",\"mainEntityOfPage\":{\"@id\":\"https:\\\/\\\/elprogresivo.mx\\\/index.php\\\/2026\\\/08\\\/31\\\/180-jovenes-de-queretaro-ejecutaron-485-acciones-sociales\\\/#webpage\"},\"isPartOf\":{\"@id\":\"https:\\\/\\\/elprogresivo.mx\\\/index.php\\\/2026\\\/08\\\/31\\\/180-jovenes-de-queretaro-ejecutaron-485-acciones-sociales\\\/#webpage\"},\"articleSection\":\"Blog, 300 a\\u00f1os Acueducto Quer\\u00e9taro El Marqu\\u00e9s, Alianza por la Educaci\\u00f3n y la Paz, Chepe Guerrero juventud Corregidora, Gobierno Estatal, SEJUVE\"},{\"@type\":\"BreadcrumbList\",\"@id\":\"https:\\\/\\\/elprogresivo.mx\\\/index.php\\\/2026\\\/08\\\/31\\\/180-jovenes-de-queretaro-ejecutaron-485-acciones-sociales\\\/#breadcrumblist\",\"itemListElement\":[{\"@type\":\"ListItem\",\"@id\":\"https:\\\/\\\/elprogresivo.mx#listItem\",\"position\":1,\"name\":\"Home\",\"item\":\"https:\\\/\\\/elprogresivo.mx\",\"nextItem\":{\"@type\":\"ListItem\",\"@id\":\"https:\\\/\\\/elprogresivo.mx\\\/index.php\\\/category\\\/blog\\\/#listItem\",\"name\":\"Blog\"}},{\"@type\":\"ListItem\",\"@id\":\"https:\\\/\\\/elprogresivo.mx\\\/index.php\\\/category\\\/blog\\\/#listItem\",\"position\":2,\"name\":\"Blog\",\"item\":\"https:\\\/\\\/elprogresivo.mx\\\/index.php\\\/category\\\/blog\\\/\",\"nextItem\":{\"@type\":\"ListItem\",\"@id\":\"https:\\\/\\\/elprogresivo.mx\\\/index.php\\\/2026\\\/08\\\/31\\\/180-jovenes-de-queretaro-ejecutaron-485-acciones-sociales\\\/#listItem\",\"name\":\"180 j\\u00f3venes de Quer\\u00e9taro ejecutaron 485 acciones sociales\"},\"previousItem\":{\"@type\":\"ListItem\",\"@id\":\"https:\\\/\\\/elprogresivo.mx#listItem\",\"name\":\"Home\"}},{\"@type\":\"ListItem\",\"@id\":\"https:\\\/\\\/elprogresivo.mx\\\/index.php\\\/2026\\\/08\\\/31\\\/180-jovenes-de-queretaro-ejecutaron-485-acciones-sociales\\\/#listItem\",\"position\":3,\"name\":\"180 j\\u00f3venes de Quer\\u00e9taro ejecutaron 485 acciones sociales\",\"previousItem\":{\"@type\":\"ListItem\",\"@id\":\"https:\\\/\\\/elprogresivo.mx\\\/index.php\\\/category\\\/blog\\\/#listItem\",\"name\":\"Blog\"}}]},{\"@type\":\"Organization\",\"@id\":\"https:\\\/\\\/elprogresivo.mx\\\/#organization\",\"name\":\"elprogresivo.mx\",\"description\":\"Construimos una nueva etapa en informaci\\u00f3n\",\"url\":\"https:\\\/\\\/elprogresivo.mx\\\/\",\"logo\":{\"@type\":\"ImageObject\",\"url\":\"https:\\\/\\\/elprogresivo.mx\\\/wp-content\\\/uploads\\\/2024\\\/02\\\/cropped-LogoBlanco.png\",\"@id\":\"https:\\\/\\\/elprogresivo.mx\\\/index.php\\\/2026\\\/08\\\/31\\\/180-jovenes-de-queretaro-ejecutaron-485-acciones-sociales\\\/#organizationLogo\",\"width\":2096,\"height\":332},\"image\":{\"@id\":\"https:\\\/\\\/elprogresivo.mx\\\/index.php\\\/2026\\\/08\\\/31\\\/180-jovenes-de-queretaro-ejecutaron-485-acciones-sociales\\\/#organizationLogo\"}},{\"@type\":\"Person\",\"@id\":\"https:\\\/\\\/elprogresivo.mx\\\/index.php\\\/author\\\/emmanuel-galvan\\\/#author\",\"url\":\"https:\\\/\\\/elprogresivo.mx\\\/index.php\\\/author\\\/emmanuel-galvan\\\/\",\"name\":\"Staff\",\"image\":{\"@type\":\"ImageObject\",\"@id\":\"https:\\\/\\\/elprogresivo.mx\\\/index.php\\\/2026\\\/08\\\/31\\\/180-jovenes-de-queretaro-ejecutaron-485-acciones-sociales\\\/#authorImage\",\"url\":\"https:\\\/\\\/secure.gravatar.com\\\/avatar\\\/3bb87242634c3adf910515f41e6e392ab758b98c8ee7fd12a54fcb5270441486?s=96&d=mm&r=g\",\"width\":96,\"height\":96,\"caption\":\"Staff\"}},{\"@type\":\"WebPage\",\"@id\":\"https:\\\/\\\/elprogresivo.mx\\\/index.php\\\/2026\\\/08\\\/31\\\/180-jovenes-de-queretaro-ejecutaron-485-acciones-sociales\\\/#webpage\",\"url\":\"https:\\\/\\\/elprogresivo.mx\\\/index.php\\\/2026\\\/08\\\/31\\\/180-jovenes-de-queretaro-ejecutaron-485-acciones-sociales\\\/\",\"name\":\"180 j\\u00f3venes de Quer\\u00e9taro ejecutaron 485 acciones sociales - elprogresivo.mx\",\"description\":\"Cien quince j\\u00f3venes queretanos viajaron a Colombia, Per\\u00fa, Canad\\u00e1, Uruguay y Argentina para intercambiar experiencias. Este programa forma parte de las acciones de la Secretar\\u00eda de la Juventud (SEJUVE) durante el Mes de la Juventud. Virginia Hern\\u00e1ndez V\\u00e1zquez, titular de la dependencia, explic\\u00f3 que cuando los j\\u00f3venes tienen espacios para participar, sus proyectos se convierten\",\"inLanguage\":\"es-MX\",\"isPartOf\":{\"@id\":\"https:\\\/\\\/elprogresivo.mx\\\/#website\"},\"breadcrumb\":{\"@id\":\"https:\\\/\\\/elprogresivo.mx\\\/index.php\\\/2026\\\/08\\\/31\\\/180-jovenes-de-queretaro-ejecutaron-485-acciones-sociales\\\/#breadcrumblist\"},\"author\":{\"@id\":\"https:\\\/\\\/elprogresivo.mx\\\/index.php\\\/author\\\/emmanuel-galvan\\\/#author\"},\"creator\":{\"@id\":\"https:\\\/\\\/elprogresivo.mx\\\/index.php\\\/author\\\/emmanuel-galvan\\\/#author\"},\"image\":{\"@type\":\"ImageObject\",\"url\":\"https:\\\/\\\/elprogresivo.mx\\\/wp-content\\\/uploads\\\/2026\\\/08\\\/noticia_20260831100724.jpg\",\"@id\":\"https:\\\/\\\/elprogresivo.mx\\\/index.php\\\/2026\\\/08\\\/31\\\/180-jovenes-de-queretaro-ejecutaron-485-acciones-sociales\\\/#mainImage\",\"width\":1280,\"height\":960},\"primaryImageOfPage\":{\"@id\":\"https:\\\/\\\/elprogresivo.mx\\\/index.php\\\/2026\\\/08\\\/31\\\/180-jovenes-de-queretaro-ejecutaron-485-acciones-sociales\\\/#mainImage\"},\"datePublished\":\"2026-08-31T16:07:31+00:00\",\"dateModified\":\"2026-08-31T16:07:31+00:00\"},{\"@type\":\"WebSite\",\"@id\":\"https:\\\/\\\/elprogresivo.mx\\\/#website\",\"url\":\"https:\\\/\\\/elprogresivo.mx\\\/\",\"name\":\"elprogresivo.mx\",\"description\":\"Construimos una nueva etapa en informaci\\u00f3n\",\"inLanguage\":\"es-MX\",\"publisher\":{\"@id\":\"https:\\\/\\\/elprogresivo.mx\\\/#organization\"}}]}\n\t\t<\/script>\n\t\t<!-- All in One SEO -->\n\n","aioseo_head_json":{"title":"180 j\u00f3venes de Quer\u00e9taro ejecutaron 485 acciones sociales - elprogresivo.mx","description":"Cien quince j\u00f3venes queretanos viajaron a Colombia, Per\u00fa, Canad\u00e1, Uruguay y Argentina para intercambiar experiencias. Este programa forma parte de las acciones de la Secretar\u00eda de la Juventud (SEJUVE) durante el Mes de la Juventud. Virginia Hern\u00e1ndez V\u00e1zquez, titular de la dependencia, explic\u00f3 que cuando los j\u00f3venes tienen espacios para participar, sus proyectos se convierten","canonical_url":"https:\/\/elprogresivo.mx\/index.php\/2026\/08\/31\/180-jovenes-de-queretaro-ejecutaron-485-acciones-sociales\/","robots":"max-image-preview:large","keywords":"","webmasterTools":{"miscellaneous":""},"schema":{"@context":"https:\/\/schema.org","@graph":[{"@type":"BlogPosting","@id":"https:\/\/elprogresivo.mx\/index.php\/2026\/08\/31\/180-jovenes-de-queretaro-ejecutaron-485-acciones-sociales\/#blogposting","name":"180 j\u00f3venes de Quer\u00e9taro ejecutaron 485 acciones sociales - elprogresivo.mx","headline":"180 j\u00f3venes de Quer\u00e9taro ejecutaron 485 acciones sociales","author":{"@id":"https:\/\/elprogresivo.mx\/index.php\/author\/emmanuel-galvan\/#author"},"publisher":{"@id":"https:\/\/elprogresivo.mx\/#organization"},"image":{"@type":"ImageObject","url":"https:\/\/elprogresivo.mx\/wp-content\/uploads\/2026\/08\/noticia_20260831100724.jpg","width":1280,"height":960},"datePublished":"2026-08-31T16:07:31+00:00","dateModified":"2026-08-31T16:07:31+00:00","inLanguage":"es-MX","mainEntityOfPage":{"@id":"https:\/\/elprogresivo.mx\/index.php\/2026\/08\/31\/180-jovenes-de-queretaro-ejecutaron-485-acciones-sociales\/#webpage"},"isPartOf":{"@id":"https:\/\/elprogresivo.mx\/index.php\/2026\/08\/31\/180-jovenes-de-queretaro-ejecutaron-485-acciones-sociales\/#webpage"},"articleSection":"Blog, 300 a\u00f1os Acueducto Quer\u00e9taro El Marqu\u00e9s, Alianza por la Educaci\u00f3n y la Paz, Chepe Guerrero juventud Corregidora, Gobierno Estatal, SEJUVE"},{"@type":"BreadcrumbList","@id":"https:\/\/elprogresivo.mx\/index.php\/2026\/08\/31\/180-jovenes-de-queretaro-ejecutaron-485-acciones-sociales\/#breadcrumblist","itemListElement":[{"@type":"ListItem","@id":"https:\/\/elprogresivo.mx#listItem","position":1,"name":"Home","item":"https:\/\/elprogresivo.mx","nextItem":{"@type":"ListItem","@id":"https:\/\/elprogresivo.mx\/index.php\/category\/blog\/#listItem","name":"Blog"}},{"@type":"ListItem","@id":"https:\/\/elprogresivo.mx\/index.php\/category\/blog\/#listItem","position":2,"name":"Blog","item":"https:\/\/elprogresivo.mx\/index.php\/category\/blog\/","nextItem":{"@type":"ListItem","@id":"https:\/\/elprogresivo.mx\/index.php\/2026\/08\/31\/180-jovenes-de-queretaro-ejecutaron-485-acciones-sociales\/#listItem","name":"180 j\u00f3venes de Quer\u00e9taro ejecutaron 485 acciones sociales"},"previousItem":{"@type":"ListItem","@id":"https:\/\/elprogresivo.mx#listItem","name":"Home"}},{"@type":"ListItem","@id":"https:\/\/elprogresivo.mx\/index.php\/2026\/08\/31\/180-jovenes-de-queretaro-ejecutaron-485-acciones-sociales\/#listItem","position":3,"name":"180 j\u00f3venes de Quer\u00e9taro ejecutaron 485 acciones sociales","previousItem":{"@type":"ListItem","@id":"https:\/\/elprogresivo.mx\/index.php\/category\/blog\/#listItem","name":"Blog"}}]},{"@type":"Organization","@id":"https:\/\/elprogresivo.mx\/#organization","name":"elprogresivo.mx","description":"Construimos una nueva etapa en informaci\u00f3n","url":"https:\/\/elprogresivo.mx\/","logo":{"@type":"ImageObject","url":"https:\/\/elprogresivo.mx\/wp-content\/uploads\/2024\/02\/cropped-LogoBlanco.png","@id":"https:\/\/elprogresivo.mx\/index.php\/2026\/08\/31\/180-jovenes-de-queretaro-ejecutaron-485-acciones-sociales\/#organizationLogo","width":2096,"height":332},"image":{"@id":"https:\/\/elprogresivo.mx\/index.php\/2026\/08\/31\/180-jovenes-de-queretaro-ejecutaron-485-acciones-sociales\/#organizationLogo"}},{"@type":"Person","@id":"https:\/\/elprogresivo.mx\/index.php\/author\/emmanuel-galvan\/#author","url":"https:\/\/elprogresivo.mx\/index.php\/author\/emmanuel-galvan\/","name":"Staff","image":{"@type":"ImageObject","@id":"https:\/\/elprogresivo.mx\/index.php\/2026\/08\/31\/180-jovenes-de-queretaro-ejecutaron-485-acciones-sociales\/#authorImage","url":"https:\/\/secure.gravatar.com\/avatar\/3bb87242634c3adf910515f41e6e392ab758b98c8ee7fd12a54fcb5270441486?s=96&d=mm&r=g","width":96,"height":96,"caption":"Staff"}},{"@type":"WebPage","@id":"https:\/\/elprogresivo.mx\/index.php\/2026\/08\/31\/180-jovenes-de-queretaro-ejecutaron-485-acciones-sociales\/#webpage","url":"https:\/\/elprogresivo.mx\/index.php\/2026\/08\/31\/180-jovenes-de-queretaro-ejecutaron-485-acciones-sociales\/","name":"180 j\u00f3venes de Quer\u00e9taro ejecutaron 485 acciones sociales - elprogresivo.mx","description":"Cien quince j\u00f3venes queretanos viajaron a Colombia, Per\u00fa, Canad\u00e1, Uruguay y Argentina para intercambiar experiencias. Este programa forma parte de las acciones de la Secretar\u00eda de la Juventud (SEJUVE) durante el Mes de la Juventud. Virginia Hern\u00e1ndez V\u00e1zquez, titular de la dependencia, explic\u00f3 que cuando los j\u00f3venes tienen espacios para participar, sus proyectos se convierten","inLanguage":"es-MX","isPartOf":{"@id":"https:\/\/elprogresivo.mx\/#website"},"breadcrumb":{"@id":"https:\/\/elprogresivo.mx\/index.php\/2026\/08\/31\/180-jovenes-de-queretaro-ejecutaron-485-acciones-sociales\/#breadcrumblist"},"author":{"@id":"https:\/\/elprogresivo.mx\/index.php\/author\/emmanuel-galvan\/#author"},"creator":{"@id":"https:\/\/elprogresivo.mx\/index.php\/author\/emmanuel-galvan\/#author"},"image":{"@type":"ImageObject","url":"https:\/\/elprogresivo.mx\/wp-content\/uploads\/2026\/08\/noticia_20260831100724.jpg","@id":"https:\/\/elprogresivo.mx\/index.php\/2026\/08\/31\/180-jovenes-de-queretaro-ejecutaron-485-acciones-sociales\/#mainImage","width":1280,"height":960},"primaryImageOfPage":{"@id":"https:\/\/elprogresivo.mx\/index.php\/2026\/08\/31\/180-jovenes-de-queretaro-ejecutaron-485-acciones-sociales\/#mainImage"},"datePublished":"2026-08-31T16:07:31+00:00","dateModified":"2026-08-31T16:07:31+00:00"},{"@type":"WebSite","@id":"https:\/\/elprogresivo.mx\/#website","url":"https:\/\/elprogresivo.mx\/","name":"elprogresivo.mx","description":"Construimos una nueva etapa en informaci\u00f3n","inLanguage":"es-MX","publisher":{"@id":"https:\/\/elprogresivo.mx\/#organization"}}]},"og:locale":"es_MX","og:site_name":"elprogresivo.mx - Construimos una nueva etapa en informaci\u00f3n","og:type":"article","og:title":"180 j\u00f3venes de Quer\u00e9taro ejecutaron 485 acciones sociales - elprogresivo.mx","og:description":"Cien quince j\u00f3venes queretanos viajaron a Colombia, Per\u00fa, Canad\u00e1, Uruguay y Argentina para intercambiar experiencias. Este programa forma parte de las acciones de la Secretar\u00eda de la Juventud (SEJUVE) durante el Mes de la Juventud. Virginia Hern\u00e1ndez V\u00e1zquez, titular de la dependencia, explic\u00f3 que cuando los j\u00f3venes tienen espacios para participar, sus proyectos se convierten","og:url":"https:\/\/elprogresivo.mx\/index.php\/2026\/08\/31\/180-jovenes-de-queretaro-ejecutaron-485-acciones-sociales\/","og:image":"https:\/\/elprogresivo.mx\/wp-content\/uploads\/2024\/02\/cropped-LogoBlanco.png","og:image:secure_url":"https:\/\/elprogresivo.mx\/wp-content\/uploads\/2024\/02\/cropped-LogoBlanco.png","article:published_time":"2026-08-31T16:07:31+00:00","article:modified_time":"2026-08-31T16:07:31+00:00","twitter:card":"summary_large_image","twitter:title":"180 j\u00f3venes de Quer\u00e9taro ejecutaron 485 acciones sociales - elprogresivo.mx","twitter:description":"Cien quince j\u00f3venes queretanos viajaron a Colombia, Per\u00fa, Canad\u00e1, Uruguay y Argentina para intercambiar experiencias. Este programa forma parte de las acciones de la Secretar\u00eda de la Juventud (SEJUVE) durante el Mes de la Juventud. Virginia Hern\u00e1ndez V\u00e1zquez, titular de la dependencia, explic\u00f3 que cuando los j\u00f3venes tienen espacios para participar, sus proyectos se convierten","twitter:image":"https:\/\/elprogresivo.mx\/wp-content\/uploads\/2024\/02\/cropped-LogoBlanco.png"},"aioseo_meta_data":{"post_id":"4769","title":null,"description":null,"keywords":null,"keyphrases":{"focus":[],"additional":[]},"primary_term":null,"canonical_url":null,"og_title":null,"og_description":null,"og_object_type":"default","og_image_type":"default","og_image_url":null,"og_image_width":null,"og_image_height":null,"og_image_custom_url":null,"og_image_custom_fields":null,"og_video":null,"og_custom_url":null,"og_article_section":null,"og_article_tags":null,"twitter_use_og":false,"twitter_card":"default","twitter_image_type":"default","twitter_image_url":null,"twitter_image_custom_url":null,"twitter_image_custom_fields":null,"twitter_title":null,"twitter_description":null,"schema":{"blockGraphs":[],"customGraphs":[],"default":{"data":{"Article":[],"Course":[],"Dataset":[],"FAQPage":[],"Movie":[],"Person":[],"Product":[],"ProductReview":[],"Car":[],"Recipe":[],"Service":[],"SoftwareApplication":[],"WebPage":[]},"graphName":"","isEnabled":true},"graphs":[]},"schema_type":"default","schema_type_options":null,"pillar_content":false,"robots_default":true,"robots_noindex":false,"robots_noarchive":false,"robots_nosnippet":false,"robots_nofollow":false,"robots_noimageindex":false,"robots_noodp":false,"robots_notranslate":false,"robots_max_snippet":null,"robots_max_videopreview":null,"robots_max_imagepreview":"large","priority":null,"frequency":null,"local_seo":null,"limit_modified_date":false,"created":"2026-08-31 16:34:38","updated":"2026-08-31 16:57:51","ai":null,"breadcrumb_settings":null,"seo_analyzer_scan_date":null,"focus_keyword":null,"additional_keywords":null,"truseo_locale":null},"aioseo_breadcrumb":"<div class=\"aioseo-breadcrumbs\"><span class=\"aioseo-breadcrumb\">\n\t\t\t<a href=\"https:\/\/elprogresivo.mx\" title=\"Home\">Home<\/a>\n\t\t<\/span><span class=\"aioseo-breadcrumb-separator\">&raquo;<\/span><span class=\"aioseo-breadcrumb\">\n\t\t\t<a href=\"https:\/\/elprogresivo.mx\/index.php\/category\/blog\/\" title=\"Blog\">Blog<\/a>\n\t\t<\/span><span class=\"aioseo-breadcrumb-separator\">&raquo;<\/span><span class=\"aioseo-breadcrumb\">\n\t\t\t180 j\u00f3venes de Quer\u00e9taro ejecutaron 485 acciones sociales\n\t\t<\/span><\/div>","aioseo_breadcrumb_json":[{"label":"Home","link":"https:\/\/elprogresivo.mx"},{"label":"Blog","link":"https:\/\/elprogresivo.mx\/index.php\/category\/blog\/"},{"label":"180 j\u00f3venes de Quer\u00e9taro ejecutaron 485 acciones sociales","link":"https:\/\/elprogresivo.mx\/index.php\/2026\/08\/31\/180-jovenes-de-queretaro-ejecutaron-485-acciones-sociales\/"}],"jetpack_publicize_connections":[],"_links":{"self":[{"href":"https:\/\/elprogresivo.mx\/index.php\/wp-json\/wp\/v2\/posts\/4769","targetHints":{"allow":["GET"]}}],"collection":[{"href":"https:\/\/elprogresivo.mx\/index.php\/wp-json\/wp\/v2\/posts"}],"about":[{"href":"https:\/\/elprogresivo.mx\/index.php\/wp-json\/wp\/v2\/types\/post"}],"author":[{"embeddable":true,"href":"https:\/\/elprogresivo.mx\/index.php\/wp-json\/wp\/v2\/users\/5"}],"replies":[{"embeddable":true,"href":"https:\/\/elprogresivo.mx\/index.php\/wp-json\/wp\/v2\/comments?post=4769"}],"version-history":[{"count":0,"href":"https:\/\/elprogresivo.mx\/index.php\/wp-json\/wp\/v2\/posts\/4769\/revisions"}],"wp:featuredmedia":[{"embeddable":true,"href":"https:\/\/elprogresivo.mx\/index.php\/wp-json\/wp\/v2\/media\/4768"}],"wp:attachment":[{"href":"https:\/\/elprogresivo.mx\/index.php\/wp-json\/wp\/v2\/media?parent=4769"}],"wp:term":[{"taxonomy":"category","embeddable":true,"href":"https:\/\/elprogresivo.mx\/index.php\/wp-json\/wp\/v2\/categories?post=4769"},{"taxonomy":"post_tag","embeddable":true,"href":"https:\/\/elprogresivo.mx\/index.php\/wp-json\/wp\/v2\/tags?post=4769"}],"curies":[{"name":"wp","href":"https:\/\/api.w.org\/{rel}","templated":true}]}}