{"id":4767,"date":"2026-08-31T15:55:37","date_gmt":"2026-08-31T15:55:37","guid":{"rendered":"https:\/\/elprogresivo.mx\/index.php\/2026\/08\/31\/mil-500-adultos-mayores-bailan-en-queretaro-este-2026\/"},"modified":"2026-08-31T15:55:37","modified_gmt":"2026-08-31T15:55:37","slug":"mil-500-adultos-mayores-bailan-en-queretaro-este-2026","status":"publish","type":"post","link":"https:\/\/elprogresivo.mx\/index.php\/2026\/08\/31\/mil-500-adultos-mayores-bailan-en-queretaro-este-2026\/","title":{"rendered":"Mil 500 adultos mayores bailan en Quer\u00e9taro este 2026"},"content":{"rendered":"<p>Mil 500 personas llenaron la pista de baile en Quer\u00e9taro para celebrar el D\u00eda de las Personas Adultas Mayores este 28 de agosto. El gobernador Mauricio Kuri Gonz\u00e1lez y Car Herrera de Kuri, presidenta del Sistema Estatal DIF, encabezaron el evento junto a familiares y amigos de los asistentes.<\/p>\n<p>Al llegar a la festividad, Kuri Gonz\u00e1lez dijo que la juventud depende de los sue\u00f1os que uno tenga. Sugeri\u00f3 a los presentes vivir sin miedo en un estado que, a su decir, goza de paz y productividad.<\/p>\n<p>\u00abTodos los que estamos ac\u00e1 les debemos mucho a los que nos hicieron favor de dejarnos un estado en paz, un estado con much\u00edsima productividad y un estado que tiene futuro, gracias a nuestro pasado, y estamos construyendo el futuro desde este momento\u00bb, afirm\u00f3.<\/p>\n<p>Car Herrera se\u00f1al\u00f3 que con este baile cierran las actividades del mes dedicado a los adultos mayores. Insisti\u00f3 en la necesidad de escuchar a este grupo, eliminar la discriminaci\u00f3n por edad y evitar prejuicios sociales para fomentar su autonom\u00eda.<\/p>\n<p>\u00d3scar G\u00f3mez Niembro, director general del SEDIF, a\u00f1adi\u00f3 que la noche sirve para celebrar los a\u00f1os vividos y las historias compartidas. Destac\u00f3 que detr\u00e1s de cada asistente hay una familia, hijos, nietos y amigos que han dejado huella.<\/p>\n<p>Paola Fern\u00e1ndez Trejo, procuradora de Atenci\u00f3n y Protecci\u00f3n Integral a Personas Adultas Mayores, explic\u00f3 que el evento busca mejorar la calidad de vida de los adultos mayores. El objetivo es desarrollar habilidades sociales y mejorar sus condiciones f\u00edsicas y emocionales.<\/p>\n<p>El grupo Acapulco Tropical, la Orquesta 5 Estrellas y un DJ amenizaron la noche. Asistieron el presidente municipal Felifer Mac\u00edas, el secretario de Desarrollo Social Luis Nava, el senador Agust\u00edn Dorantes, la reina estatal de Adultos Mayores 2026 M\u00e1xima Camacho Flores y el Rey de Oro Efra\u00edn Serv\u00edn Gonz\u00e1lez, entre otros invitados.<\/p>\n","protected":false},"excerpt":{"rendered":"<p>Mil 500 personas llenaron la pista de baile en Quer\u00e9taro para celebrar el D\u00eda de&#8230;<\/p>\n","protected":false},"author":5,"featured_media":4766,"comment_status":"open","ping_status":"open","sticky":false,"template":"","format":"standard","meta":{"om_disable_all_campaigns":false,"_monsterinsights_skip_tracking":false,"footnotes":"","jetpack_publicize_message":"","jetpack_publicize_feature_enabled":true,"jetpack_social_post_already_shared":true,"jetpack_social_options":{"image_generator_settings":{"template":"highway","default_image_id":0,"font":"","enabled":false},"version":2}},"categories":[1,71],"tags":[876,2393,556,129,2049],"class_list":["post-4767","post","type-post","status-publish","format-standard","has-post-thumbnail","hentry","category-blog","category-principal","tag-300-anos-acueducto-queretaro-el-marques","tag-adultos-mayores","tag-carmelita-ballesteros-dif","tag-mauricio-kuri","tag-sedif"],"aioseo_notices":[],"aioseo_head":"\n\t\t<!-- All in One SEO 5.0.1.1 - aioseo.com -->\n\t<meta name=\"description\" content=\"Mil 500 personas llenaron la pista de baile en Quer\u00e9taro para celebrar el D\u00eda de las Personas Adultas Mayores este 28 de agosto. El gobernador Mauricio Kuri Gonz\u00e1lez y Car Herrera de Kuri, presidenta del Sistema Estatal DIF, encabezaron el evento junto a familiares y amigos de los asistentes. Al llegar a la festividad, Kuri\" \/>\n\t<meta name=\"robots\" content=\"max-image-preview:large\" \/>\n\t<meta name=\"author\" content=\"Staff\"\/>\n\t<link rel=\"canonical\" href=\"https:\/\/elprogresivo.mx\/index.php\/2026\/08\/31\/mil-500-adultos-mayores-bailan-en-queretaro-este-2026\/\" \/>\n\t<meta name=\"generator\" content=\"All in One SEO (AIOSEO) 5.0.1.1\" \/>\n\t\t<meta property=\"og:locale\" content=\"es_MX\" \/>\n\t\t<meta property=\"og:site_name\" content=\"elprogresivo.mx - Construimos una nueva etapa en informaci\u00f3n\" \/>\n\t\t<meta property=\"og:type\" content=\"article\" \/>\n\t\t<meta property=\"og:title\" content=\"Mil 500 adultos mayores bailan en Quer\u00e9taro este 2026 - elprogresivo.mx\" \/>\n\t\t<meta property=\"og:description\" content=\"Mil 500 personas llenaron la pista de baile en Quer\u00e9taro para celebrar el D\u00eda de las Personas Adultas Mayores este 28 de agosto. El gobernador Mauricio Kuri Gonz\u00e1lez y Car Herrera de Kuri, presidenta del Sistema Estatal DIF, encabezaron el evento junto a familiares y amigos de los asistentes. Al llegar a la festividad, Kuri\" \/>\n\t\t<meta property=\"og:url\" content=\"https:\/\/elprogresivo.mx\/index.php\/2026\/08\/31\/mil-500-adultos-mayores-bailan-en-queretaro-este-2026\/\" \/>\n\t\t<meta property=\"og:image\" content=\"https:\/\/elprogresivo.mx\/wp-content\/uploads\/2024\/02\/cropped-LogoBlanco.png\" \/>\n\t\t<meta property=\"og:image:secure_url\" content=\"https:\/\/elprogresivo.mx\/wp-content\/uploads\/2024\/02\/cropped-LogoBlanco.png\" \/>\n\t\t<meta property=\"article:published_time\" content=\"2026-08-31T15:55:37+00:00\" \/>\n\t\t<meta property=\"article:modified_time\" content=\"2026-08-31T15:55:37+00:00\" \/>\n\t\t<meta name=\"twitter:card\" content=\"summary_large_image\" \/>\n\t\t<meta name=\"twitter:title\" content=\"Mil 500 adultos mayores bailan en Quer\u00e9taro este 2026 - elprogresivo.mx\" \/>\n\t\t<meta name=\"twitter:description\" content=\"Mil 500 personas llenaron la pista de baile en Quer\u00e9taro para celebrar el D\u00eda de las Personas Adultas Mayores este 28 de agosto. El gobernador Mauricio Kuri Gonz\u00e1lez y Car Herrera de Kuri, presidenta del Sistema Estatal DIF, encabezaron el evento junto a familiares y amigos de los asistentes. Al llegar a la festividad, Kuri\" \/>\n\t\t<meta name=\"twitter:image\" content=\"https:\/\/elprogresivo.mx\/wp-content\/uploads\/2024\/02\/cropped-LogoBlanco.png\" \/>\n\t\t<script type=\"application\/ld+json\" class=\"aioseo-schema\">\n\t\t\t{\"@context\":\"https:\\\/\\\/schema.org\",\"@graph\":[{\"@type\":\"BlogPosting\",\"@id\":\"https:\\\/\\\/elprogresivo.mx\\\/index.php\\\/2026\\\/08\\\/31\\\/mil-500-adultos-mayores-bailan-en-queretaro-este-2026\\\/#blogposting\",\"name\":\"Mil 500 adultos mayores bailan en Quer\\u00e9taro este 2026 - elprogresivo.mx\",\"headline\":\"Mil 500 adultos mayores bailan en Quer\\u00e9taro este 2026\",\"author\":{\"@id\":\"https:\\\/\\\/elprogresivo.mx\\\/index.php\\\/author\\\/emmanuel-galvan\\\/#author\"},\"publisher\":{\"@id\":\"https:\\\/\\\/elprogresivo.mx\\\/#organization\"},\"image\":{\"@type\":\"ImageObject\",\"url\":\"https:\\\/\\\/elprogresivo.mx\\\/wp-content\\\/uploads\\\/2026\\\/08\\\/noticia_20260831095530.jpg\",\"width\":1280,\"height\":720},\"datePublished\":\"2026-08-31T15:55:37+00:00\",\"dateModified\":\"2026-08-31T15:55:37+00:00\",\"inLanguage\":\"es-MX\",\"mainEntityOfPage\":{\"@id\":\"https:\\\/\\\/elprogresivo.mx\\\/index.php\\\/2026\\\/08\\\/31\\\/mil-500-adultos-mayores-bailan-en-queretaro-este-2026\\\/#webpage\"},\"isPartOf\":{\"@id\":\"https:\\\/\\\/elprogresivo.mx\\\/index.php\\\/2026\\\/08\\\/31\\\/mil-500-adultos-mayores-bailan-en-queretaro-este-2026\\\/#webpage\"},\"articleSection\":\"Blog, Principal, 300 a\\u00f1os Acueducto Quer\\u00e9taro El Marqu\\u00e9s, adultos mayores, Carmelita Ballesteros DIF, Mauricio Kuri, SEDIF\"},{\"@type\":\"BreadcrumbList\",\"@id\":\"https:\\\/\\\/elprogresivo.mx\\\/index.php\\\/2026\\\/08\\\/31\\\/mil-500-adultos-mayores-bailan-en-queretaro-este-2026\\\/#breadcrumblist\",\"itemListElement\":[{\"@type\":\"ListItem\",\"@id\":\"https:\\\/\\\/elprogresivo.mx#listItem\",\"position\":1,\"name\":\"Home\",\"item\":\"https:\\\/\\\/elprogresivo.mx\",\"nextItem\":{\"@type\":\"ListItem\",\"@id\":\"https:\\\/\\\/elprogresivo.mx\\\/index.php\\\/category\\\/blog\\\/#listItem\",\"name\":\"Blog\"}},{\"@type\":\"ListItem\",\"@id\":\"https:\\\/\\\/elprogresivo.mx\\\/index.php\\\/category\\\/blog\\\/#listItem\",\"position\":2,\"name\":\"Blog\",\"item\":\"https:\\\/\\\/elprogresivo.mx\\\/index.php\\\/category\\\/blog\\\/\",\"nextItem\":{\"@type\":\"ListItem\",\"@id\":\"https:\\\/\\\/elprogresivo.mx\\\/index.php\\\/2026\\\/08\\\/31\\\/mil-500-adultos-mayores-bailan-en-queretaro-este-2026\\\/#listItem\",\"name\":\"Mil 500 adultos mayores bailan en Quer\\u00e9taro este 2026\"},\"previousItem\":{\"@type\":\"ListItem\",\"@id\":\"https:\\\/\\\/elprogresivo.mx#listItem\",\"name\":\"Home\"}},{\"@type\":\"ListItem\",\"@id\":\"https:\\\/\\\/elprogresivo.mx\\\/index.php\\\/2026\\\/08\\\/31\\\/mil-500-adultos-mayores-bailan-en-queretaro-este-2026\\\/#listItem\",\"position\":3,\"name\":\"Mil 500 adultos mayores bailan en Quer\\u00e9taro este 2026\",\"previousItem\":{\"@type\":\"ListItem\",\"@id\":\"https:\\\/\\\/elprogresivo.mx\\\/index.php\\\/category\\\/blog\\\/#listItem\",\"name\":\"Blog\"}}]},{\"@type\":\"Organization\",\"@id\":\"https:\\\/\\\/elprogresivo.mx\\\/#organization\",\"name\":\"elprogresivo.mx\",\"description\":\"Construimos una nueva etapa en informaci\\u00f3n\",\"url\":\"https:\\\/\\\/elprogresivo.mx\\\/\",\"logo\":{\"@type\":\"ImageObject\",\"url\":\"https:\\\/\\\/elprogresivo.mx\\\/wp-content\\\/uploads\\\/2024\\\/02\\\/cropped-LogoBlanco.png\",\"@id\":\"https:\\\/\\\/elprogresivo.mx\\\/index.php\\\/2026\\\/08\\\/31\\\/mil-500-adultos-mayores-bailan-en-queretaro-este-2026\\\/#organizationLogo\",\"width\":2096,\"height\":332},\"image\":{\"@id\":\"https:\\\/\\\/elprogresivo.mx\\\/index.php\\\/2026\\\/08\\\/31\\\/mil-500-adultos-mayores-bailan-en-queretaro-este-2026\\\/#organizationLogo\"}},{\"@type\":\"Person\",\"@id\":\"https:\\\/\\\/elprogresivo.mx\\\/index.php\\\/author\\\/emmanuel-galvan\\\/#author\",\"url\":\"https:\\\/\\\/elprogresivo.mx\\\/index.php\\\/author\\\/emmanuel-galvan\\\/\",\"name\":\"Staff\",\"image\":{\"@type\":\"ImageObject\",\"@id\":\"https:\\\/\\\/elprogresivo.mx\\\/index.php\\\/2026\\\/08\\\/31\\\/mil-500-adultos-mayores-bailan-en-queretaro-este-2026\\\/#authorImage\",\"url\":\"https:\\\/\\\/secure.gravatar.com\\\/avatar\\\/3bb87242634c3adf910515f41e6e392ab758b98c8ee7fd12a54fcb5270441486?s=96&d=mm&r=g\",\"width\":96,\"height\":96,\"caption\":\"Staff\"}},{\"@type\":\"WebPage\",\"@id\":\"https:\\\/\\\/elprogresivo.mx\\\/index.php\\\/2026\\\/08\\\/31\\\/mil-500-adultos-mayores-bailan-en-queretaro-este-2026\\\/#webpage\",\"url\":\"https:\\\/\\\/elprogresivo.mx\\\/index.php\\\/2026\\\/08\\\/31\\\/mil-500-adultos-mayores-bailan-en-queretaro-este-2026\\\/\",\"name\":\"Mil 500 adultos mayores bailan en Quer\\u00e9taro este 2026 - elprogresivo.mx\",\"description\":\"Mil 500 personas llenaron la pista de baile en Quer\\u00e9taro para celebrar el D\\u00eda de las Personas Adultas Mayores este 28 de agosto. El gobernador Mauricio Kuri Gonz\\u00e1lez y Car Herrera de Kuri, presidenta del Sistema Estatal DIF, encabezaron el evento junto a familiares y amigos de los asistentes. Al llegar a la festividad, Kuri\",\"inLanguage\":\"es-MX\",\"isPartOf\":{\"@id\":\"https:\\\/\\\/elprogresivo.mx\\\/#website\"},\"breadcrumb\":{\"@id\":\"https:\\\/\\\/elprogresivo.mx\\\/index.php\\\/2026\\\/08\\\/31\\\/mil-500-adultos-mayores-bailan-en-queretaro-este-2026\\\/#breadcrumblist\"},\"author\":{\"@id\":\"https:\\\/\\\/elprogresivo.mx\\\/index.php\\\/author\\\/emmanuel-galvan\\\/#author\"},\"creator\":{\"@id\":\"https:\\\/\\\/elprogresivo.mx\\\/index.php\\\/author\\\/emmanuel-galvan\\\/#author\"},\"image\":{\"@type\":\"ImageObject\",\"url\":\"https:\\\/\\\/elprogresivo.mx\\\/wp-content\\\/uploads\\\/2026\\\/08\\\/noticia_20260831095530.jpg\",\"@id\":\"https:\\\/\\\/elprogresivo.mx\\\/index.php\\\/2026\\\/08\\\/31\\\/mil-500-adultos-mayores-bailan-en-queretaro-este-2026\\\/#mainImage\",\"width\":1280,\"height\":720},\"primaryImageOfPage\":{\"@id\":\"https:\\\/\\\/elprogresivo.mx\\\/index.php\\\/2026\\\/08\\\/31\\\/mil-500-adultos-mayores-bailan-en-queretaro-este-2026\\\/#mainImage\"},\"datePublished\":\"2026-08-31T15:55:37+00:00\",\"dateModified\":\"2026-08-31T15:55:37+00:00\"},{\"@type\":\"WebSite\",\"@id\":\"https:\\\/\\\/elprogresivo.mx\\\/#website\",\"url\":\"https:\\\/\\\/elprogresivo.mx\\\/\",\"name\":\"elprogresivo.mx\",\"description\":\"Construimos una nueva etapa en informaci\\u00f3n\",\"inLanguage\":\"es-MX\",\"publisher\":{\"@id\":\"https:\\\/\\\/elprogresivo.mx\\\/#organization\"}}]}\n\t\t<\/script>\n\t\t<!-- All in One SEO -->\n\n","aioseo_head_json":{"title":"Mil 500 adultos mayores bailan en Quer\u00e9taro este 2026 - elprogresivo.mx","description":"Mil 500 personas llenaron la pista de baile en Quer\u00e9taro para celebrar el D\u00eda de las Personas Adultas Mayores este 28 de agosto. El gobernador Mauricio Kuri Gonz\u00e1lez y Car Herrera de Kuri, presidenta del Sistema Estatal DIF, encabezaron el evento junto a familiares y amigos de los asistentes. Al llegar a la festividad, Kuri","canonical_url":"https:\/\/elprogresivo.mx\/index.php\/2026\/08\/31\/mil-500-adultos-mayores-bailan-en-queretaro-este-2026\/","robots":"max-image-preview:large","keywords":"","webmasterTools":{"miscellaneous":""},"schema":{"@context":"https:\/\/schema.org","@graph":[{"@type":"BlogPosting","@id":"https:\/\/elprogresivo.mx\/index.php\/2026\/08\/31\/mil-500-adultos-mayores-bailan-en-queretaro-este-2026\/#blogposting","name":"Mil 500 adultos mayores bailan en Quer\u00e9taro este 2026 - elprogresivo.mx","headline":"Mil 500 adultos mayores bailan en Quer\u00e9taro este 2026","author":{"@id":"https:\/\/elprogresivo.mx\/index.php\/author\/emmanuel-galvan\/#author"},"publisher":{"@id":"https:\/\/elprogresivo.mx\/#organization"},"image":{"@type":"ImageObject","url":"https:\/\/elprogresivo.mx\/wp-content\/uploads\/2026\/08\/noticia_20260831095530.jpg","width":1280,"height":720},"datePublished":"2026-08-31T15:55:37+00:00","dateModified":"2026-08-31T15:55:37+00:00","inLanguage":"es-MX","mainEntityOfPage":{"@id":"https:\/\/elprogresivo.mx\/index.php\/2026\/08\/31\/mil-500-adultos-mayores-bailan-en-queretaro-este-2026\/#webpage"},"isPartOf":{"@id":"https:\/\/elprogresivo.mx\/index.php\/2026\/08\/31\/mil-500-adultos-mayores-bailan-en-queretaro-este-2026\/#webpage"},"articleSection":"Blog, Principal, 300 a\u00f1os Acueducto Quer\u00e9taro El Marqu\u00e9s, adultos mayores, Carmelita Ballesteros DIF, Mauricio Kuri, SEDIF"},{"@type":"BreadcrumbList","@id":"https:\/\/elprogresivo.mx\/index.php\/2026\/08\/31\/mil-500-adultos-mayores-bailan-en-queretaro-este-2026\/#breadcrumblist","itemListElement":[{"@type":"ListItem","@id":"https:\/\/elprogresivo.mx#listItem","position":1,"name":"Home","item":"https:\/\/elprogresivo.mx","nextItem":{"@type":"ListItem","@id":"https:\/\/elprogresivo.mx\/index.php\/category\/blog\/#listItem","name":"Blog"}},{"@type":"ListItem","@id":"https:\/\/elprogresivo.mx\/index.php\/category\/blog\/#listItem","position":2,"name":"Blog","item":"https:\/\/elprogresivo.mx\/index.php\/category\/blog\/","nextItem":{"@type":"ListItem","@id":"https:\/\/elprogresivo.mx\/index.php\/2026\/08\/31\/mil-500-adultos-mayores-bailan-en-queretaro-este-2026\/#listItem","name":"Mil 500 adultos mayores bailan en Quer\u00e9taro este 2026"},"previousItem":{"@type":"ListItem","@id":"https:\/\/elprogresivo.mx#listItem","name":"Home"}},{"@type":"ListItem","@id":"https:\/\/elprogresivo.mx\/index.php\/2026\/08\/31\/mil-500-adultos-mayores-bailan-en-queretaro-este-2026\/#listItem","position":3,"name":"Mil 500 adultos mayores bailan en Quer\u00e9taro este 2026","previousItem":{"@type":"ListItem","@id":"https:\/\/elprogresivo.mx\/index.php\/category\/blog\/#listItem","name":"Blog"}}]},{"@type":"Organization","@id":"https:\/\/elprogresivo.mx\/#organization","name":"elprogresivo.mx","description":"Construimos una nueva etapa en informaci\u00f3n","url":"https:\/\/elprogresivo.mx\/","logo":{"@type":"ImageObject","url":"https:\/\/elprogresivo.mx\/wp-content\/uploads\/2024\/02\/cropped-LogoBlanco.png","@id":"https:\/\/elprogresivo.mx\/index.php\/2026\/08\/31\/mil-500-adultos-mayores-bailan-en-queretaro-este-2026\/#organizationLogo","width":2096,"height":332},"image":{"@id":"https:\/\/elprogresivo.mx\/index.php\/2026\/08\/31\/mil-500-adultos-mayores-bailan-en-queretaro-este-2026\/#organizationLogo"}},{"@type":"Person","@id":"https:\/\/elprogresivo.mx\/index.php\/author\/emmanuel-galvan\/#author","url":"https:\/\/elprogresivo.mx\/index.php\/author\/emmanuel-galvan\/","name":"Staff","image":{"@type":"ImageObject","@id":"https:\/\/elprogresivo.mx\/index.php\/2026\/08\/31\/mil-500-adultos-mayores-bailan-en-queretaro-este-2026\/#authorImage","url":"https:\/\/secure.gravatar.com\/avatar\/3bb87242634c3adf910515f41e6e392ab758b98c8ee7fd12a54fcb5270441486?s=96&d=mm&r=g","width":96,"height":96,"caption":"Staff"}},{"@type":"WebPage","@id":"https:\/\/elprogresivo.mx\/index.php\/2026\/08\/31\/mil-500-adultos-mayores-bailan-en-queretaro-este-2026\/#webpage","url":"https:\/\/elprogresivo.mx\/index.php\/2026\/08\/31\/mil-500-adultos-mayores-bailan-en-queretaro-este-2026\/","name":"Mil 500 adultos mayores bailan en Quer\u00e9taro este 2026 - elprogresivo.mx","description":"Mil 500 personas llenaron la pista de baile en Quer\u00e9taro para celebrar el D\u00eda de las Personas Adultas Mayores este 28 de agosto. El gobernador Mauricio Kuri Gonz\u00e1lez y Car Herrera de Kuri, presidenta del Sistema Estatal DIF, encabezaron el evento junto a familiares y amigos de los asistentes. Al llegar a la festividad, Kuri","inLanguage":"es-MX","isPartOf":{"@id":"https:\/\/elprogresivo.mx\/#website"},"breadcrumb":{"@id":"https:\/\/elprogresivo.mx\/index.php\/2026\/08\/31\/mil-500-adultos-mayores-bailan-en-queretaro-este-2026\/#breadcrumblist"},"author":{"@id":"https:\/\/elprogresivo.mx\/index.php\/author\/emmanuel-galvan\/#author"},"creator":{"@id":"https:\/\/elprogresivo.mx\/index.php\/author\/emmanuel-galvan\/#author"},"image":{"@type":"ImageObject","url":"https:\/\/elprogresivo.mx\/wp-content\/uploads\/2026\/08\/noticia_20260831095530.jpg","@id":"https:\/\/elprogresivo.mx\/index.php\/2026\/08\/31\/mil-500-adultos-mayores-bailan-en-queretaro-este-2026\/#mainImage","width":1280,"height":720},"primaryImageOfPage":{"@id":"https:\/\/elprogresivo.mx\/index.php\/2026\/08\/31\/mil-500-adultos-mayores-bailan-en-queretaro-este-2026\/#mainImage"},"datePublished":"2026-08-31T15:55:37+00:00","dateModified":"2026-08-31T15:55:37+00:00"},{"@type":"WebSite","@id":"https:\/\/elprogresivo.mx\/#website","url":"https:\/\/elprogresivo.mx\/","name":"elprogresivo.mx","description":"Construimos una nueva etapa en informaci\u00f3n","inLanguage":"es-MX","publisher":{"@id":"https:\/\/elprogresivo.mx\/#organization"}}]},"og:locale":"es_MX","og:site_name":"elprogresivo.mx - Construimos una nueva etapa en informaci\u00f3n","og:type":"article","og:title":"Mil 500 adultos mayores bailan en Quer\u00e9taro este 2026 - elprogresivo.mx","og:description":"Mil 500 personas llenaron la pista de baile en Quer\u00e9taro para celebrar el D\u00eda de las Personas Adultas Mayores este 28 de agosto. El gobernador Mauricio Kuri Gonz\u00e1lez y Car Herrera de Kuri, presidenta del Sistema Estatal DIF, encabezaron el evento junto a familiares y amigos de los asistentes. Al llegar a la festividad, Kuri","og:url":"https:\/\/elprogresivo.mx\/index.php\/2026\/08\/31\/mil-500-adultos-mayores-bailan-en-queretaro-este-2026\/","og:image":"https:\/\/elprogresivo.mx\/wp-content\/uploads\/2024\/02\/cropped-LogoBlanco.png","og:image:secure_url":"https:\/\/elprogresivo.mx\/wp-content\/uploads\/2024\/02\/cropped-LogoBlanco.png","article:published_time":"2026-08-31T15:55:37+00:00","article:modified_time":"2026-08-31T15:55:37+00:00","twitter:card":"summary_large_image","twitter:title":"Mil 500 adultos mayores bailan en Quer\u00e9taro este 2026 - elprogresivo.mx","twitter:description":"Mil 500 personas llenaron la pista de baile en Quer\u00e9taro para celebrar el D\u00eda de las Personas Adultas Mayores este 28 de agosto. El gobernador Mauricio Kuri Gonz\u00e1lez y Car Herrera de Kuri, presidenta del Sistema Estatal DIF, encabezaron el evento junto a familiares y amigos de los asistentes. Al llegar a la festividad, Kuri","twitter:image":"https:\/\/elprogresivo.mx\/wp-content\/uploads\/2024\/02\/cropped-LogoBlanco.png"},"aioseo_meta_data":{"post_id":"4767","title":null,"description":null,"keywords":null,"keyphrases":{"focus":[],"additional":[]},"primary_term":null,"canonical_url":null,"og_title":null,"og_description":null,"og_object_type":"default","og_image_type":"default","og_image_url":null,"og_image_width":null,"og_image_height":null,"og_image_custom_url":null,"og_image_custom_fields":null,"og_video":null,"og_custom_url":null,"og_article_section":null,"og_article_tags":null,"twitter_use_og":false,"twitter_card":"default","twitter_image_type":"default","twitter_image_url":null,"twitter_image_custom_url":null,"twitter_image_custom_fields":null,"twitter_title":null,"twitter_description":null,"schema":{"blockGraphs":[],"customGraphs":[],"default":{"data":{"Article":[],"Course":[],"Dataset":[],"FAQPage":[],"Movie":[],"Person":[],"Product":[],"ProductReview":[],"Car":[],"Recipe":[],"Service":[],"SoftwareApplication":[],"WebPage":[]},"graphName":"","isEnabled":true},"graphs":[]},"schema_type":"default","schema_type_options":null,"pillar_content":false,"robots_default":true,"robots_noindex":false,"robots_noarchive":false,"robots_nosnippet":false,"robots_nofollow":false,"robots_noimageindex":false,"robots_noodp":false,"robots_notranslate":false,"robots_max_snippet":null,"robots_max_videopreview":null,"robots_max_imagepreview":"large","priority":null,"frequency":null,"local_seo":null,"limit_modified_date":false,"created":"2026-08-31 16:34:38","updated":"2026-08-31 16:57:51","ai":null,"breadcrumb_settings":null,"seo_analyzer_scan_date":null,"focus_keyword":null,"additional_keywords":null,"truseo_locale":null},"aioseo_breadcrumb":"<div class=\"aioseo-breadcrumbs\"><span class=\"aioseo-breadcrumb\">\n\t\t\t<a href=\"https:\/\/elprogresivo.mx\" title=\"Home\">Home<\/a>\n\t\t<\/span><span class=\"aioseo-breadcrumb-separator\">&raquo;<\/span><span class=\"aioseo-breadcrumb\">\n\t\t\t<a href=\"https:\/\/elprogresivo.mx\/index.php\/category\/blog\/\" title=\"Blog\">Blog<\/a>\n\t\t<\/span><span class=\"aioseo-breadcrumb-separator\">&raquo;<\/span><span class=\"aioseo-breadcrumb\">\n\t\t\tMil 500 adultos mayores bailan en Quer\u00e9taro este 2026\n\t\t<\/span><\/div>","aioseo_breadcrumb_json":[{"label":"Home","link":"https:\/\/elprogresivo.mx"},{"label":"Blog","link":"https:\/\/elprogresivo.mx\/index.php\/category\/blog\/"},{"label":"Mil 500 adultos mayores bailan en Quer\u00e9taro este 2026","link":"https:\/\/elprogresivo.mx\/index.php\/2026\/08\/31\/mil-500-adultos-mayores-bailan-en-queretaro-este-2026\/"}],"jetpack_publicize_connections":[],"_links":{"self":[{"href":"https:\/\/elprogresivo.mx\/index.php\/wp-json\/wp\/v2\/posts\/4767","targetHints":{"allow":["GET"]}}],"collection":[{"href":"https:\/\/elprogresivo.mx\/index.php\/wp-json\/wp\/v2\/posts"}],"about":[{"href":"https:\/\/elprogresivo.mx\/index.php\/wp-json\/wp\/v2\/types\/post"}],"author":[{"embeddable":true,"href":"https:\/\/elprogresivo.mx\/index.php\/wp-json\/wp\/v2\/users\/5"}],"replies":[{"embeddable":true,"href":"https:\/\/elprogresivo.mx\/index.php\/wp-json\/wp\/v2\/comments?post=4767"}],"version-history":[{"count":0,"href":"https:\/\/elprogresivo.mx\/index.php\/wp-json\/wp\/v2\/posts\/4767\/revisions"}],"wp:featuredmedia":[{"embeddable":true,"href":"https:\/\/elprogresivo.mx\/index.php\/wp-json\/wp\/v2\/media\/4766"}],"wp:attachment":[{"href":"https:\/\/elprogresivo.mx\/index.php\/wp-json\/wp\/v2\/media?parent=4767"}],"wp:term":[{"taxonomy":"category","embeddable":true,"href":"https:\/\/elprogresivo.mx\/index.php\/wp-json\/wp\/v2\/categories?post=4767"},{"taxonomy":"post_tag","embeddable":true,"href":"https:\/\/elprogresivo.mx\/index.php\/wp-json\/wp\/v2\/tags?post=4767"}],"curies":[{"name":"wp","href":"https:\/\/api.w.org\/{rel}","templated":true}]}}