{"id":4759,"date":"2026-08-31T15:53:19","date_gmt":"2026-08-31T15:53:19","guid":{"rendered":"https:\/\/elprogresivo.mx\/index.php\/2026\/08\/31\/carrera-anual-une-a-futuros-policias-de-queretaro\/"},"modified":"2026-08-31T15:53:19","modified_gmt":"2026-08-31T15:53:19","slug":"carrera-anual-une-a-futuros-policias-de-queretaro","status":"publish","type":"post","link":"https:\/\/elprogresivo.mx\/index.php\/2026\/08\/31\/carrera-anual-une-a-futuros-policias-de-queretaro\/","title":{"rendered":"Carrera anual une a futuros polic\u00edas de Quer\u00e9taro"},"content":{"rendered":"<p>Los aspirantes a polic\u00edas de Quer\u00e9taro corrieron juntos en la cuarta edici\u00f3n de la carrera anual del CECAFIS. El evento se hizo fuera de las instalaciones del centro de formaci\u00f3n. El objetivo es que los futuros agentes practiquen la disciplina y el trabajo en equipo. Esta actividad busca crear lazos con los municipios y fortalecer la unidad entre quienes pronto proteger\u00e1n a la poblaci\u00f3n.<\/p>\n","protected":false},"excerpt":{"rendered":"<p>Los aspirantes a polic\u00edas de Quer\u00e9taro corrieron juntos en la cuarta edici\u00f3n de la carrera&#8230;<\/p>\n","protected":false},"author":5,"featured_media":4758,"comment_status":"open","ping_status":"open","sticky":false,"template":"","format":"standard","meta":{"om_disable_all_campaigns":false,"_monsterinsights_skip_tracking":false,"footnotes":"","jetpack_publicize_message":"","jetpack_publicize_feature_enabled":true,"jetpack_social_post_already_shared":true,"jetpack_social_options":{"image_generator_settings":{"template":"highway","default_image_id":0,"font":"","enabled":false},"version":2}},"categories":[1],"tags":[876,1161,546,2481,926],"class_list":["post-4759","post","type-post","status-publish","format-standard","has-post-thumbnail","hentry","category-blog","tag-300-anos-acueducto-queretaro-el-marques","tag-agencia-transformacion-digital-mexico","tag-apoyo-economico-policias","tag-cecafis","tag-centro-historico-queretaro-seguridad"],"aioseo_notices":[],"aioseo_head":"\n\t\t<!-- All in One SEO 5.0.1.1 - aioseo.com -->\n\t<meta name=\"description\" content=\"Los aspirantes a polic\u00edas de Quer\u00e9taro corrieron juntos en la cuarta edici\u00f3n de la carrera anual del CECAFIS. El evento se hizo fuera de las instalaciones del centro de formaci\u00f3n. El objetivo es que los futuros agentes practiquen la disciplina y el trabajo en equipo. Esta actividad busca crear lazos con los municipios y fortalecer\" \/>\n\t<meta name=\"robots\" content=\"max-image-preview:large\" \/>\n\t<meta name=\"author\" content=\"Staff\"\/>\n\t<link rel=\"canonical\" href=\"https:\/\/elprogresivo.mx\/index.php\/2026\/08\/31\/carrera-anual-une-a-futuros-policias-de-queretaro\/\" \/>\n\t<meta name=\"generator\" content=\"All in One SEO (AIOSEO) 5.0.1.1\" \/>\n\t\t<meta property=\"og:locale\" content=\"es_MX\" \/>\n\t\t<meta property=\"og:site_name\" content=\"elprogresivo.mx - Construimos una nueva etapa en informaci\u00f3n\" \/>\n\t\t<meta property=\"og:type\" content=\"article\" \/>\n\t\t<meta property=\"og:title\" content=\"Carrera anual une a futuros polic\u00edas de Quer\u00e9taro - elprogresivo.mx\" \/>\n\t\t<meta property=\"og:description\" content=\"Los aspirantes a polic\u00edas de Quer\u00e9taro corrieron juntos en la cuarta edici\u00f3n de la carrera anual del CECAFIS. El evento se hizo fuera de las instalaciones del centro de formaci\u00f3n. El objetivo es que los futuros agentes practiquen la disciplina y el trabajo en equipo. Esta actividad busca crear lazos con los municipios y fortalecer\" \/>\n\t\t<meta property=\"og:url\" content=\"https:\/\/elprogresivo.mx\/index.php\/2026\/08\/31\/carrera-anual-une-a-futuros-policias-de-queretaro\/\" \/>\n\t\t<meta property=\"og:image\" content=\"https:\/\/elprogresivo.mx\/wp-content\/uploads\/2024\/02\/cropped-LogoBlanco.png\" \/>\n\t\t<meta property=\"og:image:secure_url\" content=\"https:\/\/elprogresivo.mx\/wp-content\/uploads\/2024\/02\/cropped-LogoBlanco.png\" \/>\n\t\t<meta property=\"article:published_time\" content=\"2026-08-31T15:53:19+00:00\" \/>\n\t\t<meta property=\"article:modified_time\" content=\"2026-08-31T15:53:19+00:00\" \/>\n\t\t<meta name=\"twitter:card\" content=\"summary_large_image\" \/>\n\t\t<meta name=\"twitter:title\" content=\"Carrera anual une a futuros polic\u00edas de Quer\u00e9taro - elprogresivo.mx\" \/>\n\t\t<meta name=\"twitter:description\" content=\"Los aspirantes a polic\u00edas de Quer\u00e9taro corrieron juntos en la cuarta edici\u00f3n de la carrera anual del CECAFIS. El evento se hizo fuera de las instalaciones del centro de formaci\u00f3n. El objetivo es que los futuros agentes practiquen la disciplina y el trabajo en equipo. Esta actividad busca crear lazos con los municipios y fortalecer\" \/>\n\t\t<meta name=\"twitter:image\" content=\"https:\/\/elprogresivo.mx\/wp-content\/uploads\/2024\/02\/cropped-LogoBlanco.png\" \/>\n\t\t<script type=\"application\/ld+json\" class=\"aioseo-schema\">\n\t\t\t{\"@context\":\"https:\\\/\\\/schema.org\",\"@graph\":[{\"@type\":\"BlogPosting\",\"@id\":\"https:\\\/\\\/elprogresivo.mx\\\/index.php\\\/2026\\\/08\\\/31\\\/carrera-anual-une-a-futuros-policias-de-queretaro\\\/#blogposting\",\"name\":\"Carrera anual une a futuros polic\\u00edas de Quer\\u00e9taro - elprogresivo.mx\",\"headline\":\"Carrera anual une a futuros polic\\u00edas de Quer\\u00e9taro\",\"author\":{\"@id\":\"https:\\\/\\\/elprogresivo.mx\\\/index.php\\\/author\\\/emmanuel-galvan\\\/#author\"},\"publisher\":{\"@id\":\"https:\\\/\\\/elprogresivo.mx\\\/#organization\"},\"image\":{\"@type\":\"ImageObject\",\"url\":\"https:\\\/\\\/elprogresivo.mx\\\/wp-content\\\/uploads\\\/2026\\\/08\\\/noticia_20260831095311.jpg\",\"width\":1280,\"height\":960},\"datePublished\":\"2026-08-31T15:53:19+00:00\",\"dateModified\":\"2026-08-31T15:53:19+00:00\",\"inLanguage\":\"es-MX\",\"mainEntityOfPage\":{\"@id\":\"https:\\\/\\\/elprogresivo.mx\\\/index.php\\\/2026\\\/08\\\/31\\\/carrera-anual-une-a-futuros-policias-de-queretaro\\\/#webpage\"},\"isPartOf\":{\"@id\":\"https:\\\/\\\/elprogresivo.mx\\\/index.php\\\/2026\\\/08\\\/31\\\/carrera-anual-une-a-futuros-policias-de-queretaro\\\/#webpage\"},\"articleSection\":\"Blog, 300 a\\u00f1os Acueducto Quer\\u00e9taro El Marqu\\u00e9s, Agencia Transformaci\\u00f3n Digital M\\u00e9xico, apoyo econ\\u00f3mico polic\\u00edas, CECAFIS, Centro Hist\\u00f3rico Quer\\u00e9taro seguridad\"},{\"@type\":\"BreadcrumbList\",\"@id\":\"https:\\\/\\\/elprogresivo.mx\\\/index.php\\\/2026\\\/08\\\/31\\\/carrera-anual-une-a-futuros-policias-de-queretaro\\\/#breadcrumblist\",\"itemListElement\":[{\"@type\":\"ListItem\",\"@id\":\"https:\\\/\\\/elprogresivo.mx#listItem\",\"position\":1,\"name\":\"Home\",\"item\":\"https:\\\/\\\/elprogresivo.mx\",\"nextItem\":{\"@type\":\"ListItem\",\"@id\":\"https:\\\/\\\/elprogresivo.mx\\\/index.php\\\/category\\\/blog\\\/#listItem\",\"name\":\"Blog\"}},{\"@type\":\"ListItem\",\"@id\":\"https:\\\/\\\/elprogresivo.mx\\\/index.php\\\/category\\\/blog\\\/#listItem\",\"position\":2,\"name\":\"Blog\",\"item\":\"https:\\\/\\\/elprogresivo.mx\\\/index.php\\\/category\\\/blog\\\/\",\"nextItem\":{\"@type\":\"ListItem\",\"@id\":\"https:\\\/\\\/elprogresivo.mx\\\/index.php\\\/2026\\\/08\\\/31\\\/carrera-anual-une-a-futuros-policias-de-queretaro\\\/#listItem\",\"name\":\"Carrera anual une a futuros polic\\u00edas de Quer\\u00e9taro\"},\"previousItem\":{\"@type\":\"ListItem\",\"@id\":\"https:\\\/\\\/elprogresivo.mx#listItem\",\"name\":\"Home\"}},{\"@type\":\"ListItem\",\"@id\":\"https:\\\/\\\/elprogresivo.mx\\\/index.php\\\/2026\\\/08\\\/31\\\/carrera-anual-une-a-futuros-policias-de-queretaro\\\/#listItem\",\"position\":3,\"name\":\"Carrera anual une a futuros polic\\u00edas de Quer\\u00e9taro\",\"previousItem\":{\"@type\":\"ListItem\",\"@id\":\"https:\\\/\\\/elprogresivo.mx\\\/index.php\\\/category\\\/blog\\\/#listItem\",\"name\":\"Blog\"}}]},{\"@type\":\"Organization\",\"@id\":\"https:\\\/\\\/elprogresivo.mx\\\/#organization\",\"name\":\"elprogresivo.mx\",\"description\":\"Construimos una nueva etapa en informaci\\u00f3n\",\"url\":\"https:\\\/\\\/elprogresivo.mx\\\/\",\"logo\":{\"@type\":\"ImageObject\",\"url\":\"https:\\\/\\\/elprogresivo.mx\\\/wp-content\\\/uploads\\\/2024\\\/02\\\/cropped-LogoBlanco.png\",\"@id\":\"https:\\\/\\\/elprogresivo.mx\\\/index.php\\\/2026\\\/08\\\/31\\\/carrera-anual-une-a-futuros-policias-de-queretaro\\\/#organizationLogo\",\"width\":2096,\"height\":332},\"image\":{\"@id\":\"https:\\\/\\\/elprogresivo.mx\\\/index.php\\\/2026\\\/08\\\/31\\\/carrera-anual-une-a-futuros-policias-de-queretaro\\\/#organizationLogo\"}},{\"@type\":\"Person\",\"@id\":\"https:\\\/\\\/elprogresivo.mx\\\/index.php\\\/author\\\/emmanuel-galvan\\\/#author\",\"url\":\"https:\\\/\\\/elprogresivo.mx\\\/index.php\\\/author\\\/emmanuel-galvan\\\/\",\"name\":\"Staff\",\"image\":{\"@type\":\"ImageObject\",\"@id\":\"https:\\\/\\\/elprogresivo.mx\\\/index.php\\\/2026\\\/08\\\/31\\\/carrera-anual-une-a-futuros-policias-de-queretaro\\\/#authorImage\",\"url\":\"https:\\\/\\\/secure.gravatar.com\\\/avatar\\\/3bb87242634c3adf910515f41e6e392ab758b98c8ee7fd12a54fcb5270441486?s=96&d=mm&r=g\",\"width\":96,\"height\":96,\"caption\":\"Staff\"}},{\"@type\":\"WebPage\",\"@id\":\"https:\\\/\\\/elprogresivo.mx\\\/index.php\\\/2026\\\/08\\\/31\\\/carrera-anual-une-a-futuros-policias-de-queretaro\\\/#webpage\",\"url\":\"https:\\\/\\\/elprogresivo.mx\\\/index.php\\\/2026\\\/08\\\/31\\\/carrera-anual-une-a-futuros-policias-de-queretaro\\\/\",\"name\":\"Carrera anual une a futuros polic\\u00edas de Quer\\u00e9taro - elprogresivo.mx\",\"description\":\"Los aspirantes a polic\\u00edas de Quer\\u00e9taro corrieron juntos en la cuarta edici\\u00f3n de la carrera anual del CECAFIS. El evento se hizo fuera de las instalaciones del centro de formaci\\u00f3n. El objetivo es que los futuros agentes practiquen la disciplina y el trabajo en equipo. Esta actividad busca crear lazos con los municipios y fortalecer\",\"inLanguage\":\"es-MX\",\"isPartOf\":{\"@id\":\"https:\\\/\\\/elprogresivo.mx\\\/#website\"},\"breadcrumb\":{\"@id\":\"https:\\\/\\\/elprogresivo.mx\\\/index.php\\\/2026\\\/08\\\/31\\\/carrera-anual-une-a-futuros-policias-de-queretaro\\\/#breadcrumblist\"},\"author\":{\"@id\":\"https:\\\/\\\/elprogresivo.mx\\\/index.php\\\/author\\\/emmanuel-galvan\\\/#author\"},\"creator\":{\"@id\":\"https:\\\/\\\/elprogresivo.mx\\\/index.php\\\/author\\\/emmanuel-galvan\\\/#author\"},\"image\":{\"@type\":\"ImageObject\",\"url\":\"https:\\\/\\\/elprogresivo.mx\\\/wp-content\\\/uploads\\\/2026\\\/08\\\/noticia_20260831095311.jpg\",\"@id\":\"https:\\\/\\\/elprogresivo.mx\\\/index.php\\\/2026\\\/08\\\/31\\\/carrera-anual-une-a-futuros-policias-de-queretaro\\\/#mainImage\",\"width\":1280,\"height\":960},\"primaryImageOfPage\":{\"@id\":\"https:\\\/\\\/elprogresivo.mx\\\/index.php\\\/2026\\\/08\\\/31\\\/carrera-anual-une-a-futuros-policias-de-queretaro\\\/#mainImage\"},\"datePublished\":\"2026-08-31T15:53:19+00:00\",\"dateModified\":\"2026-08-31T15:53:19+00:00\"},{\"@type\":\"WebSite\",\"@id\":\"https:\\\/\\\/elprogresivo.mx\\\/#website\",\"url\":\"https:\\\/\\\/elprogresivo.mx\\\/\",\"name\":\"elprogresivo.mx\",\"description\":\"Construimos una nueva etapa en informaci\\u00f3n\",\"inLanguage\":\"es-MX\",\"publisher\":{\"@id\":\"https:\\\/\\\/elprogresivo.mx\\\/#organization\"}}]}\n\t\t<\/script>\n\t\t<!-- All in One SEO -->\n\n","aioseo_head_json":{"title":"Carrera anual une a futuros polic\u00edas de Quer\u00e9taro - elprogresivo.mx","description":"Los aspirantes a polic\u00edas de Quer\u00e9taro corrieron juntos en la cuarta edici\u00f3n de la carrera anual del CECAFIS. El evento se hizo fuera de las instalaciones del centro de formaci\u00f3n. El objetivo es que los futuros agentes practiquen la disciplina y el trabajo en equipo. Esta actividad busca crear lazos con los municipios y fortalecer","canonical_url":"https:\/\/elprogresivo.mx\/index.php\/2026\/08\/31\/carrera-anual-une-a-futuros-policias-de-queretaro\/","robots":"max-image-preview:large","keywords":"","webmasterTools":{"miscellaneous":""},"schema":{"@context":"https:\/\/schema.org","@graph":[{"@type":"BlogPosting","@id":"https:\/\/elprogresivo.mx\/index.php\/2026\/08\/31\/carrera-anual-une-a-futuros-policias-de-queretaro\/#blogposting","name":"Carrera anual une a futuros polic\u00edas de Quer\u00e9taro - elprogresivo.mx","headline":"Carrera anual une a futuros polic\u00edas de Quer\u00e9taro","author":{"@id":"https:\/\/elprogresivo.mx\/index.php\/author\/emmanuel-galvan\/#author"},"publisher":{"@id":"https:\/\/elprogresivo.mx\/#organization"},"image":{"@type":"ImageObject","url":"https:\/\/elprogresivo.mx\/wp-content\/uploads\/2026\/08\/noticia_20260831095311.jpg","width":1280,"height":960},"datePublished":"2026-08-31T15:53:19+00:00","dateModified":"2026-08-31T15:53:19+00:00","inLanguage":"es-MX","mainEntityOfPage":{"@id":"https:\/\/elprogresivo.mx\/index.php\/2026\/08\/31\/carrera-anual-une-a-futuros-policias-de-queretaro\/#webpage"},"isPartOf":{"@id":"https:\/\/elprogresivo.mx\/index.php\/2026\/08\/31\/carrera-anual-une-a-futuros-policias-de-queretaro\/#webpage"},"articleSection":"Blog, 300 a\u00f1os Acueducto Quer\u00e9taro El Marqu\u00e9s, Agencia Transformaci\u00f3n Digital M\u00e9xico, apoyo econ\u00f3mico polic\u00edas, CECAFIS, Centro Hist\u00f3rico Quer\u00e9taro seguridad"},{"@type":"BreadcrumbList","@id":"https:\/\/elprogresivo.mx\/index.php\/2026\/08\/31\/carrera-anual-une-a-futuros-policias-de-queretaro\/#breadcrumblist","itemListElement":[{"@type":"ListItem","@id":"https:\/\/elprogresivo.mx#listItem","position":1,"name":"Home","item":"https:\/\/elprogresivo.mx","nextItem":{"@type":"ListItem","@id":"https:\/\/elprogresivo.mx\/index.php\/category\/blog\/#listItem","name":"Blog"}},{"@type":"ListItem","@id":"https:\/\/elprogresivo.mx\/index.php\/category\/blog\/#listItem","position":2,"name":"Blog","item":"https:\/\/elprogresivo.mx\/index.php\/category\/blog\/","nextItem":{"@type":"ListItem","@id":"https:\/\/elprogresivo.mx\/index.php\/2026\/08\/31\/carrera-anual-une-a-futuros-policias-de-queretaro\/#listItem","name":"Carrera anual une a futuros polic\u00edas de Quer\u00e9taro"},"previousItem":{"@type":"ListItem","@id":"https:\/\/elprogresivo.mx#listItem","name":"Home"}},{"@type":"ListItem","@id":"https:\/\/elprogresivo.mx\/index.php\/2026\/08\/31\/carrera-anual-une-a-futuros-policias-de-queretaro\/#listItem","position":3,"name":"Carrera anual une a futuros polic\u00edas de Quer\u00e9taro","previousItem":{"@type":"ListItem","@id":"https:\/\/elprogresivo.mx\/index.php\/category\/blog\/#listItem","name":"Blog"}}]},{"@type":"Organization","@id":"https:\/\/elprogresivo.mx\/#organization","name":"elprogresivo.mx","description":"Construimos una nueva etapa en informaci\u00f3n","url":"https:\/\/elprogresivo.mx\/","logo":{"@type":"ImageObject","url":"https:\/\/elprogresivo.mx\/wp-content\/uploads\/2024\/02\/cropped-LogoBlanco.png","@id":"https:\/\/elprogresivo.mx\/index.php\/2026\/08\/31\/carrera-anual-une-a-futuros-policias-de-queretaro\/#organizationLogo","width":2096,"height":332},"image":{"@id":"https:\/\/elprogresivo.mx\/index.php\/2026\/08\/31\/carrera-anual-une-a-futuros-policias-de-queretaro\/#organizationLogo"}},{"@type":"Person","@id":"https:\/\/elprogresivo.mx\/index.php\/author\/emmanuel-galvan\/#author","url":"https:\/\/elprogresivo.mx\/index.php\/author\/emmanuel-galvan\/","name":"Staff","image":{"@type":"ImageObject","@id":"https:\/\/elprogresivo.mx\/index.php\/2026\/08\/31\/carrera-anual-une-a-futuros-policias-de-queretaro\/#authorImage","url":"https:\/\/secure.gravatar.com\/avatar\/3bb87242634c3adf910515f41e6e392ab758b98c8ee7fd12a54fcb5270441486?s=96&d=mm&r=g","width":96,"height":96,"caption":"Staff"}},{"@type":"WebPage","@id":"https:\/\/elprogresivo.mx\/index.php\/2026\/08\/31\/carrera-anual-une-a-futuros-policias-de-queretaro\/#webpage","url":"https:\/\/elprogresivo.mx\/index.php\/2026\/08\/31\/carrera-anual-une-a-futuros-policias-de-queretaro\/","name":"Carrera anual une a futuros polic\u00edas de Quer\u00e9taro - elprogresivo.mx","description":"Los aspirantes a polic\u00edas de Quer\u00e9taro corrieron juntos en la cuarta edici\u00f3n de la carrera anual del CECAFIS. El evento se hizo fuera de las instalaciones del centro de formaci\u00f3n. El objetivo es que los futuros agentes practiquen la disciplina y el trabajo en equipo. Esta actividad busca crear lazos con los municipios y fortalecer","inLanguage":"es-MX","isPartOf":{"@id":"https:\/\/elprogresivo.mx\/#website"},"breadcrumb":{"@id":"https:\/\/elprogresivo.mx\/index.php\/2026\/08\/31\/carrera-anual-une-a-futuros-policias-de-queretaro\/#breadcrumblist"},"author":{"@id":"https:\/\/elprogresivo.mx\/index.php\/author\/emmanuel-galvan\/#author"},"creator":{"@id":"https:\/\/elprogresivo.mx\/index.php\/author\/emmanuel-galvan\/#author"},"image":{"@type":"ImageObject","url":"https:\/\/elprogresivo.mx\/wp-content\/uploads\/2026\/08\/noticia_20260831095311.jpg","@id":"https:\/\/elprogresivo.mx\/index.php\/2026\/08\/31\/carrera-anual-une-a-futuros-policias-de-queretaro\/#mainImage","width":1280,"height":960},"primaryImageOfPage":{"@id":"https:\/\/elprogresivo.mx\/index.php\/2026\/08\/31\/carrera-anual-une-a-futuros-policias-de-queretaro\/#mainImage"},"datePublished":"2026-08-31T15:53:19+00:00","dateModified":"2026-08-31T15:53:19+00:00"},{"@type":"WebSite","@id":"https:\/\/elprogresivo.mx\/#website","url":"https:\/\/elprogresivo.mx\/","name":"elprogresivo.mx","description":"Construimos una nueva etapa en informaci\u00f3n","inLanguage":"es-MX","publisher":{"@id":"https:\/\/elprogresivo.mx\/#organization"}}]},"og:locale":"es_MX","og:site_name":"elprogresivo.mx - Construimos una nueva etapa en informaci\u00f3n","og:type":"article","og:title":"Carrera anual une a futuros polic\u00edas de Quer\u00e9taro - elprogresivo.mx","og:description":"Los aspirantes a polic\u00edas de Quer\u00e9taro corrieron juntos en la cuarta edici\u00f3n de la carrera anual del CECAFIS. El evento se hizo fuera de las instalaciones del centro de formaci\u00f3n. El objetivo es que los futuros agentes practiquen la disciplina y el trabajo en equipo. Esta actividad busca crear lazos con los municipios y fortalecer","og:url":"https:\/\/elprogresivo.mx\/index.php\/2026\/08\/31\/carrera-anual-une-a-futuros-policias-de-queretaro\/","og:image":"https:\/\/elprogresivo.mx\/wp-content\/uploads\/2024\/02\/cropped-LogoBlanco.png","og:image:secure_url":"https:\/\/elprogresivo.mx\/wp-content\/uploads\/2024\/02\/cropped-LogoBlanco.png","article:published_time":"2026-08-31T15:53:19+00:00","article:modified_time":"2026-08-31T15:53:19+00:00","twitter:card":"summary_large_image","twitter:title":"Carrera anual une a futuros polic\u00edas de Quer\u00e9taro - elprogresivo.mx","twitter:description":"Los aspirantes a polic\u00edas de Quer\u00e9taro corrieron juntos en la cuarta edici\u00f3n de la carrera anual del CECAFIS. El evento se hizo fuera de las instalaciones del centro de formaci\u00f3n. El objetivo es que los futuros agentes practiquen la disciplina y el trabajo en equipo. Esta actividad busca crear lazos con los municipios y fortalecer","twitter:image":"https:\/\/elprogresivo.mx\/wp-content\/uploads\/2024\/02\/cropped-LogoBlanco.png"},"aioseo_meta_data":{"post_id":"4759","title":null,"description":null,"keywords":null,"keyphrases":{"focus":[],"additional":[]},"primary_term":null,"canonical_url":null,"og_title":null,"og_description":null,"og_object_type":"default","og_image_type":"default","og_image_url":null,"og_image_width":null,"og_image_height":null,"og_image_custom_url":null,"og_image_custom_fields":null,"og_video":null,"og_custom_url":null,"og_article_section":null,"og_article_tags":null,"twitter_use_og":false,"twitter_card":"default","twitter_image_type":"default","twitter_image_url":null,"twitter_image_custom_url":null,"twitter_image_custom_fields":null,"twitter_title":null,"twitter_description":null,"schema":{"blockGraphs":[],"customGraphs":[],"default":{"data":{"Article":[],"Course":[],"Dataset":[],"FAQPage":[],"Movie":[],"Person":[],"Product":[],"ProductReview":[],"Car":[],"Recipe":[],"Service":[],"SoftwareApplication":[],"WebPage":[]},"graphName":"","isEnabled":true},"graphs":[]},"schema_type":"default","schema_type_options":null,"pillar_content":false,"robots_default":true,"robots_noindex":false,"robots_noarchive":false,"robots_nosnippet":false,"robots_nofollow":false,"robots_noimageindex":false,"robots_noodp":false,"robots_notranslate":false,"robots_max_snippet":null,"robots_max_videopreview":null,"robots_max_imagepreview":"large","priority":null,"frequency":null,"local_seo":null,"limit_modified_date":false,"created":"2026-08-31 16:30:21","updated":"2026-08-31 16:57:52","ai":null,"breadcrumb_settings":null,"seo_analyzer_scan_date":null,"focus_keyword":null,"additional_keywords":null,"truseo_locale":null},"aioseo_breadcrumb":"<div class=\"aioseo-breadcrumbs\"><span class=\"aioseo-breadcrumb\">\n\t\t\t<a href=\"https:\/\/elprogresivo.mx\" title=\"Home\">Home<\/a>\n\t\t<\/span><span class=\"aioseo-breadcrumb-separator\">&raquo;<\/span><span class=\"aioseo-breadcrumb\">\n\t\t\t<a href=\"https:\/\/elprogresivo.mx\/index.php\/category\/blog\/\" title=\"Blog\">Blog<\/a>\n\t\t<\/span><span class=\"aioseo-breadcrumb-separator\">&raquo;<\/span><span class=\"aioseo-breadcrumb\">\n\t\t\tCarrera anual une a futuros polic\u00edas de Quer\u00e9taro\n\t\t<\/span><\/div>","aioseo_breadcrumb_json":[{"label":"Home","link":"https:\/\/elprogresivo.mx"},{"label":"Blog","link":"https:\/\/elprogresivo.mx\/index.php\/category\/blog\/"},{"label":"Carrera anual une a futuros polic\u00edas de Quer\u00e9taro","link":"https:\/\/elprogresivo.mx\/index.php\/2026\/08\/31\/carrera-anual-une-a-futuros-policias-de-queretaro\/"}],"jetpack_publicize_connections":[],"_links":{"self":[{"href":"https:\/\/elprogresivo.mx\/index.php\/wp-json\/wp\/v2\/posts\/4759","targetHints":{"allow":["GET"]}}],"collection":[{"href":"https:\/\/elprogresivo.mx\/index.php\/wp-json\/wp\/v2\/posts"}],"about":[{"href":"https:\/\/elprogresivo.mx\/index.php\/wp-json\/wp\/v2\/types\/post"}],"author":[{"embeddable":true,"href":"https:\/\/elprogresivo.mx\/index.php\/wp-json\/wp\/v2\/users\/5"}],"replies":[{"embeddable":true,"href":"https:\/\/elprogresivo.mx\/index.php\/wp-json\/wp\/v2\/comments?post=4759"}],"version-history":[{"count":0,"href":"https:\/\/elprogresivo.mx\/index.php\/wp-json\/wp\/v2\/posts\/4759\/revisions"}],"wp:featuredmedia":[{"embeddable":true,"href":"https:\/\/elprogresivo.mx\/index.php\/wp-json\/wp\/v2\/media\/4758"}],"wp:attachment":[{"href":"https:\/\/elprogresivo.mx\/index.php\/wp-json\/wp\/v2\/media?parent=4759"}],"wp:term":[{"taxonomy":"category","embeddable":true,"href":"https:\/\/elprogresivo.mx\/index.php\/wp-json\/wp\/v2\/categories?post=4759"},{"taxonomy":"post_tag","embeddable":true,"href":"https:\/\/elprogresivo.mx\/index.php\/wp-json\/wp\/v2\/tags?post=4759"}],"curies":[{"name":"wp","href":"https:\/\/api.w.org\/{rel}","templated":true}]}}