{"id":4754,"date":"2026-08-31T15:51:14","date_gmt":"2026-08-31T15:51:14","guid":{"rendered":"https:\/\/elprogresivo.mx\/index.php\/2026\/08\/31\/ofeq-estrena-obra-de-gulda-con-bernstein-en-queretaro\/"},"modified":"2026-08-31T15:51:14","modified_gmt":"2026-08-31T15:51:14","slug":"ofeq-estrena-obra-de-gulda-con-bernstein-en-queretaro","status":"publish","type":"post","link":"https:\/\/elprogresivo.mx\/index.php\/2026\/08\/31\/ofeq-estrena-obra-de-gulda-con-bernstein-en-queretaro\/","title":{"rendered":"OFEQ estrena obra de Gulda con Bernstein en Quer\u00e9taro"},"content":{"rendered":"<p>La Orquesta Filarm\u00f3nica del Estado de Quer\u00e9taro (OFEQ) traer\u00e1 el Concierto para violonchelo y orquesta de viento de Friedrich Gulda al escenario del Teatro Metropolitano este jueves 3 de septiembre. Ser\u00e1 la primera vez que se toca esta partitura en la capital queretana, un estreno que abre la Tercera Temporada 2026 de la filarm\u00f3nica local.<\/p>\n<p>Mark Kadin dirige a la orquesta, pero el foco estar\u00e1 en Bendeg\u00faz Kov\u00e1cs. El m\u00fasico h\u00fangaro, quien vive en la ciudad y toca como principal de violonchelos en la agrupaci\u00f3n, se sube al escenario como solista. Gulda, conocido tambi\u00e9n por su faceta como pianista de jazz, escribi\u00f3 una pieza que mezcla la m\u00fasica cl\u00e1sica con ritmos populares, creando un sonido dif\u00edcil y original para el violonchelo.<\/p>\n<p>El programa incluye tambi\u00e9n a Leonard Bernstein. La orquesta toca las Danzas sinf\u00f3nicas de West Side Story, que recurren a los ritmos y la energ\u00eda del musical estrenado en Broadway en 1957 y llevado al cine en 1961. Adem\u00e1s, interpretan los Tres episodios de baile de On the Town, obra de 1944 que captura la influencia del jazz en Nueva York de esa \u00e9poca.<\/p>\n<p>Las entradas ya est\u00e1n a la venta. Puedes comprarlas sin comisi\u00f3n en la oficina de la orquesta, ubicada en la calle Altamirano norte n\u00famero 18, en el Centro Hist\u00f3rico, de 9:00 a 15:00 horas. Tambi\u00e9n puedes pagar con transferencia enviando un mensaje al WhatsApp 446 125 8540 o comprar en l\u00ednea en www.filarmonicadequeretaro.org.<\/p>\n","protected":false},"excerpt":{"rendered":"<p>La Orquesta Filarm\u00f3nica del Estado de Quer\u00e9taro (OFEQ) traer\u00e1 el Concierto para violonchelo y orquesta&#8230;<\/p>\n","protected":false},"author":5,"featured_media":4753,"comment_status":"open","ping_status":"open","sticky":false,"template":"","format":"standard","meta":{"om_disable_all_campaigns":false,"_monsterinsights_skip_tracking":false,"footnotes":"","jetpack_publicize_message":"","jetpack_publicize_feature_enabled":true,"jetpack_social_post_already_shared":true,"jetpack_social_options":{"image_generator_settings":{"template":"highway","default_image_id":0,"font":"","enabled":false},"version":2}},"categories":[1],"tags":[876,137,2242,2066,1379],"class_list":["post-4754","post","type-post","status-publish","format-standard","has-post-thumbnail","hentry","category-blog","tag-300-anos-acueducto-queretaro-el-marques","tag-actividades-culturales-abril-2026","tag-agrupaciones-musicales-infantiles-y-juveniles","tag-arte","tag-gala-rock-pop-ofeq"],"aioseo_notices":[],"aioseo_head":"\n\t\t<!-- All in One SEO 5.0.1.1 - aioseo.com -->\n\t<meta name=\"description\" content=\"La Orquesta Filarm\u00f3nica del Estado de Quer\u00e9taro (OFEQ) traer\u00e1 el Concierto para violonchelo y orquesta de viento de Friedrich Gulda al escenario del Teatro Metropolitano este jueves 3 de septiembre. Ser\u00e1 la primera vez que se toca esta partitura en la capital queretana, un estreno que abre la Tercera Temporada 2026 de la filarm\u00f3nica local.\" \/>\n\t<meta name=\"robots\" content=\"max-image-preview:large\" \/>\n\t<meta name=\"author\" content=\"Staff\"\/>\n\t<link rel=\"canonical\" href=\"https:\/\/elprogresivo.mx\/index.php\/2026\/08\/31\/ofeq-estrena-obra-de-gulda-con-bernstein-en-queretaro\/\" \/>\n\t<meta name=\"generator\" content=\"All in One SEO (AIOSEO) 5.0.1.1\" \/>\n\t\t<meta property=\"og:locale\" content=\"es_MX\" \/>\n\t\t<meta property=\"og:site_name\" content=\"elprogresivo.mx - Construimos una nueva etapa en informaci\u00f3n\" \/>\n\t\t<meta property=\"og:type\" content=\"article\" \/>\n\t\t<meta property=\"og:title\" content=\"OFEQ estrena obra de Gulda con Bernstein en Quer\u00e9taro - elprogresivo.mx\" \/>\n\t\t<meta property=\"og:description\" content=\"La Orquesta Filarm\u00f3nica del Estado de Quer\u00e9taro (OFEQ) traer\u00e1 el Concierto para violonchelo y orquesta de viento de Friedrich Gulda al escenario del Teatro Metropolitano este jueves 3 de septiembre. Ser\u00e1 la primera vez que se toca esta partitura en la capital queretana, un estreno que abre la Tercera Temporada 2026 de la filarm\u00f3nica local.\" \/>\n\t\t<meta property=\"og:url\" content=\"https:\/\/elprogresivo.mx\/index.php\/2026\/08\/31\/ofeq-estrena-obra-de-gulda-con-bernstein-en-queretaro\/\" \/>\n\t\t<meta property=\"og:image\" content=\"https:\/\/elprogresivo.mx\/wp-content\/uploads\/2024\/02\/cropped-LogoBlanco.png\" \/>\n\t\t<meta property=\"og:image:secure_url\" content=\"https:\/\/elprogresivo.mx\/wp-content\/uploads\/2024\/02\/cropped-LogoBlanco.png\" \/>\n\t\t<meta property=\"article:published_time\" content=\"2026-08-31T15:51:14+00:00\" \/>\n\t\t<meta property=\"article:modified_time\" content=\"2026-08-31T15:51:14+00:00\" \/>\n\t\t<meta name=\"twitter:card\" content=\"summary_large_image\" \/>\n\t\t<meta name=\"twitter:title\" content=\"OFEQ estrena obra de Gulda con Bernstein en Quer\u00e9taro - elprogresivo.mx\" \/>\n\t\t<meta name=\"twitter:description\" content=\"La Orquesta Filarm\u00f3nica del Estado de Quer\u00e9taro (OFEQ) traer\u00e1 el Concierto para violonchelo y orquesta de viento de Friedrich Gulda al escenario del Teatro Metropolitano este jueves 3 de septiembre. Ser\u00e1 la primera vez que se toca esta partitura en la capital queretana, un estreno que abre la Tercera Temporada 2026 de la filarm\u00f3nica local.\" \/>\n\t\t<meta name=\"twitter:image\" content=\"https:\/\/elprogresivo.mx\/wp-content\/uploads\/2024\/02\/cropped-LogoBlanco.png\" \/>\n\t\t<script type=\"application\/ld+json\" class=\"aioseo-schema\">\n\t\t\t{\"@context\":\"https:\\\/\\\/schema.org\",\"@graph\":[{\"@type\":\"BlogPosting\",\"@id\":\"https:\\\/\\\/elprogresivo.mx\\\/index.php\\\/2026\\\/08\\\/31\\\/ofeq-estrena-obra-de-gulda-con-bernstein-en-queretaro\\\/#blogposting\",\"name\":\"OFEQ estrena obra de Gulda con Bernstein en Quer\\u00e9taro - elprogresivo.mx\",\"headline\":\"OFEQ estrena obra de Gulda con Bernstein en Quer\\u00e9taro\",\"author\":{\"@id\":\"https:\\\/\\\/elprogresivo.mx\\\/index.php\\\/author\\\/emmanuel-galvan\\\/#author\"},\"publisher\":{\"@id\":\"https:\\\/\\\/elprogresivo.mx\\\/#organization\"},\"image\":{\"@type\":\"ImageObject\",\"url\":\"https:\\\/\\\/elprogresivo.mx\\\/wp-content\\\/uploads\\\/2026\\\/08\\\/noticia_20260831095106.jpg\",\"width\":1308,\"height\":867},\"datePublished\":\"2026-08-31T15:51:14+00:00\",\"dateModified\":\"2026-08-31T15:51:14+00:00\",\"inLanguage\":\"es-MX\",\"mainEntityOfPage\":{\"@id\":\"https:\\\/\\\/elprogresivo.mx\\\/index.php\\\/2026\\\/08\\\/31\\\/ofeq-estrena-obra-de-gulda-con-bernstein-en-queretaro\\\/#webpage\"},\"isPartOf\":{\"@id\":\"https:\\\/\\\/elprogresivo.mx\\\/index.php\\\/2026\\\/08\\\/31\\\/ofeq-estrena-obra-de-gulda-con-bernstein-en-queretaro\\\/#webpage\"},\"articleSection\":\"Blog, 300 a\\u00f1os Acueducto Quer\\u00e9taro El Marqu\\u00e9s, actividades culturales abril 2026, Agrupaciones Musicales Infantiles y Juveniles, Arte, Gala Rock Pop OFEQ\"},{\"@type\":\"BreadcrumbList\",\"@id\":\"https:\\\/\\\/elprogresivo.mx\\\/index.php\\\/2026\\\/08\\\/31\\\/ofeq-estrena-obra-de-gulda-con-bernstein-en-queretaro\\\/#breadcrumblist\",\"itemListElement\":[{\"@type\":\"ListItem\",\"@id\":\"https:\\\/\\\/elprogresivo.mx#listItem\",\"position\":1,\"name\":\"Home\",\"item\":\"https:\\\/\\\/elprogresivo.mx\",\"nextItem\":{\"@type\":\"ListItem\",\"@id\":\"https:\\\/\\\/elprogresivo.mx\\\/index.php\\\/category\\\/blog\\\/#listItem\",\"name\":\"Blog\"}},{\"@type\":\"ListItem\",\"@id\":\"https:\\\/\\\/elprogresivo.mx\\\/index.php\\\/category\\\/blog\\\/#listItem\",\"position\":2,\"name\":\"Blog\",\"item\":\"https:\\\/\\\/elprogresivo.mx\\\/index.php\\\/category\\\/blog\\\/\",\"nextItem\":{\"@type\":\"ListItem\",\"@id\":\"https:\\\/\\\/elprogresivo.mx\\\/index.php\\\/2026\\\/08\\\/31\\\/ofeq-estrena-obra-de-gulda-con-bernstein-en-queretaro\\\/#listItem\",\"name\":\"OFEQ estrena obra de Gulda con Bernstein en Quer\\u00e9taro\"},\"previousItem\":{\"@type\":\"ListItem\",\"@id\":\"https:\\\/\\\/elprogresivo.mx#listItem\",\"name\":\"Home\"}},{\"@type\":\"ListItem\",\"@id\":\"https:\\\/\\\/elprogresivo.mx\\\/index.php\\\/2026\\\/08\\\/31\\\/ofeq-estrena-obra-de-gulda-con-bernstein-en-queretaro\\\/#listItem\",\"position\":3,\"name\":\"OFEQ estrena obra de Gulda con Bernstein en Quer\\u00e9taro\",\"previousItem\":{\"@type\":\"ListItem\",\"@id\":\"https:\\\/\\\/elprogresivo.mx\\\/index.php\\\/category\\\/blog\\\/#listItem\",\"name\":\"Blog\"}}]},{\"@type\":\"Organization\",\"@id\":\"https:\\\/\\\/elprogresivo.mx\\\/#organization\",\"name\":\"elprogresivo.mx\",\"description\":\"Construimos una nueva etapa en informaci\\u00f3n\",\"url\":\"https:\\\/\\\/elprogresivo.mx\\\/\",\"logo\":{\"@type\":\"ImageObject\",\"url\":\"https:\\\/\\\/elprogresivo.mx\\\/wp-content\\\/uploads\\\/2024\\\/02\\\/cropped-LogoBlanco.png\",\"@id\":\"https:\\\/\\\/elprogresivo.mx\\\/index.php\\\/2026\\\/08\\\/31\\\/ofeq-estrena-obra-de-gulda-con-bernstein-en-queretaro\\\/#organizationLogo\",\"width\":2096,\"height\":332},\"image\":{\"@id\":\"https:\\\/\\\/elprogresivo.mx\\\/index.php\\\/2026\\\/08\\\/31\\\/ofeq-estrena-obra-de-gulda-con-bernstein-en-queretaro\\\/#organizationLogo\"}},{\"@type\":\"Person\",\"@id\":\"https:\\\/\\\/elprogresivo.mx\\\/index.php\\\/author\\\/emmanuel-galvan\\\/#author\",\"url\":\"https:\\\/\\\/elprogresivo.mx\\\/index.php\\\/author\\\/emmanuel-galvan\\\/\",\"name\":\"Staff\",\"image\":{\"@type\":\"ImageObject\",\"@id\":\"https:\\\/\\\/elprogresivo.mx\\\/index.php\\\/2026\\\/08\\\/31\\\/ofeq-estrena-obra-de-gulda-con-bernstein-en-queretaro\\\/#authorImage\",\"url\":\"https:\\\/\\\/secure.gravatar.com\\\/avatar\\\/3bb87242634c3adf910515f41e6e392ab758b98c8ee7fd12a54fcb5270441486?s=96&d=mm&r=g\",\"width\":96,\"height\":96,\"caption\":\"Staff\"}},{\"@type\":\"WebPage\",\"@id\":\"https:\\\/\\\/elprogresivo.mx\\\/index.php\\\/2026\\\/08\\\/31\\\/ofeq-estrena-obra-de-gulda-con-bernstein-en-queretaro\\\/#webpage\",\"url\":\"https:\\\/\\\/elprogresivo.mx\\\/index.php\\\/2026\\\/08\\\/31\\\/ofeq-estrena-obra-de-gulda-con-bernstein-en-queretaro\\\/\",\"name\":\"OFEQ estrena obra de Gulda con Bernstein en Quer\\u00e9taro - elprogresivo.mx\",\"description\":\"La Orquesta Filarm\\u00f3nica del Estado de Quer\\u00e9taro (OFEQ) traer\\u00e1 el Concierto para violonchelo y orquesta de viento de Friedrich Gulda al escenario del Teatro Metropolitano este jueves 3 de septiembre. Ser\\u00e1 la primera vez que se toca esta partitura en la capital queretana, un estreno que abre la Tercera Temporada 2026 de la filarm\\u00f3nica local.\",\"inLanguage\":\"es-MX\",\"isPartOf\":{\"@id\":\"https:\\\/\\\/elprogresivo.mx\\\/#website\"},\"breadcrumb\":{\"@id\":\"https:\\\/\\\/elprogresivo.mx\\\/index.php\\\/2026\\\/08\\\/31\\\/ofeq-estrena-obra-de-gulda-con-bernstein-en-queretaro\\\/#breadcrumblist\"},\"author\":{\"@id\":\"https:\\\/\\\/elprogresivo.mx\\\/index.php\\\/author\\\/emmanuel-galvan\\\/#author\"},\"creator\":{\"@id\":\"https:\\\/\\\/elprogresivo.mx\\\/index.php\\\/author\\\/emmanuel-galvan\\\/#author\"},\"image\":{\"@type\":\"ImageObject\",\"url\":\"https:\\\/\\\/elprogresivo.mx\\\/wp-content\\\/uploads\\\/2026\\\/08\\\/noticia_20260831095106.jpg\",\"@id\":\"https:\\\/\\\/elprogresivo.mx\\\/index.php\\\/2026\\\/08\\\/31\\\/ofeq-estrena-obra-de-gulda-con-bernstein-en-queretaro\\\/#mainImage\",\"width\":1308,\"height\":867},\"primaryImageOfPage\":{\"@id\":\"https:\\\/\\\/elprogresivo.mx\\\/index.php\\\/2026\\\/08\\\/31\\\/ofeq-estrena-obra-de-gulda-con-bernstein-en-queretaro\\\/#mainImage\"},\"datePublished\":\"2026-08-31T15:51:14+00:00\",\"dateModified\":\"2026-08-31T15:51:14+00:00\"},{\"@type\":\"WebSite\",\"@id\":\"https:\\\/\\\/elprogresivo.mx\\\/#website\",\"url\":\"https:\\\/\\\/elprogresivo.mx\\\/\",\"name\":\"elprogresivo.mx\",\"description\":\"Construimos una nueva etapa en informaci\\u00f3n\",\"inLanguage\":\"es-MX\",\"publisher\":{\"@id\":\"https:\\\/\\\/elprogresivo.mx\\\/#organization\"}}]}\n\t\t<\/script>\n\t\t<!-- All in One SEO -->\n\n","aioseo_head_json":{"title":"OFEQ estrena obra de Gulda con Bernstein en Quer\u00e9taro - elprogresivo.mx","description":"La Orquesta Filarm\u00f3nica del Estado de Quer\u00e9taro (OFEQ) traer\u00e1 el Concierto para violonchelo y orquesta de viento de Friedrich Gulda al escenario del Teatro Metropolitano este jueves 3 de septiembre. Ser\u00e1 la primera vez que se toca esta partitura en la capital queretana, un estreno que abre la Tercera Temporada 2026 de la filarm\u00f3nica local.","canonical_url":"https:\/\/elprogresivo.mx\/index.php\/2026\/08\/31\/ofeq-estrena-obra-de-gulda-con-bernstein-en-queretaro\/","robots":"max-image-preview:large","keywords":"","webmasterTools":{"miscellaneous":""},"schema":{"@context":"https:\/\/schema.org","@graph":[{"@type":"BlogPosting","@id":"https:\/\/elprogresivo.mx\/index.php\/2026\/08\/31\/ofeq-estrena-obra-de-gulda-con-bernstein-en-queretaro\/#blogposting","name":"OFEQ estrena obra de Gulda con Bernstein en Quer\u00e9taro - elprogresivo.mx","headline":"OFEQ estrena obra de Gulda con Bernstein en Quer\u00e9taro","author":{"@id":"https:\/\/elprogresivo.mx\/index.php\/author\/emmanuel-galvan\/#author"},"publisher":{"@id":"https:\/\/elprogresivo.mx\/#organization"},"image":{"@type":"ImageObject","url":"https:\/\/elprogresivo.mx\/wp-content\/uploads\/2026\/08\/noticia_20260831095106.jpg","width":1308,"height":867},"datePublished":"2026-08-31T15:51:14+00:00","dateModified":"2026-08-31T15:51:14+00:00","inLanguage":"es-MX","mainEntityOfPage":{"@id":"https:\/\/elprogresivo.mx\/index.php\/2026\/08\/31\/ofeq-estrena-obra-de-gulda-con-bernstein-en-queretaro\/#webpage"},"isPartOf":{"@id":"https:\/\/elprogresivo.mx\/index.php\/2026\/08\/31\/ofeq-estrena-obra-de-gulda-con-bernstein-en-queretaro\/#webpage"},"articleSection":"Blog, 300 a\u00f1os Acueducto Quer\u00e9taro El Marqu\u00e9s, actividades culturales abril 2026, Agrupaciones Musicales Infantiles y Juveniles, Arte, Gala Rock Pop OFEQ"},{"@type":"BreadcrumbList","@id":"https:\/\/elprogresivo.mx\/index.php\/2026\/08\/31\/ofeq-estrena-obra-de-gulda-con-bernstein-en-queretaro\/#breadcrumblist","itemListElement":[{"@type":"ListItem","@id":"https:\/\/elprogresivo.mx#listItem","position":1,"name":"Home","item":"https:\/\/elprogresivo.mx","nextItem":{"@type":"ListItem","@id":"https:\/\/elprogresivo.mx\/index.php\/category\/blog\/#listItem","name":"Blog"}},{"@type":"ListItem","@id":"https:\/\/elprogresivo.mx\/index.php\/category\/blog\/#listItem","position":2,"name":"Blog","item":"https:\/\/elprogresivo.mx\/index.php\/category\/blog\/","nextItem":{"@type":"ListItem","@id":"https:\/\/elprogresivo.mx\/index.php\/2026\/08\/31\/ofeq-estrena-obra-de-gulda-con-bernstein-en-queretaro\/#listItem","name":"OFEQ estrena obra de Gulda con Bernstein en Quer\u00e9taro"},"previousItem":{"@type":"ListItem","@id":"https:\/\/elprogresivo.mx#listItem","name":"Home"}},{"@type":"ListItem","@id":"https:\/\/elprogresivo.mx\/index.php\/2026\/08\/31\/ofeq-estrena-obra-de-gulda-con-bernstein-en-queretaro\/#listItem","position":3,"name":"OFEQ estrena obra de Gulda con Bernstein en Quer\u00e9taro","previousItem":{"@type":"ListItem","@id":"https:\/\/elprogresivo.mx\/index.php\/category\/blog\/#listItem","name":"Blog"}}]},{"@type":"Organization","@id":"https:\/\/elprogresivo.mx\/#organization","name":"elprogresivo.mx","description":"Construimos una nueva etapa en informaci\u00f3n","url":"https:\/\/elprogresivo.mx\/","logo":{"@type":"ImageObject","url":"https:\/\/elprogresivo.mx\/wp-content\/uploads\/2024\/02\/cropped-LogoBlanco.png","@id":"https:\/\/elprogresivo.mx\/index.php\/2026\/08\/31\/ofeq-estrena-obra-de-gulda-con-bernstein-en-queretaro\/#organizationLogo","width":2096,"height":332},"image":{"@id":"https:\/\/elprogresivo.mx\/index.php\/2026\/08\/31\/ofeq-estrena-obra-de-gulda-con-bernstein-en-queretaro\/#organizationLogo"}},{"@type":"Person","@id":"https:\/\/elprogresivo.mx\/index.php\/author\/emmanuel-galvan\/#author","url":"https:\/\/elprogresivo.mx\/index.php\/author\/emmanuel-galvan\/","name":"Staff","image":{"@type":"ImageObject","@id":"https:\/\/elprogresivo.mx\/index.php\/2026\/08\/31\/ofeq-estrena-obra-de-gulda-con-bernstein-en-queretaro\/#authorImage","url":"https:\/\/secure.gravatar.com\/avatar\/3bb87242634c3adf910515f41e6e392ab758b98c8ee7fd12a54fcb5270441486?s=96&d=mm&r=g","width":96,"height":96,"caption":"Staff"}},{"@type":"WebPage","@id":"https:\/\/elprogresivo.mx\/index.php\/2026\/08\/31\/ofeq-estrena-obra-de-gulda-con-bernstein-en-queretaro\/#webpage","url":"https:\/\/elprogresivo.mx\/index.php\/2026\/08\/31\/ofeq-estrena-obra-de-gulda-con-bernstein-en-queretaro\/","name":"OFEQ estrena obra de Gulda con Bernstein en Quer\u00e9taro - elprogresivo.mx","description":"La Orquesta Filarm\u00f3nica del Estado de Quer\u00e9taro (OFEQ) traer\u00e1 el Concierto para violonchelo y orquesta de viento de Friedrich Gulda al escenario del Teatro Metropolitano este jueves 3 de septiembre. Ser\u00e1 la primera vez que se toca esta partitura en la capital queretana, un estreno que abre la Tercera Temporada 2026 de la filarm\u00f3nica local.","inLanguage":"es-MX","isPartOf":{"@id":"https:\/\/elprogresivo.mx\/#website"},"breadcrumb":{"@id":"https:\/\/elprogresivo.mx\/index.php\/2026\/08\/31\/ofeq-estrena-obra-de-gulda-con-bernstein-en-queretaro\/#breadcrumblist"},"author":{"@id":"https:\/\/elprogresivo.mx\/index.php\/author\/emmanuel-galvan\/#author"},"creator":{"@id":"https:\/\/elprogresivo.mx\/index.php\/author\/emmanuel-galvan\/#author"},"image":{"@type":"ImageObject","url":"https:\/\/elprogresivo.mx\/wp-content\/uploads\/2026\/08\/noticia_20260831095106.jpg","@id":"https:\/\/elprogresivo.mx\/index.php\/2026\/08\/31\/ofeq-estrena-obra-de-gulda-con-bernstein-en-queretaro\/#mainImage","width":1308,"height":867},"primaryImageOfPage":{"@id":"https:\/\/elprogresivo.mx\/index.php\/2026\/08\/31\/ofeq-estrena-obra-de-gulda-con-bernstein-en-queretaro\/#mainImage"},"datePublished":"2026-08-31T15:51:14+00:00","dateModified":"2026-08-31T15:51:14+00:00"},{"@type":"WebSite","@id":"https:\/\/elprogresivo.mx\/#website","url":"https:\/\/elprogresivo.mx\/","name":"elprogresivo.mx","description":"Construimos una nueva etapa en informaci\u00f3n","inLanguage":"es-MX","publisher":{"@id":"https:\/\/elprogresivo.mx\/#organization"}}]},"og:locale":"es_MX","og:site_name":"elprogresivo.mx - Construimos una nueva etapa en informaci\u00f3n","og:type":"article","og:title":"OFEQ estrena obra de Gulda con Bernstein en Quer\u00e9taro - elprogresivo.mx","og:description":"La Orquesta Filarm\u00f3nica del Estado de Quer\u00e9taro (OFEQ) traer\u00e1 el Concierto para violonchelo y orquesta de viento de Friedrich Gulda al escenario del Teatro Metropolitano este jueves 3 de septiembre. Ser\u00e1 la primera vez que se toca esta partitura en la capital queretana, un estreno que abre la Tercera Temporada 2026 de la filarm\u00f3nica local.","og:url":"https:\/\/elprogresivo.mx\/index.php\/2026\/08\/31\/ofeq-estrena-obra-de-gulda-con-bernstein-en-queretaro\/","og:image":"https:\/\/elprogresivo.mx\/wp-content\/uploads\/2024\/02\/cropped-LogoBlanco.png","og:image:secure_url":"https:\/\/elprogresivo.mx\/wp-content\/uploads\/2024\/02\/cropped-LogoBlanco.png","article:published_time":"2026-08-31T15:51:14+00:00","article:modified_time":"2026-08-31T15:51:14+00:00","twitter:card":"summary_large_image","twitter:title":"OFEQ estrena obra de Gulda con Bernstein en Quer\u00e9taro - elprogresivo.mx","twitter:description":"La Orquesta Filarm\u00f3nica del Estado de Quer\u00e9taro (OFEQ) traer\u00e1 el Concierto para violonchelo y orquesta de viento de Friedrich Gulda al escenario del Teatro Metropolitano este jueves 3 de septiembre. Ser\u00e1 la primera vez que se toca esta partitura en la capital queretana, un estreno que abre la Tercera Temporada 2026 de la filarm\u00f3nica local.","twitter:image":"https:\/\/elprogresivo.mx\/wp-content\/uploads\/2024\/02\/cropped-LogoBlanco.png"},"aioseo_meta_data":{"post_id":"4754","title":null,"description":null,"keywords":null,"keyphrases":{"focus":[],"additional":[]},"primary_term":null,"canonical_url":null,"og_title":null,"og_description":null,"og_object_type":"default","og_image_type":"default","og_image_url":null,"og_image_width":null,"og_image_height":null,"og_image_custom_url":null,"og_image_custom_fields":null,"og_video":null,"og_custom_url":null,"og_article_section":null,"og_article_tags":null,"twitter_use_og":false,"twitter_card":"default","twitter_image_type":"default","twitter_image_url":null,"twitter_image_custom_url":null,"twitter_image_custom_fields":null,"twitter_title":null,"twitter_description":null,"schema":{"blockGraphs":[],"customGraphs":[],"default":{"data":{"Article":[],"Course":[],"Dataset":[],"FAQPage":[],"Movie":[],"Person":[],"Product":[],"ProductReview":[],"Car":[],"Recipe":[],"Service":[],"SoftwareApplication":[],"WebPage":[]},"graphName":"","isEnabled":true},"graphs":[]},"schema_type":"default","schema_type_options":null,"pillar_content":false,"robots_default":true,"robots_noindex":false,"robots_noarchive":false,"robots_nosnippet":false,"robots_nofollow":false,"robots_noimageindex":false,"robots_noodp":false,"robots_notranslate":false,"robots_max_snippet":null,"robots_max_videopreview":null,"robots_max_imagepreview":"large","priority":null,"frequency":null,"local_seo":null,"limit_modified_date":false,"created":"2026-08-31 16:30:21","updated":"2026-08-31 16:57:52","ai":null,"breadcrumb_settings":null,"seo_analyzer_scan_date":null,"focus_keyword":null,"additional_keywords":null,"truseo_locale":null},"aioseo_breadcrumb":"<div class=\"aioseo-breadcrumbs\"><span class=\"aioseo-breadcrumb\">\n\t\t\t<a href=\"https:\/\/elprogresivo.mx\" title=\"Home\">Home<\/a>\n\t\t<\/span><span class=\"aioseo-breadcrumb-separator\">&raquo;<\/span><span class=\"aioseo-breadcrumb\">\n\t\t\t<a href=\"https:\/\/elprogresivo.mx\/index.php\/category\/blog\/\" title=\"Blog\">Blog<\/a>\n\t\t<\/span><span class=\"aioseo-breadcrumb-separator\">&raquo;<\/span><span class=\"aioseo-breadcrumb\">\n\t\t\tOFEQ estrena obra de Gulda con Bernstein en Quer\u00e9taro\n\t\t<\/span><\/div>","aioseo_breadcrumb_json":[{"label":"Home","link":"https:\/\/elprogresivo.mx"},{"label":"Blog","link":"https:\/\/elprogresivo.mx\/index.php\/category\/blog\/"},{"label":"OFEQ estrena obra de Gulda con Bernstein en Quer\u00e9taro","link":"https:\/\/elprogresivo.mx\/index.php\/2026\/08\/31\/ofeq-estrena-obra-de-gulda-con-bernstein-en-queretaro\/"}],"jetpack_publicize_connections":[],"_links":{"self":[{"href":"https:\/\/elprogresivo.mx\/index.php\/wp-json\/wp\/v2\/posts\/4754","targetHints":{"allow":["GET"]}}],"collection":[{"href":"https:\/\/elprogresivo.mx\/index.php\/wp-json\/wp\/v2\/posts"}],"about":[{"href":"https:\/\/elprogresivo.mx\/index.php\/wp-json\/wp\/v2\/types\/post"}],"author":[{"embeddable":true,"href":"https:\/\/elprogresivo.mx\/index.php\/wp-json\/wp\/v2\/users\/5"}],"replies":[{"embeddable":true,"href":"https:\/\/elprogresivo.mx\/index.php\/wp-json\/wp\/v2\/comments?post=4754"}],"version-history":[{"count":0,"href":"https:\/\/elprogresivo.mx\/index.php\/wp-json\/wp\/v2\/posts\/4754\/revisions"}],"wp:featuredmedia":[{"embeddable":true,"href":"https:\/\/elprogresivo.mx\/index.php\/wp-json\/wp\/v2\/media\/4753"}],"wp:attachment":[{"href":"https:\/\/elprogresivo.mx\/index.php\/wp-json\/wp\/v2\/media?parent=4754"}],"wp:term":[{"taxonomy":"category","embeddable":true,"href":"https:\/\/elprogresivo.mx\/index.php\/wp-json\/wp\/v2\/categories?post=4754"},{"taxonomy":"post_tag","embeddable":true,"href":"https:\/\/elprogresivo.mx\/index.php\/wp-json\/wp\/v2\/tags?post=4754"}],"curies":[{"name":"wp","href":"https:\/\/api.w.org\/{rel}","templated":true}]}}