{"id":4752,"date":"2026-08-31T15:50:32","date_gmt":"2026-08-31T15:50:32","guid":{"rendered":"https:\/\/elprogresivo.mx\/index.php\/2026\/08\/31\/qrobus-mueve-casi-mil-autobuses-en-regreso-a-clases\/"},"modified":"2026-08-31T15:50:32","modified_gmt":"2026-08-31T15:50:32","slug":"qrobus-mueve-casi-mil-autobuses-en-regreso-a-clases","status":"publish","type":"post","link":"https:\/\/elprogresivo.mx\/index.php\/2026\/08\/31\/qrobus-mueve-casi-mil-autobuses-en-regreso-a-clases\/","title":{"rendered":"Qrobus mueve casi mil autobuses en regreso a clases"},"content":{"rendered":"<p>Casi mil autobuses de Qrobus salieron a las calles de Quer\u00e9taro este lunes para dar cobertura al regreso a clases. Gerardo Cuanalo Santos, director de la Agencia de Movilidad del Estado de Quer\u00e9taro (AMEQ), estuvo en el Centro de Monitoreo para revisar la salida de las unidades y asegurar que todo funcione.<\/p>\n<p>Se espera que m\u00e1s de 80 mil estudiantes suban a los buses hoy. El objetivo es que los alumnos y los maestros lleguen a tiempo y sin problemas a sus escuelas.<\/p>\n<p>&#8220;Estamos supervisando desde el Centro de Monitoreo la salida de los autobuses; vemos como salen casi mil autobuses y esperamos alrededor de 80 mil estudiantes. Todo el equipo de Qrobus estamos trabajando de manera coordinada para que en este regreso a clases tengamos el servicio que se requiera y que los j\u00f3venes y maestros lleguen a tiempo a sus destinos&#8221;, se\u00f1al\u00f3 Cuanalo Santos.<\/p>\n<p>Los operadores vigilan las pantallas para detectar fallas al instante. Si un bus se retrasa o hay un accidente, el equipo coordina la soluci\u00f3n en tiempo real. Esta atenci\u00f3n especial se mantiene durante las horas pico de este lunes y martes.<\/p>\n<p>Si los usuarios notan alg\u00fan problema, pueden llamar al *8800. El sistema est\u00e1 listo para recibir reportes y ajustar la operaci\u00f3n sobre la marcha.<\/p>\n","protected":false},"excerpt":{"rendered":"<p>Casi mil autobuses de Qrobus salieron a las calles de Quer\u00e9taro este lunes para dar&#8230;<\/p>\n","protected":false},"author":5,"featured_media":4751,"comment_status":"open","ping_status":"open","sticky":false,"template":"","format":"standard","meta":{"om_disable_all_campaigns":false,"_monsterinsights_skip_tracking":false,"footnotes":"","jetpack_publicize_message":"","jetpack_publicize_feature_enabled":true,"jetpack_social_post_already_shared":true,"jetpack_social_options":{"image_generator_settings":{"template":"highway","default_image_id":0,"font":"","enabled":false},"version":2}},"categories":[1],"tags":[876,2312,588,1508,3074],"class_list":["post-4752","post","type-post","status-publish","format-standard","has-post-thumbnail","hentry","category-blog","tag-300-anos-acueducto-queretaro-el-marques","tag-ameq-operativo-vial","tag-app-qrobus","tag-con-acceso-gratuito-para-menores-de-12-anos-y-adultos-mayores-el-transporte-publico-al-estadio-es-gratuito-plan-familiar","tag-regreso-a-clases-queretaro-2026"],"aioseo_notices":[],"aioseo_head":"\n\t\t<!-- All in One SEO 5.0.1.1 - aioseo.com -->\n\t<meta name=\"description\" content=\"Casi mil autobuses de Qrobus salieron a las calles de Quer\u00e9taro este lunes para dar cobertura al regreso a clases. Gerardo Cuanalo Santos, director de la Agencia de Movilidad del Estado de Quer\u00e9taro (AMEQ), estuvo en el Centro de Monitoreo para revisar la salida de las unidades y asegurar que todo funcione. Se espera que\" \/>\n\t<meta name=\"robots\" content=\"max-image-preview:large\" \/>\n\t<meta name=\"author\" content=\"Staff\"\/>\n\t<link rel=\"canonical\" href=\"https:\/\/elprogresivo.mx\/index.php\/2026\/08\/31\/qrobus-mueve-casi-mil-autobuses-en-regreso-a-clases\/\" \/>\n\t<meta name=\"generator\" content=\"All in One SEO (AIOSEO) 5.0.1.1\" \/>\n\t\t<meta property=\"og:locale\" content=\"es_MX\" \/>\n\t\t<meta property=\"og:site_name\" content=\"elprogresivo.mx - Construimos una nueva etapa en informaci\u00f3n\" \/>\n\t\t<meta property=\"og:type\" content=\"article\" \/>\n\t\t<meta property=\"og:title\" content=\"Qrobus mueve casi mil autobuses en regreso a clases - elprogresivo.mx\" \/>\n\t\t<meta property=\"og:description\" content=\"Casi mil autobuses de Qrobus salieron a las calles de Quer\u00e9taro este lunes para dar cobertura al regreso a clases. Gerardo Cuanalo Santos, director de la Agencia de Movilidad del Estado de Quer\u00e9taro (AMEQ), estuvo en el Centro de Monitoreo para revisar la salida de las unidades y asegurar que todo funcione. Se espera que\" \/>\n\t\t<meta property=\"og:url\" content=\"https:\/\/elprogresivo.mx\/index.php\/2026\/08\/31\/qrobus-mueve-casi-mil-autobuses-en-regreso-a-clases\/\" \/>\n\t\t<meta property=\"og:image\" content=\"https:\/\/elprogresivo.mx\/wp-content\/uploads\/2024\/02\/cropped-LogoBlanco.png\" \/>\n\t\t<meta property=\"og:image:secure_url\" content=\"https:\/\/elprogresivo.mx\/wp-content\/uploads\/2024\/02\/cropped-LogoBlanco.png\" \/>\n\t\t<meta property=\"article:published_time\" content=\"2026-08-31T15:50:32+00:00\" \/>\n\t\t<meta property=\"article:modified_time\" content=\"2026-08-31T15:50:32+00:00\" \/>\n\t\t<meta name=\"twitter:card\" content=\"summary_large_image\" \/>\n\t\t<meta name=\"twitter:title\" content=\"Qrobus mueve casi mil autobuses en regreso a clases - elprogresivo.mx\" \/>\n\t\t<meta name=\"twitter:description\" content=\"Casi mil autobuses de Qrobus salieron a las calles de Quer\u00e9taro este lunes para dar cobertura al regreso a clases. Gerardo Cuanalo Santos, director de la Agencia de Movilidad del Estado de Quer\u00e9taro (AMEQ), estuvo en el Centro de Monitoreo para revisar la salida de las unidades y asegurar que todo funcione. Se espera que\" \/>\n\t\t<meta name=\"twitter:image\" content=\"https:\/\/elprogresivo.mx\/wp-content\/uploads\/2024\/02\/cropped-LogoBlanco.png\" \/>\n\t\t<script type=\"application\/ld+json\" class=\"aioseo-schema\">\n\t\t\t{\"@context\":\"https:\\\/\\\/schema.org\",\"@graph\":[{\"@type\":\"BlogPosting\",\"@id\":\"https:\\\/\\\/elprogresivo.mx\\\/index.php\\\/2026\\\/08\\\/31\\\/qrobus-mueve-casi-mil-autobuses-en-regreso-a-clases\\\/#blogposting\",\"name\":\"Qrobus mueve casi mil autobuses en regreso a clases - elprogresivo.mx\",\"headline\":\"Qrobus mueve casi mil autobuses en regreso a clases\",\"author\":{\"@id\":\"https:\\\/\\\/elprogresivo.mx\\\/index.php\\\/author\\\/emmanuel-galvan\\\/#author\"},\"publisher\":{\"@id\":\"https:\\\/\\\/elprogresivo.mx\\\/#organization\"},\"image\":{\"@type\":\"ImageObject\",\"url\":\"https:\\\/\\\/elprogresivo.mx\\\/wp-content\\\/uploads\\\/2026\\\/08\\\/noticia_20260831095021.jpg\",\"width\":1700,\"height\":1133},\"datePublished\":\"2026-08-31T15:50:32+00:00\",\"dateModified\":\"2026-08-31T15:50:32+00:00\",\"inLanguage\":\"es-MX\",\"mainEntityOfPage\":{\"@id\":\"https:\\\/\\\/elprogresivo.mx\\\/index.php\\\/2026\\\/08\\\/31\\\/qrobus-mueve-casi-mil-autobuses-en-regreso-a-clases\\\/#webpage\"},\"isPartOf\":{\"@id\":\"https:\\\/\\\/elprogresivo.mx\\\/index.php\\\/2026\\\/08\\\/31\\\/qrobus-mueve-casi-mil-autobuses-en-regreso-a-clases\\\/#webpage\"},\"articleSection\":\"Blog, 300 a\\u00f1os Acueducto Quer\\u00e9taro El Marqu\\u00e9s, AMEQ operativo vial, app Qrobus, con acceso gratuito para menores de 12 a\\u00f1os y adultos mayores. El transporte p\\u00fablico al estadio es gratuito. Plan familiar, regreso a clases Quer\\u00e9taro 2026\"},{\"@type\":\"BreadcrumbList\",\"@id\":\"https:\\\/\\\/elprogresivo.mx\\\/index.php\\\/2026\\\/08\\\/31\\\/qrobus-mueve-casi-mil-autobuses-en-regreso-a-clases\\\/#breadcrumblist\",\"itemListElement\":[{\"@type\":\"ListItem\",\"@id\":\"https:\\\/\\\/elprogresivo.mx#listItem\",\"position\":1,\"name\":\"Home\",\"item\":\"https:\\\/\\\/elprogresivo.mx\",\"nextItem\":{\"@type\":\"ListItem\",\"@id\":\"https:\\\/\\\/elprogresivo.mx\\\/index.php\\\/category\\\/blog\\\/#listItem\",\"name\":\"Blog\"}},{\"@type\":\"ListItem\",\"@id\":\"https:\\\/\\\/elprogresivo.mx\\\/index.php\\\/category\\\/blog\\\/#listItem\",\"position\":2,\"name\":\"Blog\",\"item\":\"https:\\\/\\\/elprogresivo.mx\\\/index.php\\\/category\\\/blog\\\/\",\"nextItem\":{\"@type\":\"ListItem\",\"@id\":\"https:\\\/\\\/elprogresivo.mx\\\/index.php\\\/2026\\\/08\\\/31\\\/qrobus-mueve-casi-mil-autobuses-en-regreso-a-clases\\\/#listItem\",\"name\":\"Qrobus mueve casi mil autobuses en regreso a clases\"},\"previousItem\":{\"@type\":\"ListItem\",\"@id\":\"https:\\\/\\\/elprogresivo.mx#listItem\",\"name\":\"Home\"}},{\"@type\":\"ListItem\",\"@id\":\"https:\\\/\\\/elprogresivo.mx\\\/index.php\\\/2026\\\/08\\\/31\\\/qrobus-mueve-casi-mil-autobuses-en-regreso-a-clases\\\/#listItem\",\"position\":3,\"name\":\"Qrobus mueve casi mil autobuses en regreso a clases\",\"previousItem\":{\"@type\":\"ListItem\",\"@id\":\"https:\\\/\\\/elprogresivo.mx\\\/index.php\\\/category\\\/blog\\\/#listItem\",\"name\":\"Blog\"}}]},{\"@type\":\"Organization\",\"@id\":\"https:\\\/\\\/elprogresivo.mx\\\/#organization\",\"name\":\"elprogresivo.mx\",\"description\":\"Construimos una nueva etapa en informaci\\u00f3n\",\"url\":\"https:\\\/\\\/elprogresivo.mx\\\/\",\"logo\":{\"@type\":\"ImageObject\",\"url\":\"https:\\\/\\\/elprogresivo.mx\\\/wp-content\\\/uploads\\\/2024\\\/02\\\/cropped-LogoBlanco.png\",\"@id\":\"https:\\\/\\\/elprogresivo.mx\\\/index.php\\\/2026\\\/08\\\/31\\\/qrobus-mueve-casi-mil-autobuses-en-regreso-a-clases\\\/#organizationLogo\",\"width\":2096,\"height\":332},\"image\":{\"@id\":\"https:\\\/\\\/elprogresivo.mx\\\/index.php\\\/2026\\\/08\\\/31\\\/qrobus-mueve-casi-mil-autobuses-en-regreso-a-clases\\\/#organizationLogo\"}},{\"@type\":\"Person\",\"@id\":\"https:\\\/\\\/elprogresivo.mx\\\/index.php\\\/author\\\/emmanuel-galvan\\\/#author\",\"url\":\"https:\\\/\\\/elprogresivo.mx\\\/index.php\\\/author\\\/emmanuel-galvan\\\/\",\"name\":\"Staff\",\"image\":{\"@type\":\"ImageObject\",\"@id\":\"https:\\\/\\\/elprogresivo.mx\\\/index.php\\\/2026\\\/08\\\/31\\\/qrobus-mueve-casi-mil-autobuses-en-regreso-a-clases\\\/#authorImage\",\"url\":\"https:\\\/\\\/secure.gravatar.com\\\/avatar\\\/3bb87242634c3adf910515f41e6e392ab758b98c8ee7fd12a54fcb5270441486?s=96&d=mm&r=g\",\"width\":96,\"height\":96,\"caption\":\"Staff\"}},{\"@type\":\"WebPage\",\"@id\":\"https:\\\/\\\/elprogresivo.mx\\\/index.php\\\/2026\\\/08\\\/31\\\/qrobus-mueve-casi-mil-autobuses-en-regreso-a-clases\\\/#webpage\",\"url\":\"https:\\\/\\\/elprogresivo.mx\\\/index.php\\\/2026\\\/08\\\/31\\\/qrobus-mueve-casi-mil-autobuses-en-regreso-a-clases\\\/\",\"name\":\"Qrobus mueve casi mil autobuses en regreso a clases - elprogresivo.mx\",\"description\":\"Casi mil autobuses de Qrobus salieron a las calles de Quer\\u00e9taro este lunes para dar cobertura al regreso a clases. Gerardo Cuanalo Santos, director de la Agencia de Movilidad del Estado de Quer\\u00e9taro (AMEQ), estuvo en el Centro de Monitoreo para revisar la salida de las unidades y asegurar que todo funcione. Se espera que\",\"inLanguage\":\"es-MX\",\"isPartOf\":{\"@id\":\"https:\\\/\\\/elprogresivo.mx\\\/#website\"},\"breadcrumb\":{\"@id\":\"https:\\\/\\\/elprogresivo.mx\\\/index.php\\\/2026\\\/08\\\/31\\\/qrobus-mueve-casi-mil-autobuses-en-regreso-a-clases\\\/#breadcrumblist\"},\"author\":{\"@id\":\"https:\\\/\\\/elprogresivo.mx\\\/index.php\\\/author\\\/emmanuel-galvan\\\/#author\"},\"creator\":{\"@id\":\"https:\\\/\\\/elprogresivo.mx\\\/index.php\\\/author\\\/emmanuel-galvan\\\/#author\"},\"image\":{\"@type\":\"ImageObject\",\"url\":\"https:\\\/\\\/elprogresivo.mx\\\/wp-content\\\/uploads\\\/2026\\\/08\\\/noticia_20260831095021.jpg\",\"@id\":\"https:\\\/\\\/elprogresivo.mx\\\/index.php\\\/2026\\\/08\\\/31\\\/qrobus-mueve-casi-mil-autobuses-en-regreso-a-clases\\\/#mainImage\",\"width\":1700,\"height\":1133},\"primaryImageOfPage\":{\"@id\":\"https:\\\/\\\/elprogresivo.mx\\\/index.php\\\/2026\\\/08\\\/31\\\/qrobus-mueve-casi-mil-autobuses-en-regreso-a-clases\\\/#mainImage\"},\"datePublished\":\"2026-08-31T15:50:32+00:00\",\"dateModified\":\"2026-08-31T15:50:32+00:00\"},{\"@type\":\"WebSite\",\"@id\":\"https:\\\/\\\/elprogresivo.mx\\\/#website\",\"url\":\"https:\\\/\\\/elprogresivo.mx\\\/\",\"name\":\"elprogresivo.mx\",\"description\":\"Construimos una nueva etapa en informaci\\u00f3n\",\"inLanguage\":\"es-MX\",\"publisher\":{\"@id\":\"https:\\\/\\\/elprogresivo.mx\\\/#organization\"}}]}\n\t\t<\/script>\n\t\t<!-- All in One SEO -->\n\n","aioseo_head_json":{"title":"Qrobus mueve casi mil autobuses en regreso a clases - elprogresivo.mx","description":"Casi mil autobuses de Qrobus salieron a las calles de Quer\u00e9taro este lunes para dar cobertura al regreso a clases. Gerardo Cuanalo Santos, director de la Agencia de Movilidad del Estado de Quer\u00e9taro (AMEQ), estuvo en el Centro de Monitoreo para revisar la salida de las unidades y asegurar que todo funcione. Se espera que","canonical_url":"https:\/\/elprogresivo.mx\/index.php\/2026\/08\/31\/qrobus-mueve-casi-mil-autobuses-en-regreso-a-clases\/","robots":"max-image-preview:large","keywords":"","webmasterTools":{"miscellaneous":""},"schema":{"@context":"https:\/\/schema.org","@graph":[{"@type":"BlogPosting","@id":"https:\/\/elprogresivo.mx\/index.php\/2026\/08\/31\/qrobus-mueve-casi-mil-autobuses-en-regreso-a-clases\/#blogposting","name":"Qrobus mueve casi mil autobuses en regreso a clases - elprogresivo.mx","headline":"Qrobus mueve casi mil autobuses en regreso a clases","author":{"@id":"https:\/\/elprogresivo.mx\/index.php\/author\/emmanuel-galvan\/#author"},"publisher":{"@id":"https:\/\/elprogresivo.mx\/#organization"},"image":{"@type":"ImageObject","url":"https:\/\/elprogresivo.mx\/wp-content\/uploads\/2026\/08\/noticia_20260831095021.jpg","width":1700,"height":1133},"datePublished":"2026-08-31T15:50:32+00:00","dateModified":"2026-08-31T15:50:32+00:00","inLanguage":"es-MX","mainEntityOfPage":{"@id":"https:\/\/elprogresivo.mx\/index.php\/2026\/08\/31\/qrobus-mueve-casi-mil-autobuses-en-regreso-a-clases\/#webpage"},"isPartOf":{"@id":"https:\/\/elprogresivo.mx\/index.php\/2026\/08\/31\/qrobus-mueve-casi-mil-autobuses-en-regreso-a-clases\/#webpage"},"articleSection":"Blog, 300 a\u00f1os Acueducto Quer\u00e9taro El Marqu\u00e9s, AMEQ operativo vial, app Qrobus, con acceso gratuito para menores de 12 a\u00f1os y adultos mayores. El transporte p\u00fablico al estadio es gratuito. Plan familiar, regreso a clases Quer\u00e9taro 2026"},{"@type":"BreadcrumbList","@id":"https:\/\/elprogresivo.mx\/index.php\/2026\/08\/31\/qrobus-mueve-casi-mil-autobuses-en-regreso-a-clases\/#breadcrumblist","itemListElement":[{"@type":"ListItem","@id":"https:\/\/elprogresivo.mx#listItem","position":1,"name":"Home","item":"https:\/\/elprogresivo.mx","nextItem":{"@type":"ListItem","@id":"https:\/\/elprogresivo.mx\/index.php\/category\/blog\/#listItem","name":"Blog"}},{"@type":"ListItem","@id":"https:\/\/elprogresivo.mx\/index.php\/category\/blog\/#listItem","position":2,"name":"Blog","item":"https:\/\/elprogresivo.mx\/index.php\/category\/blog\/","nextItem":{"@type":"ListItem","@id":"https:\/\/elprogresivo.mx\/index.php\/2026\/08\/31\/qrobus-mueve-casi-mil-autobuses-en-regreso-a-clases\/#listItem","name":"Qrobus mueve casi mil autobuses en regreso a clases"},"previousItem":{"@type":"ListItem","@id":"https:\/\/elprogresivo.mx#listItem","name":"Home"}},{"@type":"ListItem","@id":"https:\/\/elprogresivo.mx\/index.php\/2026\/08\/31\/qrobus-mueve-casi-mil-autobuses-en-regreso-a-clases\/#listItem","position":3,"name":"Qrobus mueve casi mil autobuses en regreso a clases","previousItem":{"@type":"ListItem","@id":"https:\/\/elprogresivo.mx\/index.php\/category\/blog\/#listItem","name":"Blog"}}]},{"@type":"Organization","@id":"https:\/\/elprogresivo.mx\/#organization","name":"elprogresivo.mx","description":"Construimos una nueva etapa en informaci\u00f3n","url":"https:\/\/elprogresivo.mx\/","logo":{"@type":"ImageObject","url":"https:\/\/elprogresivo.mx\/wp-content\/uploads\/2024\/02\/cropped-LogoBlanco.png","@id":"https:\/\/elprogresivo.mx\/index.php\/2026\/08\/31\/qrobus-mueve-casi-mil-autobuses-en-regreso-a-clases\/#organizationLogo","width":2096,"height":332},"image":{"@id":"https:\/\/elprogresivo.mx\/index.php\/2026\/08\/31\/qrobus-mueve-casi-mil-autobuses-en-regreso-a-clases\/#organizationLogo"}},{"@type":"Person","@id":"https:\/\/elprogresivo.mx\/index.php\/author\/emmanuel-galvan\/#author","url":"https:\/\/elprogresivo.mx\/index.php\/author\/emmanuel-galvan\/","name":"Staff","image":{"@type":"ImageObject","@id":"https:\/\/elprogresivo.mx\/index.php\/2026\/08\/31\/qrobus-mueve-casi-mil-autobuses-en-regreso-a-clases\/#authorImage","url":"https:\/\/secure.gravatar.com\/avatar\/3bb87242634c3adf910515f41e6e392ab758b98c8ee7fd12a54fcb5270441486?s=96&d=mm&r=g","width":96,"height":96,"caption":"Staff"}},{"@type":"WebPage","@id":"https:\/\/elprogresivo.mx\/index.php\/2026\/08\/31\/qrobus-mueve-casi-mil-autobuses-en-regreso-a-clases\/#webpage","url":"https:\/\/elprogresivo.mx\/index.php\/2026\/08\/31\/qrobus-mueve-casi-mil-autobuses-en-regreso-a-clases\/","name":"Qrobus mueve casi mil autobuses en regreso a clases - elprogresivo.mx","description":"Casi mil autobuses de Qrobus salieron a las calles de Quer\u00e9taro este lunes para dar cobertura al regreso a clases. Gerardo Cuanalo Santos, director de la Agencia de Movilidad del Estado de Quer\u00e9taro (AMEQ), estuvo en el Centro de Monitoreo para revisar la salida de las unidades y asegurar que todo funcione. Se espera que","inLanguage":"es-MX","isPartOf":{"@id":"https:\/\/elprogresivo.mx\/#website"},"breadcrumb":{"@id":"https:\/\/elprogresivo.mx\/index.php\/2026\/08\/31\/qrobus-mueve-casi-mil-autobuses-en-regreso-a-clases\/#breadcrumblist"},"author":{"@id":"https:\/\/elprogresivo.mx\/index.php\/author\/emmanuel-galvan\/#author"},"creator":{"@id":"https:\/\/elprogresivo.mx\/index.php\/author\/emmanuel-galvan\/#author"},"image":{"@type":"ImageObject","url":"https:\/\/elprogresivo.mx\/wp-content\/uploads\/2026\/08\/noticia_20260831095021.jpg","@id":"https:\/\/elprogresivo.mx\/index.php\/2026\/08\/31\/qrobus-mueve-casi-mil-autobuses-en-regreso-a-clases\/#mainImage","width":1700,"height":1133},"primaryImageOfPage":{"@id":"https:\/\/elprogresivo.mx\/index.php\/2026\/08\/31\/qrobus-mueve-casi-mil-autobuses-en-regreso-a-clases\/#mainImage"},"datePublished":"2026-08-31T15:50:32+00:00","dateModified":"2026-08-31T15:50:32+00:00"},{"@type":"WebSite","@id":"https:\/\/elprogresivo.mx\/#website","url":"https:\/\/elprogresivo.mx\/","name":"elprogresivo.mx","description":"Construimos una nueva etapa en informaci\u00f3n","inLanguage":"es-MX","publisher":{"@id":"https:\/\/elprogresivo.mx\/#organization"}}]},"og:locale":"es_MX","og:site_name":"elprogresivo.mx - Construimos una nueva etapa en informaci\u00f3n","og:type":"article","og:title":"Qrobus mueve casi mil autobuses en regreso a clases - elprogresivo.mx","og:description":"Casi mil autobuses de Qrobus salieron a las calles de Quer\u00e9taro este lunes para dar cobertura al regreso a clases. Gerardo Cuanalo Santos, director de la Agencia de Movilidad del Estado de Quer\u00e9taro (AMEQ), estuvo en el Centro de Monitoreo para revisar la salida de las unidades y asegurar que todo funcione. Se espera que","og:url":"https:\/\/elprogresivo.mx\/index.php\/2026\/08\/31\/qrobus-mueve-casi-mil-autobuses-en-regreso-a-clases\/","og:image":"https:\/\/elprogresivo.mx\/wp-content\/uploads\/2024\/02\/cropped-LogoBlanco.png","og:image:secure_url":"https:\/\/elprogresivo.mx\/wp-content\/uploads\/2024\/02\/cropped-LogoBlanco.png","article:published_time":"2026-08-31T15:50:32+00:00","article:modified_time":"2026-08-31T15:50:32+00:00","twitter:card":"summary_large_image","twitter:title":"Qrobus mueve casi mil autobuses en regreso a clases - elprogresivo.mx","twitter:description":"Casi mil autobuses de Qrobus salieron a las calles de Quer\u00e9taro este lunes para dar cobertura al regreso a clases. Gerardo Cuanalo Santos, director de la Agencia de Movilidad del Estado de Quer\u00e9taro (AMEQ), estuvo en el Centro de Monitoreo para revisar la salida de las unidades y asegurar que todo funcione. Se espera que","twitter:image":"https:\/\/elprogresivo.mx\/wp-content\/uploads\/2024\/02\/cropped-LogoBlanco.png"},"aioseo_meta_data":{"post_id":"4752","title":null,"description":null,"keywords":null,"keyphrases":{"focus":[],"additional":[]},"primary_term":null,"canonical_url":null,"og_title":null,"og_description":null,"og_object_type":"default","og_image_type":"default","og_image_url":null,"og_image_width":null,"og_image_height":null,"og_image_custom_url":null,"og_image_custom_fields":null,"og_video":null,"og_custom_url":null,"og_article_section":null,"og_article_tags":null,"twitter_use_og":false,"twitter_card":"default","twitter_image_type":"default","twitter_image_url":null,"twitter_image_custom_url":null,"twitter_image_custom_fields":null,"twitter_title":null,"twitter_description":null,"schema":{"blockGraphs":[],"customGraphs":[],"default":{"data":{"Article":[],"Course":[],"Dataset":[],"FAQPage":[],"Movie":[],"Person":[],"Product":[],"ProductReview":[],"Car":[],"Recipe":[],"Service":[],"SoftwareApplication":[],"WebPage":[]},"graphName":"","isEnabled":true},"graphs":[]},"schema_type":"default","schema_type_options":null,"pillar_content":false,"robots_default":true,"robots_noindex":false,"robots_noarchive":false,"robots_nosnippet":false,"robots_nofollow":false,"robots_noimageindex":false,"robots_noodp":false,"robots_notranslate":false,"robots_max_snippet":null,"robots_max_videopreview":null,"robots_max_imagepreview":"large","priority":null,"frequency":null,"local_seo":null,"limit_modified_date":false,"created":"2026-08-31 16:30:21","updated":"2026-08-31 16:57:52","ai":null,"breadcrumb_settings":null,"seo_analyzer_scan_date":null,"focus_keyword":null,"additional_keywords":null,"truseo_locale":null},"aioseo_breadcrumb":"<div class=\"aioseo-breadcrumbs\"><span class=\"aioseo-breadcrumb\">\n\t\t\t<a href=\"https:\/\/elprogresivo.mx\" title=\"Home\">Home<\/a>\n\t\t<\/span><span class=\"aioseo-breadcrumb-separator\">&raquo;<\/span><span class=\"aioseo-breadcrumb\">\n\t\t\t<a href=\"https:\/\/elprogresivo.mx\/index.php\/category\/blog\/\" title=\"Blog\">Blog<\/a>\n\t\t<\/span><span class=\"aioseo-breadcrumb-separator\">&raquo;<\/span><span class=\"aioseo-breadcrumb\">\n\t\t\tQrobus mueve casi mil autobuses en regreso a clases\n\t\t<\/span><\/div>","aioseo_breadcrumb_json":[{"label":"Home","link":"https:\/\/elprogresivo.mx"},{"label":"Blog","link":"https:\/\/elprogresivo.mx\/index.php\/category\/blog\/"},{"label":"Qrobus mueve casi mil autobuses en regreso a clases","link":"https:\/\/elprogresivo.mx\/index.php\/2026\/08\/31\/qrobus-mueve-casi-mil-autobuses-en-regreso-a-clases\/"}],"jetpack_publicize_connections":[],"_links":{"self":[{"href":"https:\/\/elprogresivo.mx\/index.php\/wp-json\/wp\/v2\/posts\/4752","targetHints":{"allow":["GET"]}}],"collection":[{"href":"https:\/\/elprogresivo.mx\/index.php\/wp-json\/wp\/v2\/posts"}],"about":[{"href":"https:\/\/elprogresivo.mx\/index.php\/wp-json\/wp\/v2\/types\/post"}],"author":[{"embeddable":true,"href":"https:\/\/elprogresivo.mx\/index.php\/wp-json\/wp\/v2\/users\/5"}],"replies":[{"embeddable":true,"href":"https:\/\/elprogresivo.mx\/index.php\/wp-json\/wp\/v2\/comments?post=4752"}],"version-history":[{"count":0,"href":"https:\/\/elprogresivo.mx\/index.php\/wp-json\/wp\/v2\/posts\/4752\/revisions"}],"wp:featuredmedia":[{"embeddable":true,"href":"https:\/\/elprogresivo.mx\/index.php\/wp-json\/wp\/v2\/media\/4751"}],"wp:attachment":[{"href":"https:\/\/elprogresivo.mx\/index.php\/wp-json\/wp\/v2\/media?parent=4752"}],"wp:term":[{"taxonomy":"category","embeddable":true,"href":"https:\/\/elprogresivo.mx\/index.php\/wp-json\/wp\/v2\/categories?post=4752"},{"taxonomy":"post_tag","embeddable":true,"href":"https:\/\/elprogresivo.mx\/index.php\/wp-json\/wp\/v2\/tags?post=4752"}],"curies":[{"name":"wp","href":"https:\/\/api.w.org\/{rel}","templated":true}]}}