{"id":2290,"date":"2026-05-02T22:32:43","date_gmt":"2026-05-02T22:32:43","guid":{"rendered":"https:\/\/elprogresivo.mx\/?p=2290"},"modified":"2026-05-02T22:32:43","modified_gmt":"2026-05-02T22:32:43","slug":"100-voluntarios-se-suman-a-cuidar-la-salud-emocional-de-comunidades-en-el-marques","status":"publish","type":"post","link":"https:\/\/elprogresivo.mx\/index.php\/2026\/05\/02\/100-voluntarios-se-suman-a-cuidar-la-salud-emocional-de-comunidades-en-el-marques\/","title":{"rendered":"100 voluntarios se suman a cuidar la salud emocional de comunidades en El Marqu\u00e9s"},"content":{"rendered":"\n<p class=\"font-claude-response-body break-words whitespace-normal leading-[1.7]\">El presidente municipal de El Marqu\u00e9s, Rodrigo Monsalvo Castel\u00e1n, encabez\u00f3 la toma de protesta del&nbsp;<strong>Voluntariado Vive<\/strong>, iniciativa del Instituto Municipal Centro Vive en la que&nbsp;<strong>100 ciudadanos<\/strong>&nbsp;se integraron formalmente como agentes de cambio comunitario en el Centro Municipal de Jes\u00fas Mar\u00eda.<\/p>\n\n\n\n<p class=\"font-claude-response-body break-words whitespace-normal leading-[1.7]\">Los voluntarios participar\u00e1n en jornadas de recuperaci\u00f3n de espacios p\u00fablicos, din\u00e1micas recreativas, eventos comunitarios y atenci\u00f3n con primeros auxilios psicol\u00f3gicos para brindar escucha emp\u00e1tica y orientaci\u00f3n b\u00e1sica a quienes lo requieran.<\/p>\n\n\n\n<p class=\"font-claude-response-body break-words whitespace-normal leading-[1.7]\">&#8220;Integrarse al Voluntariado Vive es decidir hacer comunidad, es elegir ser parte de la soluci\u00f3n y poner el coraz\u00f3n por delante&#8221;, afirm\u00f3 Monsalvo Castel\u00e1n durante el evento.<\/p>\n\n\n\n<p class=\"font-claude-response-body break-words whitespace-normal leading-[1.7]\">El programa consolida una pol\u00edtica p\u00fablica preventiva enfocada en la sana convivencia, el acompa\u00f1amiento emocional y la prevenci\u00f3n de conductas de riesgo en las comunidades marquesinas.<\/p>\n","protected":false},"excerpt":{"rendered":"<p>El presidente municipal de El Marqu\u00e9s, Rodrigo Monsalvo Castel\u00e1n, encabez\u00f3 la toma de protesta del&nbsp;Voluntariado&#8230;<\/p>\n","protected":false},"author":1,"featured_media":2289,"comment_status":"closed","ping_status":"open","sticky":false,"template":"","format":"standard","meta":{"om_disable_all_campaigns":false,"_monsterinsights_skip_tracking":false,"_monsterinsights_sitenote_active":false,"_monsterinsights_sitenote_note":"","_monsterinsights_sitenote_category":0,"footnotes":""},"categories":[1,70],"tags":[403,194,401,404,399,402,119,398,400],"class_list":["post-2290","post","type-post","status-publish","format-standard","has-post-thumbnail","hentry","category-blog","category-destacado","tag-bienestar-comunitario-queretaro","tag-centro-vive-el-marques","tag-jesus-maria-el-marques","tag-participacion-ciudadana-el-marques","tag-prevencion-adicciones-queretaro","tag-primeros-auxilios-psicologicos","tag-rodrigo-monsalvo","tag-salud-emocional-queretaro","tag-voluntariado-vive-el-marques"],"aioseo_notices":[],"_links":{"self":[{"href":"https:\/\/elprogresivo.mx\/index.php\/wp-json\/wp\/v2\/posts\/2290","targetHints":{"allow":["GET"]}}],"collection":[{"href":"https:\/\/elprogresivo.mx\/index.php\/wp-json\/wp\/v2\/posts"}],"about":[{"href":"https:\/\/elprogresivo.mx\/index.php\/wp-json\/wp\/v2\/types\/post"}],"author":[{"embeddable":true,"href":"https:\/\/elprogresivo.mx\/index.php\/wp-json\/wp\/v2\/users\/1"}],"replies":[{"embeddable":true,"href":"https:\/\/elprogresivo.mx\/index.php\/wp-json\/wp\/v2\/comments?post=2290"}],"version-history":[{"count":1,"href":"https:\/\/elprogresivo.mx\/index.php\/wp-json\/wp\/v2\/posts\/2290\/revisions"}],"predecessor-version":[{"id":2291,"href":"https:\/\/elprogresivo.mx\/index.php\/wp-json\/wp\/v2\/posts\/2290\/revisions\/2291"}],"wp:featuredmedia":[{"embeddable":true,"href":"https:\/\/elprogresivo.mx\/index.php\/wp-json\/wp\/v2\/media\/2289"}],"wp:attachment":[{"href":"https:\/\/elprogresivo.mx\/index.php\/wp-json\/wp\/v2\/media?parent=2290"}],"wp:term":[{"taxonomy":"category","embeddable":true,"href":"https:\/\/elprogresivo.mx\/index.php\/wp-json\/wp\/v2\/categories?post=2290"},{"taxonomy":"post_tag","embeddable":true,"href":"https:\/\/elprogresivo.mx\/index.php\/wp-json\/wp\/v2\/tags?post=2290"}],"curies":[{"name":"wp","href":"https:\/\/api.w.org\/{rel}","templated":true}]}}