{"id":2281,"date":"2026-05-01T04:32:29","date_gmt":"2026-05-01T04:32:29","guid":{"rendered":"https:\/\/elprogresivo.mx\/?p=2281"},"modified":"2026-05-01T04:32:29","modified_gmt":"2026-05-01T04:32:29","slug":"64-paises-y-leyendas-del-futbol-llegan-al-festival-de-comunidades-extranjeras-en-queretaro","status":"publish","type":"post","link":"https:\/\/elprogresivo.mx\/index.php\/2026\/05\/01\/64-paises-y-leyendas-del-futbol-llegan-al-festival-de-comunidades-extranjeras-en-queretaro\/","title":{"rendered":"64 pa\u00edses y leyendas del futbol llegan al Festival de Comunidades Extranjeras en Quer\u00e9taro"},"content":{"rendered":"\n<p class=\"font-claude-response-body break-words whitespace-normal leading-[1.7]\">El presidente municipal Felifer Mac\u00edas inaugur\u00f3 la edici\u00f3n pambolera del&nbsp;<strong>Festival de Comunidades Extranjeras<\/strong>, que se celebra del&nbsp;<strong>30 de abril al 3 de mayo<\/strong>&nbsp;en el Parque Bicentenario con la participaci\u00f3n de&nbsp;<strong>64 pa\u00edses<\/strong>&nbsp;y una expectativa de&nbsp;<strong>60 mil visitantes<\/strong>&nbsp;y derrama econ\u00f3mica de&nbsp;<strong>60 millones de pesos<\/strong>.<\/p>\n\n\n\n<p class=\"font-claude-response-body break-words whitespace-normal leading-[1.7]\">La edici\u00f3n 2026 combina cultura internacional y esp\u00edritu futbolero con&nbsp;<strong>70 actividades art\u00edsticas, 91 stands gastron\u00f3micos y artesanales<\/strong>&nbsp;y&nbsp;<strong>30 stands de productores locales<\/strong>, adem\u00e1s de torneos de f\u00fatbol y uruguayito entre representantes de los pa\u00edses participantes.<\/p>\n\n\n\n<p class=\"font-claude-response-body break-words whitespace-normal leading-[1.7]\">Como atracci\u00f3n especial, habr\u00e1 firma de aut\u00f3grafos con leyendas del f\u00fatbol mexicano:&nbsp;<strong>Adolfo R\u00edos, Bofo Bautista, Zague, Carlos Salcido y Joel &#8220;El Tibur\u00f3n&#8221; S\u00e1nchez<\/strong>.<\/p>\n\n\n\n<p class=\"font-claude-response-body break-words whitespace-normal leading-[1.7]\">Al acto inaugural asistieron los embajadores de Reino Unido, Rep\u00fablica Checa e Irlanda en M\u00e9xico.<\/p>\n\n\n\n<p class=\"font-claude-response-body break-words whitespace-normal leading-[1.7]\"><strong>Acceso y transporte<\/strong><\/p>\n\n\n\n<p class=\"font-claude-response-body break-words whitespace-normal leading-[1.7]\">La entrada cuesta&nbsp;<strong>70 pesos<\/strong>; personas con discapacidad, adultos mayores y menores de tres a\u00f1os entran&nbsp;<strong>gratis<\/strong>. El municipio habilit\u00f3 transporte gratuito del 30 de abril al 3 de mayo de&nbsp;<strong>11:00 a 23:00 horas<\/strong>&nbsp;en tres circuitos con salidas cada 20 minutos desde el Centro Educativo Cultural Manuel G\u00f3mez Mor\u00edn y el Mercado de Santa Rosa J\u00e1uregui hacia el Parque Bicentenario.<\/p>\n","protected":false},"excerpt":{"rendered":"<p>El presidente municipal Felifer Mac\u00edas inaugur\u00f3 la edici\u00f3n pambolera del&nbsp;Festival de Comunidades Extranjeras, que se&#8230;<\/p>\n","protected":false},"author":1,"featured_media":2280,"comment_status":"closed","ping_status":"open","sticky":false,"template":"","format":"standard","meta":{"om_disable_all_campaigns":false,"_monsterinsights_skip_tracking":false,"_monsterinsights_sitenote_active":false,"_monsterinsights_sitenote_note":"","_monsterinsights_sitenote_category":0,"footnotes":""},"categories":[1],"tags":[379,380,377,77,381,382,378,375,376],"class_list":["post-2281","post","type-post","status-publish","format-standard","has-post-thumbnail","hentry","category-blog","tag-64-paises-festival","tag-bofo-bautista-zague-queretaro","tag-eventos-mayo-2026-queretaro","tag-felifer-macias","tag-festival-comunidades-extranjeras-queretaro-2026","tag-futbol-queretaro","tag-gastronomia-internacional-queretaro","tag-parque-bicentenario-queretaro","tag-transporte-gratuito-queretaro"],"aioseo_notices":[],"_links":{"self":[{"href":"https:\/\/elprogresivo.mx\/index.php\/wp-json\/wp\/v2\/posts\/2281","targetHints":{"allow":["GET"]}}],"collection":[{"href":"https:\/\/elprogresivo.mx\/index.php\/wp-json\/wp\/v2\/posts"}],"about":[{"href":"https:\/\/elprogresivo.mx\/index.php\/wp-json\/wp\/v2\/types\/post"}],"author":[{"embeddable":true,"href":"https:\/\/elprogresivo.mx\/index.php\/wp-json\/wp\/v2\/users\/1"}],"replies":[{"embeddable":true,"href":"https:\/\/elprogresivo.mx\/index.php\/wp-json\/wp\/v2\/comments?post=2281"}],"version-history":[{"count":1,"href":"https:\/\/elprogresivo.mx\/index.php\/wp-json\/wp\/v2\/posts\/2281\/revisions"}],"predecessor-version":[{"id":2282,"href":"https:\/\/elprogresivo.mx\/index.php\/wp-json\/wp\/v2\/posts\/2281\/revisions\/2282"}],"wp:featuredmedia":[{"embeddable":true,"href":"https:\/\/elprogresivo.mx\/index.php\/wp-json\/wp\/v2\/media\/2280"}],"wp:attachment":[{"href":"https:\/\/elprogresivo.mx\/index.php\/wp-json\/wp\/v2\/media?parent=2281"}],"wp:term":[{"taxonomy":"category","embeddable":true,"href":"https:\/\/elprogresivo.mx\/index.php\/wp-json\/wp\/v2\/categories?post=2281"},{"taxonomy":"post_tag","embeddable":true,"href":"https:\/\/elprogresivo.mx\/index.php\/wp-json\/wp\/v2\/tags?post=2281"}],"curies":[{"name":"wp","href":"https:\/\/api.w.org\/{rel}","templated":true}]}}