{"id":2278,"date":"2026-04-30T22:17:33","date_gmt":"2026-04-30T22:17:33","guid":{"rendered":"https:\/\/elprogresivo.mx\/?p=2278"},"modified":"2026-04-30T22:17:33","modified_gmt":"2026-04-30T22:17:33","slug":"20-mdp-para-cancha-de-futbol-en-la-uaq-amazcala-beneficia-a-6793-habitantes","status":"publish","type":"post","link":"https:\/\/elprogresivo.mx\/index.php\/2026\/04\/30\/20-mdp-para-cancha-de-futbol-en-la-uaq-amazcala-beneficia-a-6793-habitantes\/","title":{"rendered":"$20 MDP para cancha de futbol en la UAQ Amazcala beneficia a 6,793 habitantes"},"content":{"rendered":"\n<p class=\"font-claude-response-body break-words whitespace-normal leading-[1.7]\">El presidente municipal de El Marqu\u00e9s, Rodrigo Monsalvo Castel\u00e1n, encabez\u00f3 la entrega de la primera etapa de la Unidad Deportiva de la Universidad Aut\u00f3noma de Quer\u00e9taro (UAQ) en Amazcala, acompa\u00f1ado por la rectora Silvia Lorena Amaya Llano, con una inversi\u00f3n de&nbsp;<strong>20 millones 922 mil 695 pesos<\/strong>&nbsp;en beneficio directo de&nbsp;<strong>6,793 habitantes<\/strong>.<\/p>\n\n\n\n<p class=\"font-claude-response-body break-words whitespace-normal leading-[1.7]\">La obra incluye&nbsp;<strong>7,235 metros cuadrados de pasto sint\u00e9tico<\/strong>, 143 metros lineales de guarniciones, 348 metros de malla cicl\u00f3nica, dos porter\u00edas con red y&nbsp;<strong>11 postes con 22 luminarias LED<\/strong>&nbsp;para garantizar seguridad y funcionalidad en horario nocturno.<\/p>\n\n\n\n<p class=\"font-claude-response-body break-words whitespace-normal leading-[1.7]\">El secretario de Obras P\u00fablicas, Abraham Ibarra Villase\u00f1or, supervis\u00f3 los detalles t\u00e9cnicos y destac\u00f3 la calidad de los trabajos para asegurar un espacio funcional tanto para la comunidad universitaria como para los habitantes de la zona.<\/p>\n\n\n\n<p class=\"font-claude-response-body break-words whitespace-normal leading-[1.7]\">Con esta inversi\u00f3n, El Marqu\u00e9s reafirma su apuesta por infraestructura deportiva que fomente estilos de vida saludables y fortalezca la convivencia entre las familias marquesinas.<\/p>\n","protected":false},"excerpt":{"rendered":"<p>El presidente municipal de El Marqu\u00e9s, Rodrigo Monsalvo Castel\u00e1n, encabez\u00f3 la entrega de la primera&#8230;<\/p>\n","protected":false},"author":1,"featured_media":2277,"comment_status":"closed","ping_status":"open","sticky":false,"template":"","format":"standard","meta":{"om_disable_all_campaigns":false,"_monsterinsights_skip_tracking":false,"_monsterinsights_sitenote_active":false,"_monsterinsights_sitenote_note":"","_monsterinsights_sitenote_category":0,"footnotes":""},"categories":[1,70],"tags":[372,369,374,368,370,119,371,367,373],"class_list":["post-2278","post","type-post","status-publish","format-standard","has-post-thumbnail","hentry","category-blog","category-destacado","tag-cancha-futbol-amazcala","tag-el-marques-deporte","tag-infraestructura-deportiva-queretaro","tag-inversion-municipal-el-marques","tag-pasto-sintetico-queretaro","tag-rodrigo-monsalvo","tag-silvia-lorena-amaya-uaq","tag-uaq-queretaro","tag-unidad-deportiva-uaq-amazcala"],"aioseo_notices":[],"_links":{"self":[{"href":"https:\/\/elprogresivo.mx\/index.php\/wp-json\/wp\/v2\/posts\/2278","targetHints":{"allow":["GET"]}}],"collection":[{"href":"https:\/\/elprogresivo.mx\/index.php\/wp-json\/wp\/v2\/posts"}],"about":[{"href":"https:\/\/elprogresivo.mx\/index.php\/wp-json\/wp\/v2\/types\/post"}],"author":[{"embeddable":true,"href":"https:\/\/elprogresivo.mx\/index.php\/wp-json\/wp\/v2\/users\/1"}],"replies":[{"embeddable":true,"href":"https:\/\/elprogresivo.mx\/index.php\/wp-json\/wp\/v2\/comments?post=2278"}],"version-history":[{"count":1,"href":"https:\/\/elprogresivo.mx\/index.php\/wp-json\/wp\/v2\/posts\/2278\/revisions"}],"predecessor-version":[{"id":2279,"href":"https:\/\/elprogresivo.mx\/index.php\/wp-json\/wp\/v2\/posts\/2278\/revisions\/2279"}],"wp:featuredmedia":[{"embeddable":true,"href":"https:\/\/elprogresivo.mx\/index.php\/wp-json\/wp\/v2\/media\/2277"}],"wp:attachment":[{"href":"https:\/\/elprogresivo.mx\/index.php\/wp-json\/wp\/v2\/media?parent=2278"}],"wp:term":[{"taxonomy":"category","embeddable":true,"href":"https:\/\/elprogresivo.mx\/index.php\/wp-json\/wp\/v2\/categories?post=2278"},{"taxonomy":"post_tag","embeddable":true,"href":"https:\/\/elprogresivo.mx\/index.php\/wp-json\/wp\/v2\/tags?post=2278"}],"curies":[{"name":"wp","href":"https:\/\/api.w.org\/{rel}","templated":true}]}}