{"id":2271,"date":"2026-04-30T21:29:34","date_gmt":"2026-04-30T21:29:34","guid":{"rendered":"https:\/\/elprogresivo.mx\/?p=2271"},"modified":"2026-04-30T21:29:34","modified_gmt":"2026-04-30T21:29:34","slug":"dif-queretaro-celebra-dia-de-la-ninez-con-150-festejos-y-6-mil-juguetes-en-colonias","status":"publish","type":"post","link":"https:\/\/elprogresivo.mx\/index.php\/2026\/04\/30\/dif-queretaro-celebra-dia-de-la-ninez-con-150-festejos-y-6-mil-juguetes-en-colonias\/","title":{"rendered":"DIF Quer\u00e9taro celebra D\u00eda de la Ni\u00f1ez con 150 festejos y 6 mil juguetes en colonias"},"content":{"rendered":"\n<p class=\"font-claude-response-body break-words whitespace-normal leading-[1.7]\">El Sistema Municipal DIF de Quer\u00e9taro celebr\u00f3 el D\u00eda de la Ni\u00f1a y el Ni\u00f1o con festejos tem\u00e1ticos en sus Centros de D\u00eda y una campa\u00f1a de distribuci\u00f3n de&nbsp;<strong>6,829 juguetes y mil 768 aguinaldos<\/strong>&nbsp;en&nbsp;<strong>16 comunidades y 23 colonias<\/strong>&nbsp;del municipio, del 23 de abril al 9 de mayo.<\/p>\n\n\n\n<p class=\"font-claude-response-body break-words whitespace-normal leading-[1.7]\">Los festejos reunieron a m\u00e1s de&nbsp;<strong>150 ni\u00f1as y ni\u00f1os<\/strong>&nbsp;en dos sedes:<\/p>\n\n\n\n<p class=\"font-claude-response-body break-words whitespace-normal leading-[1.7]\">El&nbsp;<strong>29 de abril<\/strong>, el Centro de D\u00eda Meni en Vistas de San Jos\u00e9 recibi\u00f3 a 86 infantes con tem\u00e1tica de Toy Story, juegos tradicionales, din\u00e1micas interactivas e inflables.<\/p>\n\n\n\n<p class=\"font-claude-response-body break-words whitespace-normal leading-[1.7]\">El&nbsp;<strong>30 de abril<\/strong>, el Centro de D\u00eda Nj\u00f6ya y Jadi en San Jos\u00e9 el Alto celebr\u00f3 con 74 ni\u00f1os bajo tem\u00e1tica de vaqueros, con juegos, din\u00e1micas y actividades mec\u00e1nicas que fomentaron el trabajo en equipo.<\/p>\n\n\n\n<p class=\"font-claude-response-body break-words whitespace-normal leading-[1.7]\">La entrega de juguetes y aguinaldos busca llevar momentos de alegr\u00eda a las zonas m\u00e1s diversas del municipio como parte del compromiso del DIF con el desarrollo integral de la ni\u00f1ez queretana.<\/p>\n","protected":false},"excerpt":{"rendered":"<p>El Sistema Municipal DIF de Quer\u00e9taro celebr\u00f3 el D\u00eda de la Ni\u00f1a y el Ni\u00f1o&#8230;<\/p>\n","protected":false},"author":1,"featured_media":2270,"comment_status":"closed","ping_status":"open","sticky":false,"template":"","format":"standard","meta":{"om_disable_all_campaigns":false,"_monsterinsights_skip_tracking":false,"_monsterinsights_sitenote_active":false,"_monsterinsights_sitenote_note":"","_monsterinsights_sitenote_category":0,"footnotes":""},"categories":[1],"tags":[196,357,356,355,250,358,354,352,353],"class_list":["post-2271","post","type-post","status-publish","format-standard","has-post-thumbnail","hentry","category-blog","tag-bienestar-infantil-queretaro","tag-centros-de-dia-dif","tag-dia-de-la-ninez-queretaro","tag-dif-municipal-queretaro","tag-felifer-macias-dif","tag-festejos-infantiles-queretaro-2026","tag-juguetes-ninos-queretaro","tag-san-jose-el-alto-queretaro","tag-vistas-de-san-jose-queretaro"],"aioseo_notices":[],"_links":{"self":[{"href":"https:\/\/elprogresivo.mx\/index.php\/wp-json\/wp\/v2\/posts\/2271","targetHints":{"allow":["GET"]}}],"collection":[{"href":"https:\/\/elprogresivo.mx\/index.php\/wp-json\/wp\/v2\/posts"}],"about":[{"href":"https:\/\/elprogresivo.mx\/index.php\/wp-json\/wp\/v2\/types\/post"}],"author":[{"embeddable":true,"href":"https:\/\/elprogresivo.mx\/index.php\/wp-json\/wp\/v2\/users\/1"}],"replies":[{"embeddable":true,"href":"https:\/\/elprogresivo.mx\/index.php\/wp-json\/wp\/v2\/comments?post=2271"}],"version-history":[{"count":1,"href":"https:\/\/elprogresivo.mx\/index.php\/wp-json\/wp\/v2\/posts\/2271\/revisions"}],"predecessor-version":[{"id":2272,"href":"https:\/\/elprogresivo.mx\/index.php\/wp-json\/wp\/v2\/posts\/2271\/revisions\/2272"}],"wp:featuredmedia":[{"embeddable":true,"href":"https:\/\/elprogresivo.mx\/index.php\/wp-json\/wp\/v2\/media\/2270"}],"wp:attachment":[{"href":"https:\/\/elprogresivo.mx\/index.php\/wp-json\/wp\/v2\/media?parent=2271"}],"wp:term":[{"taxonomy":"category","embeddable":true,"href":"https:\/\/elprogresivo.mx\/index.php\/wp-json\/wp\/v2\/categories?post=2271"},{"taxonomy":"post_tag","embeddable":true,"href":"https:\/\/elprogresivo.mx\/index.php\/wp-json\/wp\/v2\/tags?post=2271"}],"curies":[{"name":"wp","href":"https:\/\/api.w.org\/{rel}","templated":true}]}}