{"id":2264,"date":"2026-04-30T03:35:12","date_gmt":"2026-04-30T03:35:12","guid":{"rendered":"https:\/\/elprogresivo.mx\/?p=2264"},"modified":"2026-04-30T03:35:12","modified_gmt":"2026-04-30T03:35:12","slug":"205-medicos-especialistas-se-suman-al-imss-queretaro-para-atender-a-700-mil-familias","status":"publish","type":"post","link":"https:\/\/elprogresivo.mx\/index.php\/2026\/04\/30\/205-medicos-especialistas-se-suman-al-imss-queretaro-para-atender-a-700-mil-familias\/","title":{"rendered":"205 m\u00e9dicos especialistas se suman al IMSS Quer\u00e9taro para atender a 700 mil familias"},"content":{"rendered":"\n<p class=\"font-claude-response-body break-words whitespace-normal leading-[1.7]\">El gobernador Mauricio Kuri Gonz\u00e1lez encabez\u00f3 la ceremonia de bienvenida a&nbsp;<strong>205 m\u00e9dicos especialistas<\/strong>&nbsp;que se integran al IMSS en Quer\u00e9taro para fortalecer la atenci\u00f3n en primer y segundo nivel, tanto en especialidades m\u00e9dicas como quir\u00fargicas, en las 22 Unidades de Medicina Familiar y tres hospitales que atienden al&nbsp;<strong>61% de los 2.7 millones de habitantes<\/strong>&nbsp;del estado.<\/p>\n\n\n\n<p class=\"font-claude-response-body break-words whitespace-normal leading-[1.7]\">El director general del IMSS, Zo\u00e9 Robledo Aburto, inform\u00f3 que en Quer\u00e9taro est\u00e1n en marcha proyectos de vanguardia, entre ellos el desarrollo de la&nbsp;<strong>primera m\u00e1quina de hemodi\u00e1lisis de fabricaci\u00f3n nacional<\/strong>&nbsp;en colaboraci\u00f3n con el CIATEQ, y una m\u00e1quina de di\u00e1lisis peritoneal ambulatoria.<\/p>\n\n\n\n<p class=\"font-claude-response-body break-words whitespace-normal leading-[1.7]\"><strong>Un logro que va m\u00e1s all\u00e1 del nombramiento<\/strong><\/p>\n\n\n\n<p class=\"font-claude-response-body break-words whitespace-normal leading-[1.7]\">La secretaria de Salud, Mar\u00eda Martina P\u00e9rez Rend\u00f3n, destac\u00f3 que m\u00e1s de&nbsp;<strong>700 mil trabajadores queretanos y sus familias<\/strong>&nbsp;cuentan hoy con seguridad social, resultado del empleo formal que se genera diariamente en el estado. Dirigi\u00e9ndose a los nuevos especialistas, los invit\u00f3 a hacer de su profesi\u00f3n un acto de humanidad cotidiano.<\/p>\n\n\n\n<p class=\"font-claude-response-body break-words whitespace-normal leading-[1.7]\">La titular del IMSS Quer\u00e9taro, Martha Elo\u00edsa S\u00e1nchez V\u00e1zquez, resalt\u00f3 que detr\u00e1s de cada m\u00e9dico hay a\u00f1os de estudio y sacrificio, y los convoc\u00f3 a conducirse con respeto, sensibilidad y pasi\u00f3n hacia los derechohabientes.<\/p>\n\n\n\n<p class=\"font-claude-response-body break-words whitespace-normal leading-[1.7]\">Como parte de la visita, el gobernador recorri\u00f3 el Hospital General Regional No. 2 &#8220;El Marqu\u00e9s&#8221; y acompa\u00f1\u00f3 la inauguraci\u00f3n del mural&nbsp;<strong>&#8220;Pulso&#8221;<\/strong>, que exalta la labor del personal dedicado a cuidar la salud de los mexicanos.<\/p>\n","protected":false},"excerpt":{"rendered":"<p>El gobernador Mauricio Kuri Gonz\u00e1lez encabez\u00f3 la ceremonia de bienvenida a&nbsp;205 m\u00e9dicos especialistas&nbsp;que se integran&#8230;<\/p>\n","protected":false},"author":1,"featured_media":2263,"comment_status":"closed","ping_status":"open","sticky":false,"template":"","format":"standard","meta":{"om_disable_all_campaigns":false,"_monsterinsights_skip_tracking":false,"_monsterinsights_sitenote_active":false,"_monsterinsights_sitenote_note":"","_monsterinsights_sitenote_category":0,"footnotes":""},"categories":[1,71],"tags":[343,340,337,336,339,342,269,338,341],"class_list":["post-2264","post","type-post","status-publish","format-standard","has-post-thumbnail","hentry","category-blog","category-principal","tag-especialistas-imss-queretaro-2026","tag-hemodialisis-fabricacion-nacional-ciateq","tag-hospital-el-marques-queretaro","tag-imss-queretaro-medicos","tag-mauricio-kuri-gonzalez-salud","tag-medicos-especialistas-mexico","tag-salud-publica-queretaro","tag-seguridad-social-queretaro","tag-zoe-robledo-imss"],"aioseo_notices":[],"_links":{"self":[{"href":"https:\/\/elprogresivo.mx\/index.php\/wp-json\/wp\/v2\/posts\/2264","targetHints":{"allow":["GET"]}}],"collection":[{"href":"https:\/\/elprogresivo.mx\/index.php\/wp-json\/wp\/v2\/posts"}],"about":[{"href":"https:\/\/elprogresivo.mx\/index.php\/wp-json\/wp\/v2\/types\/post"}],"author":[{"embeddable":true,"href":"https:\/\/elprogresivo.mx\/index.php\/wp-json\/wp\/v2\/users\/1"}],"replies":[{"embeddable":true,"href":"https:\/\/elprogresivo.mx\/index.php\/wp-json\/wp\/v2\/comments?post=2264"}],"version-history":[{"count":1,"href":"https:\/\/elprogresivo.mx\/index.php\/wp-json\/wp\/v2\/posts\/2264\/revisions"}],"predecessor-version":[{"id":2265,"href":"https:\/\/elprogresivo.mx\/index.php\/wp-json\/wp\/v2\/posts\/2264\/revisions\/2265"}],"wp:featuredmedia":[{"embeddable":true,"href":"https:\/\/elprogresivo.mx\/index.php\/wp-json\/wp\/v2\/media\/2263"}],"wp:attachment":[{"href":"https:\/\/elprogresivo.mx\/index.php\/wp-json\/wp\/v2\/media?parent=2264"}],"wp:term":[{"taxonomy":"category","embeddable":true,"href":"https:\/\/elprogresivo.mx\/index.php\/wp-json\/wp\/v2\/categories?post=2264"},{"taxonomy":"post_tag","embeddable":true,"href":"https:\/\/elprogresivo.mx\/index.php\/wp-json\/wp\/v2\/tags?post=2264"}],"curies":[{"name":"wp","href":"https:\/\/api.w.org\/{rel}","templated":true}]}}