{"id":2255,"date":"2026-04-29T18:24:17","date_gmt":"2026-04-29T18:24:17","guid":{"rendered":"https:\/\/elprogresivo.mx\/?p=2255"},"modified":"2026-04-29T18:24:18","modified_gmt":"2026-04-29T18:24:18","slug":"dif-corregidora-entrega-terapias-transporte-y-apoyos-economicos-a-627-personas-con-discapacidad","status":"publish","type":"post","link":"https:\/\/elprogresivo.mx\/index.php\/2026\/04\/29\/dif-corregidora-entrega-terapias-transporte-y-apoyos-economicos-a-627-personas-con-discapacidad\/","title":{"rendered":"DIF Corregidora entrega terapias, transporte y apoyos econ\u00f3micos a 627 personas con discapacidad"},"content":{"rendered":"\n<p>El Sistema Municipal DIF de Corregidora dio a conocer el alcance de sus programas de atenci\u00f3n a personas con discapacidad motora, intelectual o sensorial, con cifras que reflejan un modelo de atenci\u00f3n integral centrado en la autonom\u00eda y la inclusi\u00f3n.<\/p>\n\n\n\n<p>A trav\u00e9s de la&nbsp;<strong>Unidad B\u00e1sica de Rehabilitaci\u00f3n (UBR)<\/strong>&nbsp;se han impartido m\u00e1s de&nbsp;<strong>2,700 terapias f\u00edsicas<\/strong>&nbsp;y&nbsp;<strong>941 terapias de lenguaje<\/strong>&nbsp;en la administraci\u00f3n actual, adem\u00e1s de cerca de&nbsp;<strong>300 traslados<\/strong>&nbsp;con transporte especializado para personas con problemas de movilidad que asisten a sus sesiones.<\/p>\n\n\n\n<p>Por su parte, la Coordinaci\u00f3n de Accesibilidad e Inclusi\u00f3n atiende a&nbsp;<strong>627 personas<\/strong>&nbsp;con un apoyo econ\u00f3mico semestral, y ha entregado&nbsp;<strong>420 tarjetones<\/strong>&nbsp;de estacionamiento exclusivo para facilitar la movilidad cotidiana.<\/p>\n\n\n\n<p>La presidenta del Patronato del DIF, Gaby Tr\u00e1pala, subray\u00f3 el enfoque humanista de los programas: &#8220;Trabajamos colocando a las personas en el centro de toda pol\u00edtica p\u00fablica, con la finalidad de impactar de manera positiva sus vidas y las de sus familias&#8221;.<\/p>\n\n\n\n<p>El DIF Corregidora verifica de forma continua la documentaci\u00f3n de los beneficiarios para garantizar que los apoyos lleguen exclusivamente a residentes del municipio con documentos vigentes.<\/p>\n","protected":false},"excerpt":{"rendered":"<p>El Sistema Municipal DIF de Corregidora dio a conocer el alcance de sus programas de&#8230;<\/p>\n","protected":false},"author":1,"featured_media":2256,"comment_status":"open","ping_status":"open","sticky":false,"template":"","format":"standard","meta":{"om_disable_all_campaigns":false,"_monsterinsights_skip_tracking":false,"_monsterinsights_sitenote_active":false,"_monsterinsights_sitenote_note":"","_monsterinsights_sitenote_category":0,"footnotes":""},"categories":[1],"tags":[326,329,324,95,327,330,325,328,323],"class_list":["post-2255","post","type-post","status-publish","format-standard","has-post-thumbnail","hentry","category-blog","tag-apoyo-economico-discapacidad","tag-chepe-guerrero-dif","tag-dif-corregidora-discapacidad","tag-gaby-trapala","tag-inclusion-discapacidad-queretaro","tag-tarjeton-estacionamiento-discapacidad","tag-terapias-fisicas-corregidora","tag-transporte-especializado-corregidora","tag-unidad-basica-rehabilitacion-queretaro"],"aioseo_notices":[],"_links":{"self":[{"href":"https:\/\/elprogresivo.mx\/index.php\/wp-json\/wp\/v2\/posts\/2255","targetHints":{"allow":["GET"]}}],"collection":[{"href":"https:\/\/elprogresivo.mx\/index.php\/wp-json\/wp\/v2\/posts"}],"about":[{"href":"https:\/\/elprogresivo.mx\/index.php\/wp-json\/wp\/v2\/types\/post"}],"author":[{"embeddable":true,"href":"https:\/\/elprogresivo.mx\/index.php\/wp-json\/wp\/v2\/users\/1"}],"replies":[{"embeddable":true,"href":"https:\/\/elprogresivo.mx\/index.php\/wp-json\/wp\/v2\/comments?post=2255"}],"version-history":[{"count":1,"href":"https:\/\/elprogresivo.mx\/index.php\/wp-json\/wp\/v2\/posts\/2255\/revisions"}],"predecessor-version":[{"id":2257,"href":"https:\/\/elprogresivo.mx\/index.php\/wp-json\/wp\/v2\/posts\/2255\/revisions\/2257"}],"wp:featuredmedia":[{"embeddable":true,"href":"https:\/\/elprogresivo.mx\/index.php\/wp-json\/wp\/v2\/media\/2256"}],"wp:attachment":[{"href":"https:\/\/elprogresivo.mx\/index.php\/wp-json\/wp\/v2\/media?parent=2255"}],"wp:term":[{"taxonomy":"category","embeddable":true,"href":"https:\/\/elprogresivo.mx\/index.php\/wp-json\/wp\/v2\/categories?post=2255"},{"taxonomy":"post_tag","embeddable":true,"href":"https:\/\/elprogresivo.mx\/index.php\/wp-json\/wp\/v2\/tags?post=2255"}],"curies":[{"name":"wp","href":"https:\/\/api.w.org\/{rel}","templated":true}]}}