{"id":2252,"date":"2026-04-29T18:21:32","date_gmt":"2026-04-29T18:21:32","guid":{"rendered":"https:\/\/elprogresivo.mx\/?p=2252"},"modified":"2026-04-29T18:21:33","modified_gmt":"2026-04-29T18:21:33","slug":"academias-gratuitas-piramides-llevan-4-atletas-de-corregidora-a-la-olimpiada-nacional","status":"publish","type":"post","link":"https:\/\/elprogresivo.mx\/index.php\/2026\/04\/29\/academias-gratuitas-piramides-llevan-4-atletas-de-corregidora-a-la-olimpiada-nacional\/","title":{"rendered":"Academias gratuitas &#8220;Pir\u00e1mides&#8221; llevan 4 atletas de Corregidora a la Olimpiada Nacional"},"content":{"rendered":"\n<p>El presidente municipal de Corregidora, Chepe Guerrero, visit\u00f3 las academias de b\u00e9isbol y f\u00fatbol del programa&nbsp;<strong>&#8220;Pir\u00e1mides&#8221;<\/strong>&nbsp;en la Unidad Deportiva de La Negreta, una estrategia 100% gratuita de desarrollo deportivo e integral para ni\u00f1as, ni\u00f1os y j\u00f3venes del municipio.<\/p>\n\n\n\n<p>La Academia de B\u00e9isbol &#8220;Guerreros&#8221; cuenta con&nbsp;<strong>63 inscritos<\/strong>&nbsp;y acaba de ampliar su cobertura con un nuevo n\u00facleo en&nbsp;<strong>Presa de Bravo<\/strong>. Su nivel competitivo ya rinde frutos:&nbsp;<strong>4 j\u00f3venes atletas<\/strong>&nbsp;representar\u00e1n a Corregidora en la&nbsp;<strong>Olimpiada Nacional CONADE 2026<\/strong>&nbsp;en Nayarit.<\/p>\n\n\n\n<p>&#8220;Aqu\u00ed tenemos a nuestras ni\u00f1as, ni\u00f1os y adolescentes practicando, entrenando y realizando actividad deportiva, lo cual me llena de gusto porque est\u00e1n haciendo algo muy positivo para su salud y para sus familias. Eso es lo que buscamos en Pir\u00e1mides&#8221;, se\u00f1al\u00f3 el alcalde.<\/p>\n\n\n\n<p><strong>Horarios y sedes<\/strong><\/p>\n\n\n\n<ul class=\"wp-block-list\">\n<li><strong>Unidad Deportiva La Negreta:<\/strong>\u00a0martes y jueves de 16:00 a 19:00 horas<\/li>\n\n\n\n<li><strong>Presa de Bravo:<\/strong>\u00a0de 16:30 a 18:30 horas<\/li>\n<\/ul>\n","protected":false},"excerpt":{"rendered":"<p>El presidente municipal de Corregidora, Chepe Guerrero, visit\u00f3 las academias de b\u00e9isbol y f\u00fatbol del&#8230;<\/p>\n","protected":false},"author":1,"featured_media":2253,"comment_status":"open","ping_status":"open","sticky":false,"template":"","format":"standard","meta":{"om_disable_all_campaigns":false,"_monsterinsights_skip_tracking":false,"_monsterinsights_sitenote_active":false,"_monsterinsights_sitenote_note":"","_monsterinsights_sitenote_category":0,"footnotes":""},"categories":[1,70],"tags":[316,321,201,315,322,320,318,317,319],"class_list":["post-2252","post","type-post","status-publish","format-standard","has-post-thumbnail","hentry","category-blog","category-destacado","tag-academia-beisbol-guerreros","tag-beisbol-infantil-queretaro","tag-chepe-guerrero","tag-deporte-gratuito-queretaro","tag-deporte-municipal-queretaro","tag-olimpiada-nacional-conade-2026","tag-piramides-corregidora","tag-presa-de-bravo-corregidora","tag-unidad-deportiva-la-negreta"],"aioseo_notices":[],"_links":{"self":[{"href":"https:\/\/elprogresivo.mx\/index.php\/wp-json\/wp\/v2\/posts\/2252","targetHints":{"allow":["GET"]}}],"collection":[{"href":"https:\/\/elprogresivo.mx\/index.php\/wp-json\/wp\/v2\/posts"}],"about":[{"href":"https:\/\/elprogresivo.mx\/index.php\/wp-json\/wp\/v2\/types\/post"}],"author":[{"embeddable":true,"href":"https:\/\/elprogresivo.mx\/index.php\/wp-json\/wp\/v2\/users\/1"}],"replies":[{"embeddable":true,"href":"https:\/\/elprogresivo.mx\/index.php\/wp-json\/wp\/v2\/comments?post=2252"}],"version-history":[{"count":1,"href":"https:\/\/elprogresivo.mx\/index.php\/wp-json\/wp\/v2\/posts\/2252\/revisions"}],"predecessor-version":[{"id":2254,"href":"https:\/\/elprogresivo.mx\/index.php\/wp-json\/wp\/v2\/posts\/2252\/revisions\/2254"}],"wp:featuredmedia":[{"embeddable":true,"href":"https:\/\/elprogresivo.mx\/index.php\/wp-json\/wp\/v2\/media\/2253"}],"wp:attachment":[{"href":"https:\/\/elprogresivo.mx\/index.php\/wp-json\/wp\/v2\/media?parent=2252"}],"wp:term":[{"taxonomy":"category","embeddable":true,"href":"https:\/\/elprogresivo.mx\/index.php\/wp-json\/wp\/v2\/categories?post=2252"},{"taxonomy":"post_tag","embeddable":true,"href":"https:\/\/elprogresivo.mx\/index.php\/wp-json\/wp\/v2\/tags?post=2252"}],"curies":[{"name":"wp","href":"https:\/\/api.w.org\/{rel}","templated":true}]}}