{"id":2249,"date":"2026-04-29T18:18:46","date_gmt":"2026-04-29T18:18:46","guid":{"rendered":"https:\/\/elprogresivo.mx\/?p=2249"},"modified":"2026-04-29T18:18:47","modified_gmt":"2026-04-29T18:18:47","slug":"corregidora-y-laredo-texas-intercambian-modelos-de-seguridad-preventiva","status":"publish","type":"post","link":"https:\/\/elprogresivo.mx\/index.php\/2026\/04\/29\/corregidora-y-laredo-texas-intercambian-modelos-de-seguridad-preventiva\/","title":{"rendered":"Corregidora y Laredo, Texas, intercambian modelos de seguridad preventiva"},"content":{"rendered":"\n<p>En representaci\u00f3n del alcalde Chepe Guerrero, el secretario de Seguridad, \u00c1ngel Rangel, y la secretaria de Gobierno, Cristina Fern\u00e1ndez de Cevallos, recibieron una comitiva de Laredo, Texas, encabezada por el regente Joseph W. Neeb, en un encuentro enmarcado en el convenio de hermanamiento entre ambas ciudades para fortalecer estrategias de seguridad con enfoque preventivo y de proximidad social.<\/p>\n\n\n\n<p>La delegaci\u00f3n estadounidense conoci\u00f3 de primera mano los programas de Corregidora:&nbsp;<strong>Vecino Vigilante, Auxiliares de Justicia C\u00edvica y Promotores Escolares<\/strong>, as\u00ed como las estrategias de patrullaje preventivo y el sistema de monitoreo permanente desde el C4. Ambas delegaciones coincidieron en que prevenci\u00f3n, participaci\u00f3n ciudadana y corresponsabilidad social son los ejes para construir comunidades m\u00e1s seguras.<\/p>\n\n\n\n<p>Como s\u00edmbolo del intercambio, el subjefe de Polic\u00eda de Laredo, Ricardo Gonz\u00e1lez, entreg\u00f3 una moneda representativa del Departamento de Polic\u00eda a \u00c1ngel Rangel.<\/p>\n\n\n\n<p>El encuentro reafirma la colaboraci\u00f3n binacional en materia de seguridad, protecci\u00f3n civil y desarrollo institucional entre ambos municipios.<\/p>\n","protected":false},"excerpt":{"rendered":"<p>En representaci\u00f3n del alcalde Chepe Guerrero, el secretario de Seguridad, \u00c1ngel Rangel, y la secretaria&#8230;<\/p>\n","protected":false},"author":1,"featured_media":2250,"comment_status":"open","ping_status":"open","sticky":false,"template":"","format":"standard","meta":{"om_disable_all_campaigns":false,"_monsterinsights_skip_tracking":false,"_monsterinsights_sitenote_active":false,"_monsterinsights_sitenote_note":"","_monsterinsights_sitenote_category":0,"footnotes":""},"categories":[1],"tags":[311,201,310,313,312,307,309,314,308],"class_list":["post-2249","post","type-post","status-publish","format-standard","has-post-thumbnail","hentry","category-blog","tag-c4-corregidora","tag-chepe-guerrero","tag-corregidora-seguridad","tag-hermanamiento-ciudades-queretaro","tag-intercambio-internacional-seguridad","tag-laredo-texas-corregidora","tag-prevencion-delito-queretaro","tag-seguridad-preventiva-mexico","tag-vecino-vigilante-corregidora"],"aioseo_notices":[],"_links":{"self":[{"href":"https:\/\/elprogresivo.mx\/index.php\/wp-json\/wp\/v2\/posts\/2249","targetHints":{"allow":["GET"]}}],"collection":[{"href":"https:\/\/elprogresivo.mx\/index.php\/wp-json\/wp\/v2\/posts"}],"about":[{"href":"https:\/\/elprogresivo.mx\/index.php\/wp-json\/wp\/v2\/types\/post"}],"author":[{"embeddable":true,"href":"https:\/\/elprogresivo.mx\/index.php\/wp-json\/wp\/v2\/users\/1"}],"replies":[{"embeddable":true,"href":"https:\/\/elprogresivo.mx\/index.php\/wp-json\/wp\/v2\/comments?post=2249"}],"version-history":[{"count":1,"href":"https:\/\/elprogresivo.mx\/index.php\/wp-json\/wp\/v2\/posts\/2249\/revisions"}],"predecessor-version":[{"id":2251,"href":"https:\/\/elprogresivo.mx\/index.php\/wp-json\/wp\/v2\/posts\/2249\/revisions\/2251"}],"wp:featuredmedia":[{"embeddable":true,"href":"https:\/\/elprogresivo.mx\/index.php\/wp-json\/wp\/v2\/media\/2250"}],"wp:attachment":[{"href":"https:\/\/elprogresivo.mx\/index.php\/wp-json\/wp\/v2\/media?parent=2249"}],"wp:term":[{"taxonomy":"category","embeddable":true,"href":"https:\/\/elprogresivo.mx\/index.php\/wp-json\/wp\/v2\/categories?post=2249"},{"taxonomy":"post_tag","embeddable":true,"href":"https:\/\/elprogresivo.mx\/index.php\/wp-json\/wp\/v2\/tags?post=2249"}],"curies":[{"name":"wp","href":"https:\/\/api.w.org\/{rel}","templated":true}]}}