{"id":2246,"date":"2026-04-29T18:15:27","date_gmt":"2026-04-29T18:15:27","guid":{"rendered":"https:\/\/elprogresivo.mx\/?p=2246"},"modified":"2026-04-29T18:15:28","modified_gmt":"2026-04-29T18:15:28","slug":"kuri-gonzalez-y-lideres-industriales-trazan-ruta-de-desarrollo-para-queretaro","status":"publish","type":"post","link":"https:\/\/elprogresivo.mx\/index.php\/2026\/04\/29\/kuri-gonzalez-y-lideres-industriales-trazan-ruta-de-desarrollo-para-queretaro\/","title":{"rendered":"Kuri Gonz\u00e1lez y l\u00edderes industriales trazan ruta de desarrollo para Quer\u00e9taro"},"content":{"rendered":"\n<p>El gobernador Mauricio Kuri Gonz\u00e1lez sostuvo un encuentro con el Consejo Directivo del Club de Industriales del Estado de Quer\u00e9taro para dialogar sobre el desarrollo econ\u00f3mico de la entidad, las fortalezas competitivas del estado y los retos que enfrenta ante el contexto nacional e internacional.<\/p>\n\n\n\n<p>Kuri Gonz\u00e1lez reconoci\u00f3 que la apuesta del sector empresarial es en gran medida el factor que hace a Quer\u00e9taro distinto y distinguible frente al resto del pa\u00eds.<\/p>\n\n\n\n<p>El presidente del Consejo Directivo, Alejandro Maccise Aguirre, reafirm\u00f3 el compromiso del sector industrial de seguir impulsando el crecimiento del estado como aliado estrat\u00e9gico para consolidar a Quer\u00e9taro como referente nacional.<\/p>\n","protected":false},"excerpt":{"rendered":"<p>El gobernador Mauricio Kuri Gonz\u00e1lez sostuvo un encuentro con el Consejo Directivo del Club de&#8230;<\/p>\n","protected":false},"author":1,"featured_media":2247,"comment_status":"open","ping_status":"open","sticky":false,"template":"","format":"standard","meta":{"om_disable_all_campaigns":false,"_monsterinsights_skip_tracking":false,"_monsterinsights_sitenote_active":false,"_monsterinsights_sitenote_note":"","_monsterinsights_sitenote_category":0,"footnotes":""},"categories":[1,71],"tags":[305,306,303,304,301,292,89,302],"class_list":["post-2246","post","type-post","status-publish","format-standard","has-post-thumbnail","hentry","category-blog","category-principal","tag-alejandro-maccise","tag-club-de-industriales-queretaro","tag-competitividad-queretaro","tag-desarrollo-economico-queretaro","tag-dialogo-gobierno-empresarios-queretaro","tag-inversion-queretaro-2026","tag-mauricio-kuri-gonzalez","tag-sector-industrial-queretaro"],"aioseo_notices":[],"_links":{"self":[{"href":"https:\/\/elprogresivo.mx\/index.php\/wp-json\/wp\/v2\/posts\/2246","targetHints":{"allow":["GET"]}}],"collection":[{"href":"https:\/\/elprogresivo.mx\/index.php\/wp-json\/wp\/v2\/posts"}],"about":[{"href":"https:\/\/elprogresivo.mx\/index.php\/wp-json\/wp\/v2\/types\/post"}],"author":[{"embeddable":true,"href":"https:\/\/elprogresivo.mx\/index.php\/wp-json\/wp\/v2\/users\/1"}],"replies":[{"embeddable":true,"href":"https:\/\/elprogresivo.mx\/index.php\/wp-json\/wp\/v2\/comments?post=2246"}],"version-history":[{"count":1,"href":"https:\/\/elprogresivo.mx\/index.php\/wp-json\/wp\/v2\/posts\/2246\/revisions"}],"predecessor-version":[{"id":2248,"href":"https:\/\/elprogresivo.mx\/index.php\/wp-json\/wp\/v2\/posts\/2246\/revisions\/2248"}],"wp:featuredmedia":[{"embeddable":true,"href":"https:\/\/elprogresivo.mx\/index.php\/wp-json\/wp\/v2\/media\/2247"}],"wp:attachment":[{"href":"https:\/\/elprogresivo.mx\/index.php\/wp-json\/wp\/v2\/media?parent=2246"}],"wp:term":[{"taxonomy":"category","embeddable":true,"href":"https:\/\/elprogresivo.mx\/index.php\/wp-json\/wp\/v2\/categories?post=2246"},{"taxonomy":"post_tag","embeddable":true,"href":"https:\/\/elprogresivo.mx\/index.php\/wp-json\/wp\/v2\/tags?post=2246"}],"curies":[{"name":"wp","href":"https:\/\/api.w.org\/{rel}","templated":true}]}}