{"id":2241,"date":"2026-04-29T00:42:40","date_gmt":"2026-04-29T00:42:40","guid":{"rendered":"https:\/\/elprogresivo.mx\/?p=2241"},"modified":"2026-04-29T00:42:40","modified_gmt":"2026-04-29T00:42:40","slug":"queretaro-atrae-7-mil-mdp-y-1800-empleos-capital-es-segunda-en-registros-imss","status":"publish","type":"post","link":"https:\/\/elprogresivo.mx\/index.php\/2026\/04\/29\/queretaro-atrae-7-mil-mdp-y-1800-empleos-capital-es-segunda-en-registros-imss\/","title":{"rendered":"Quer\u00e9taro atrae $7 mil MDP y 1,800 empleos; capital es segunda en registros IMSS"},"content":{"rendered":"\n<p class=\"font-claude-response-body break-words whitespace-normal leading-[1.7]\">En el ejercicio semanal &#8220;Contigo Informamos&#8221; encabezado por el gobernador Mauricio Kuri Gonz\u00e1lez, el presidente municipal Felifer Mac\u00edas present\u00f3 los resultados de la gira de trabajo en Alemania junto con el secretario de Desarrollo Sustentable, Marco Del Prete, que consolidaron una atracci\u00f3n de inversi\u00f3n superior a&nbsp;<strong>7 mil millones de pesos<\/strong>&nbsp;y la generaci\u00f3n proyectada de&nbsp;<strong>mil 800 empleos<\/strong>&nbsp;para el estado.<\/p>\n\n\n\n<p class=\"font-claude-response-body break-words whitespace-normal leading-[1.7]\">Mac\u00edas destac\u00f3 que la ciudad de Quer\u00e9taro se posiciona como la&nbsp;<strong>segunda capital del pa\u00eds con mayor registro de empleos<\/strong>&nbsp;seg\u00fan el IMSS, genera m\u00e1s del 50% de los empleos formales del estado y en 2025 rompi\u00f3 el r\u00e9cord de inversi\u00f3n privada con m\u00e1s de&nbsp;<strong>9 mil millones de pesos<\/strong>.<\/p>\n\n\n\n<p class=\"font-claude-response-body break-words whitespace-normal leading-[1.7]\"><strong>Las empresas que llegan a la capital<\/strong><\/p>\n\n\n\n<p class=\"font-claude-response-body break-words whitespace-normal leading-[1.7]\">Dos compa\u00f1\u00edas del sector automotriz ampliar\u00e1n operaciones en Quer\u00e9taro:&nbsp;<strong>Brose<\/strong>, en el Parque Industrial Benito Ju\u00e1rez, y&nbsp;<strong>Martinrea<\/strong>, especializada en estructuras y chasis automotrices, en el Parque Industrial Santa Rosa J\u00e1uregui.<\/p>\n\n\n\n<p class=\"font-claude-response-body break-words whitespace-normal leading-[1.7]\"><strong>Por qu\u00e9 eligen Quer\u00e9taro<\/strong><\/p>\n\n\n\n<p class=\"font-claude-response-body break-words whitespace-normal leading-[1.7]\">El alcalde comparti\u00f3 el mensaje directo de los empresarios alemanes: seguridad patrimonial y laboral, certeza jur\u00eddica y primer lugar nacional en estado de derecho son los factores determinantes. &#8220;El hecho de que Quer\u00e9taro sea primer lugar en estado de derecho les da la mayor caracter\u00edstica de por qu\u00e9 confiar en esta entidad&#8221;, afirm\u00f3.<\/p>\n\n\n\n<p class=\"font-claude-response-body break-words whitespace-normal leading-[1.7]\">Del Prete subray\u00f3 que las giras presenciales permiten concretar proyectos de manera integral, incluyendo el desarrollo de nuevas manufacturas y la vinculaci\u00f3n de proveedores locales con mercados internacionales.<\/p>\n","protected":false},"excerpt":{"rendered":"<p>En el ejercicio semanal &#8220;Contigo Informamos&#8221; encabezado por el gobernador Mauricio Kuri Gonz\u00e1lez, el presidente&#8230;<\/p>\n","protected":false},"author":1,"featured_media":2240,"comment_status":"closed","ping_status":"open","sticky":false,"template":"","format":"standard","meta":{"om_disable_all_campaigns":false,"_monsterinsights_skip_tracking":false,"_monsterinsights_sitenote_active":false,"_monsterinsights_sitenote_note":"","_monsterinsights_sitenote_category":0,"footnotes":""},"categories":[1,71],"tags":[291,289,285,290,77,286,292,79,288,287],"class_list":["post-2241","post","type-post","status-publish","format-standard","has-post-thumbnail","hentry","category-blog","category-principal","tag-brose-queretaro","tag-certeza-juridica-queretaro","tag-contigo-informamos","tag-empleo-queretaro-imss","tag-felifer-macias","tag-hannover-messe-resultados","tag-inversion-queretaro-2026","tag-marco-del-prete","tag-martinrea-queretaro","tag-sector-automotriz-queretaro"],"aioseo_notices":[],"_links":{"self":[{"href":"https:\/\/elprogresivo.mx\/index.php\/wp-json\/wp\/v2\/posts\/2241","targetHints":{"allow":["GET"]}}],"collection":[{"href":"https:\/\/elprogresivo.mx\/index.php\/wp-json\/wp\/v2\/posts"}],"about":[{"href":"https:\/\/elprogresivo.mx\/index.php\/wp-json\/wp\/v2\/types\/post"}],"author":[{"embeddable":true,"href":"https:\/\/elprogresivo.mx\/index.php\/wp-json\/wp\/v2\/users\/1"}],"replies":[{"embeddable":true,"href":"https:\/\/elprogresivo.mx\/index.php\/wp-json\/wp\/v2\/comments?post=2241"}],"version-history":[{"count":1,"href":"https:\/\/elprogresivo.mx\/index.php\/wp-json\/wp\/v2\/posts\/2241\/revisions"}],"predecessor-version":[{"id":2242,"href":"https:\/\/elprogresivo.mx\/index.php\/wp-json\/wp\/v2\/posts\/2241\/revisions\/2242"}],"wp:featuredmedia":[{"embeddable":true,"href":"https:\/\/elprogresivo.mx\/index.php\/wp-json\/wp\/v2\/media\/2240"}],"wp:attachment":[{"href":"https:\/\/elprogresivo.mx\/index.php\/wp-json\/wp\/v2\/media?parent=2241"}],"wp:term":[{"taxonomy":"category","embeddable":true,"href":"https:\/\/elprogresivo.mx\/index.php\/wp-json\/wp\/v2\/categories?post=2241"},{"taxonomy":"post_tag","embeddable":true,"href":"https:\/\/elprogresivo.mx\/index.php\/wp-json\/wp\/v2\/tags?post=2241"}],"curies":[{"name":"wp","href":"https:\/\/api.w.org\/{rel}","templated":true}]}}