{"id":2238,"date":"2026-04-29T00:06:52","date_gmt":"2026-04-29T00:06:52","guid":{"rendered":"https:\/\/elprogresivo.mx\/?p=2238"},"modified":"2026-04-29T00:06:52","modified_gmt":"2026-04-29T00:06:52","slug":"sig-invierte-1910-mdp-para-fabricar-3-billones-de-envases-en-queretaro","status":"publish","type":"post","link":"https:\/\/elprogresivo.mx\/index.php\/2026\/04\/29\/sig-invierte-1910-mdp-para-fabricar-3-billones-de-envases-en-queretaro\/","title":{"rendered":"SIG invierte $1,910 MDP para fabricar 3 billones de envases en Quer\u00e9taro"},"content":{"rendered":"\n<p class=\"font-claude-response-body break-words whitespace-normal leading-[1.7]\">El gobernador Mauricio Kuri Gonz\u00e1lez encabez\u00f3 el anuncio de expansi\u00f3n de la planta SIG en el Parque Industrial Aerotech, en Col\u00f3n, donde la empresa suiza l\u00edder en envases de cart\u00f3n as\u00e9ptico pondr\u00e1 en marcha una inversi\u00f3n de&nbsp;<strong>mil 910 millones de pesos<\/strong>&nbsp;dividida en dos fases que llevar\u00e1n su capacidad productiva a&nbsp;<strong>3 billones de envases por a\u00f1o<\/strong>&nbsp;para 2028, generando de inicio 40 nuevos empleos directos.<\/p>\n\n\n\n<p class=\"font-claude-response-body break-words whitespace-normal leading-[1.7]\">La planta, que inici\u00f3 operaciones en abril de 2023 con 500 millones de envases anuales, ya triplic\u00f3 ese volumen alcanzando 1.5 billones de envases por a\u00f1o y se perfila como una de las m\u00e1s flexibles y eficientes del grupo SIG a nivel mundial.<\/p>\n\n\n\n<p class=\"font-claude-response-body break-words whitespace-normal leading-[1.7]\"><strong>El plan de expansi\u00f3n en dos fases<\/strong><\/p>\n\n\n\n<p class=\"font-claude-response-body break-words whitespace-normal leading-[1.7]\">La primera fase, prevista para este a\u00f1o, contempla una l\u00ednea adicional de corte y suaje, dos l\u00edneas de sellado y una de impresi\u00f3n para 2027. La segunda fase, hacia finales de 2028, incluye la instalaci\u00f3n de una l\u00ednea de extrusi\u00f3n que integrar\u00e1 verticalmente todo el proceso de fabricaci\u00f3n, desarrollando proveedores locales y reduciendo importaciones.<\/p>\n\n\n\n<p class=\"font-claude-response-body break-words whitespace-normal leading-[1.7]\"><strong>Nearshoring hecho realidad<\/strong><\/p>\n\n\n\n<p class=\"font-claude-response-body break-words whitespace-normal leading-[1.7]\">Kuri Gonz\u00e1lez destac\u00f3 que Quer\u00e9taro materializ\u00f3 el fen\u00f3meno del nearshoring y subray\u00f3 los indicadores que lo respaldan: el mes pasado el estado ocup\u00f3 el&nbsp;<strong>cuarto lugar nacional<\/strong>&nbsp;en creaci\u00f3n absoluta de empleos con casi siete mil nuevas plazas. El secretario de Desarrollo Sustentable, Marco Del Prete Tercero, a\u00f1adi\u00f3 que cuando una empresa de este nivel decide expandirse en Quer\u00e9taro, confirma que la entidad tiene rumbo, certeza jur\u00eddica, talento e infraestructura.<\/p>\n\n\n\n<p class=\"font-claude-response-body break-words whitespace-normal leading-[1.7]\">El anuncio se suma a los resultados de Hannover Messe 2026, donde Quer\u00e9taro consolid\u00f3 una inversi\u00f3n potencial superior a&nbsp;<strong>7 mil millones de pesos<\/strong>&nbsp;y la generaci\u00f3n proyectada de&nbsp;<strong>mil 800 empleos directos<\/strong>.<\/p>\n","protected":false},"excerpt":{"rendered":"<p>El gobernador Mauricio Kuri Gonz\u00e1lez encabez\u00f3 el anuncio de expansi\u00f3n de la planta SIG en&#8230;<\/p>\n","protected":false},"author":1,"featured_media":2237,"comment_status":"closed","ping_status":"open","sticky":false,"template":"","format":"standard","meta":{"om_disable_all_campaigns":false,"_monsterinsights_skip_tracking":false,"_monsterinsights_sitenote_active":false,"_monsterinsights_sitenote_note":"","_monsterinsights_sitenote_category":0,"footnotes":""},"categories":[1,71],"tags":[148,284,153,281,89,283,282,73,280],"class_list":["post-2238","post","type-post","status-publish","format-standard","has-post-thumbnail","hentry","category-blog","category-principal","tag-empleo-queretaro-2026","tag-envases-carton-aseptico-queretaro","tag-inversion-suiza-queretaro","tag-manufactura-avanzada-queretaro","tag-mauricio-kuri-gonzalez","tag-nearshoring-queretaro","tag-parque-industrial-aerotech-colon","tag-sedesu-queretaro","tag-sig-queretaro-expansion"],"aioseo_notices":[],"_links":{"self":[{"href":"https:\/\/elprogresivo.mx\/index.php\/wp-json\/wp\/v2\/posts\/2238","targetHints":{"allow":["GET"]}}],"collection":[{"href":"https:\/\/elprogresivo.mx\/index.php\/wp-json\/wp\/v2\/posts"}],"about":[{"href":"https:\/\/elprogresivo.mx\/index.php\/wp-json\/wp\/v2\/types\/post"}],"author":[{"embeddable":true,"href":"https:\/\/elprogresivo.mx\/index.php\/wp-json\/wp\/v2\/users\/1"}],"replies":[{"embeddable":true,"href":"https:\/\/elprogresivo.mx\/index.php\/wp-json\/wp\/v2\/comments?post=2238"}],"version-history":[{"count":1,"href":"https:\/\/elprogresivo.mx\/index.php\/wp-json\/wp\/v2\/posts\/2238\/revisions"}],"predecessor-version":[{"id":2239,"href":"https:\/\/elprogresivo.mx\/index.php\/wp-json\/wp\/v2\/posts\/2238\/revisions\/2239"}],"wp:featuredmedia":[{"embeddable":true,"href":"https:\/\/elprogresivo.mx\/index.php\/wp-json\/wp\/v2\/media\/2237"}],"wp:attachment":[{"href":"https:\/\/elprogresivo.mx\/index.php\/wp-json\/wp\/v2\/media?parent=2238"}],"wp:term":[{"taxonomy":"category","embeddable":true,"href":"https:\/\/elprogresivo.mx\/index.php\/wp-json\/wp\/v2\/categories?post=2238"},{"taxonomy":"post_tag","embeddable":true,"href":"https:\/\/elprogresivo.mx\/index.php\/wp-json\/wp\/v2\/tags?post=2238"}],"curies":[{"name":"wp","href":"https:\/\/api.w.org\/{rel}","templated":true}]}}