{"id":2235,"date":"2026-04-28T23:31:29","date_gmt":"2026-04-28T23:31:29","guid":{"rendered":"https:\/\/elprogresivo.mx\/?p=2235"},"modified":"2026-04-28T23:31:29","modified_gmt":"2026-04-28T23:31:29","slug":"vuelo-queretaro-madrid-dobla-frecuencias-y-volaris-abre-11-nuevas-rutas","status":"publish","type":"post","link":"https:\/\/elprogresivo.mx\/index.php\/2026\/04\/28\/vuelo-queretaro-madrid-dobla-frecuencias-y-volaris-abre-11-nuevas-rutas\/","title":{"rendered":"Vuelo Quer\u00e9taro\u2013Madrid dobla frecuencias y Volaris abre 11 nuevas rutas"},"content":{"rendered":"\n<p class=\"font-claude-response-body break-words whitespace-normal leading-[1.7]\">En el marco del Tianguis Tur\u00edstico de M\u00e9xico, la secretaria de Turismo de Quer\u00e9taro, Adriana Vega V\u00e1zquez Mellado, anunci\u00f3 dos noticias que ampl\u00edan significativamente la conectividad a\u00e9rea del estado.<\/p>\n\n\n\n<p class=\"font-claude-response-body break-words whitespace-normal leading-[1.7]\">A partir de&nbsp;<strong>mayo<\/strong>, el vuelo Quer\u00e9taro\u2013Madrid operado por Iberojet pasar\u00e1 de una a&nbsp;<strong>dos frecuencias semanales<\/strong>, con salidas los&nbsp;<strong>mi\u00e9rcoles y s\u00e1bados<\/strong>&nbsp;desde el Aeropuerto Intercontinental de Quer\u00e9taro. La ruta, que inici\u00f3 en diciembre de 2025, ya transport\u00f3 a&nbsp;<strong>8,600 pasajeros<\/strong>&nbsp;entre enero y marzo de 2026 con un promedio de ocupaci\u00f3n del&nbsp;<strong>82.8%<\/strong>, cifra que justifica la ampliaci\u00f3n.<\/p>\n\n\n\n<p class=\"font-claude-response-body break-words whitespace-normal leading-[1.7]\"><strong>11 nuevas rutas de Volaris desde junio<\/strong><\/p>\n\n\n\n<p class=\"font-claude-response-body break-words whitespace-normal leading-[1.7]\">A partir del&nbsp;<strong>1 de junio de 2026<\/strong>, Volaris abrir\u00e1 11 nuevas rutas desde Quer\u00e9taro hacia destinos nacionales e internacionales. Los nuevos vuelos conectar\u00e1n con&nbsp;<strong>Acapulco, Durango, Mazatl\u00e1n, Oaxaca, Guadalajara y Veracruz<\/strong>, as\u00ed como con&nbsp;<strong>Dallas, Denver, San Antonio, Orlando y Houston<\/strong>.<\/p>\n\n\n\n<p class=\"font-claude-response-body break-words whitespace-normal leading-[1.7]\">&#8220;La conectividad a\u00e9rea es un factor clave para el desarrollo tur\u00edstico y econ\u00f3mico. Este crecimiento confirma que el estado avanza en su proceso de internacionalizaci\u00f3n&#8221;, se\u00f1al\u00f3 Vega V\u00e1zquez Mellado.<\/p>\n\n\n\n<p class=\"font-claude-response-body break-words whitespace-normal leading-[1.7]\">Los anuncios consolidan al Aeropuerto Intercontinental de Quer\u00e9taro como un nodo estrat\u00e9gico del Baj\u00edo con alcance global.<\/p>\n","protected":false},"excerpt":{"rendered":"<p>En el marco del Tianguis Tur\u00edstico de M\u00e9xico, la secretaria de Turismo de Quer\u00e9taro, Adriana&#8230;<\/p>\n","protected":false},"author":1,"featured_media":2234,"comment_status":"closed","ping_status":"open","sticky":false,"template":"","format":"standard","meta":{"om_disable_all_campaigns":false,"_monsterinsights_skip_tracking":false,"_monsterinsights_sitenote_active":false,"_monsterinsights_sitenote_note":"","_monsterinsights_sitenote_category":0,"footnotes":""},"categories":[1,70],"tags":[262,272,279,276,273,277,275,274,278],"class_list":["post-2235","post","type-post","status-publish","format-standard","has-post-thumbnail","hentry","category-blog","category-destacado","tag-adriana-vega-vazquez-mellado","tag-aeropuerto-queretaro","tag-conectividad-aerea-queretaro-2026","tag-iberojet-queretaro","tag-rutas-internacionales-queretaro","tag-tianguis-turistico-mexico","tag-turismo-queretaro-europa","tag-volaris-nuevas-rutas-queretaro","tag-vuelo-queretaro-madrid"],"aioseo_notices":[],"_links":{"self":[{"href":"https:\/\/elprogresivo.mx\/index.php\/wp-json\/wp\/v2\/posts\/2235","targetHints":{"allow":["GET"]}}],"collection":[{"href":"https:\/\/elprogresivo.mx\/index.php\/wp-json\/wp\/v2\/posts"}],"about":[{"href":"https:\/\/elprogresivo.mx\/index.php\/wp-json\/wp\/v2\/types\/post"}],"author":[{"embeddable":true,"href":"https:\/\/elprogresivo.mx\/index.php\/wp-json\/wp\/v2\/users\/1"}],"replies":[{"embeddable":true,"href":"https:\/\/elprogresivo.mx\/index.php\/wp-json\/wp\/v2\/comments?post=2235"}],"version-history":[{"count":1,"href":"https:\/\/elprogresivo.mx\/index.php\/wp-json\/wp\/v2\/posts\/2235\/revisions"}],"predecessor-version":[{"id":2236,"href":"https:\/\/elprogresivo.mx\/index.php\/wp-json\/wp\/v2\/posts\/2235\/revisions\/2236"}],"wp:featuredmedia":[{"embeddable":true,"href":"https:\/\/elprogresivo.mx\/index.php\/wp-json\/wp\/v2\/media\/2234"}],"wp:attachment":[{"href":"https:\/\/elprogresivo.mx\/index.php\/wp-json\/wp\/v2\/media?parent=2235"}],"wp:term":[{"taxonomy":"category","embeddable":true,"href":"https:\/\/elprogresivo.mx\/index.php\/wp-json\/wp\/v2\/categories?post=2235"},{"taxonomy":"post_tag","embeddable":true,"href":"https:\/\/elprogresivo.mx\/index.php\/wp-json\/wp\/v2\/tags?post=2235"}],"curies":[{"name":"wp","href":"https:\/\/api.w.org\/{rel}","templated":true}]}}