{"id":2232,"date":"2026-04-28T16:34:44","date_gmt":"2026-04-28T16:34:44","guid":{"rendered":"https:\/\/elprogresivo.mx\/?p=2232"},"modified":"2026-04-28T16:34:44","modified_gmt":"2026-04-28T16:34:44","slug":"queretaro-arranca-semana-de-vacunacion","status":"publish","type":"post","link":"https:\/\/elprogresivo.mx\/index.php\/2026\/04\/28\/queretaro-arranca-semana-de-vacunacion\/","title":{"rendered":"Quer\u00e9taro arranca Semana de Vacunaci\u00f3n"},"content":{"rendered":"\n<p class=\"font-claude-response-body break-words whitespace-normal leading-[1.7]\">La titular de la Secretar\u00eda de Salud de Quer\u00e9taro, Mar\u00eda Martina P\u00e9rez Rend\u00f3n, inaugur\u00f3 la&nbsp;<strong>Semana Nacional de Vacunaci\u00f3n 2026<\/strong>, que se lleva a cabo del&nbsp;<strong>25 de abril al 2 de mayo<\/strong>&nbsp;bajo el lema &#8220;Vacunar es amar&#8221;, en el marco de la Vig\u00e9sima Cuarta Semana de Vacunaci\u00f3n en las Am\u00e9ricas y la Semana Mundial de Inmunizaci\u00f3n.<\/p>\n\n\n\n<p class=\"font-claude-response-body break-words whitespace-normal leading-[1.7]\">La meta estatal es aplicar&nbsp;<strong>35,524 dosis<\/strong>&nbsp;de diversas vacunas a trav\u00e9s de&nbsp;<strong>198 centros de salud<\/strong>&nbsp;distribuidos en los 18 municipios del estado, adem\u00e1s de las 22 unidades del IMSS y la Unidad de Medicina Familiar del ISSSTE.<\/p>\n\n\n\n<p class=\"font-claude-response-body break-words whitespace-normal leading-[1.7]\">Durante la jornada se aplicar\u00e1n vacunas del esquema b\u00e1sico, refuerzos y biol\u00f3gicos espec\u00edficos seg\u00fan la edad y condici\u00f3n de cada persona, incluyendo protecci\u00f3n contra sarampi\u00f3n, rub\u00e9ola, parotiditis, VPH, t\u00e9tanos, influenza, rotavirus y otras enfermedades con riesgo de complicaciones graves.<\/p>\n\n\n\n<p class=\"font-claude-response-body break-words whitespace-normal leading-[1.7]\"><strong>\u00bfQu\u00e9 llevar?<\/strong><\/p>\n\n\n\n<p class=\"font-claude-response-body break-words whitespace-normal leading-[1.7]\">La Secretar\u00eda de Salud pide acudir con la&nbsp;<strong>Cartilla Nacional de Salud<\/strong>&nbsp;para revisar y completar esquemas. Las vacunas son gratuitas, seguras y est\u00e1n disponibles en el centro de salud m\u00e1s cercano.<\/p>\n","protected":false},"excerpt":{"rendered":"<p>La titular de la Secretar\u00eda de Salud de Quer\u00e9taro, Mar\u00eda Martina P\u00e9rez Rend\u00f3n, inaugur\u00f3 la&nbsp;Semana&#8230;<\/p>\n","protected":false},"author":1,"featured_media":2231,"comment_status":"closed","ping_status":"open","sticky":false,"template":"","format":"standard","meta":{"om_disable_all_campaigns":false,"_monsterinsights_skip_tracking":false,"_monsterinsights_sitenote_active":false,"_monsterinsights_sitenote_note":"","_monsterinsights_sitenote_category":0,"footnotes":""},"categories":[1],"tags":[271,268,269,264,267,270,263,266,265],"class_list":["post-2232","post","type-post","status-publish","format-standard","has-post-thumbnail","hentry","category-blog","tag-esquema-vacunacion-mexico","tag-inmunizacion-queretaro","tag-salud-publica-queretaro","tag-semana-nacional-vacunacion-2026","tag-semana-vacunacion-americas","tag-sesa-queretaro","tag-seseq","tag-vacunacion-queretaro","tag-vacunas-gratuitas-queretaro"],"aioseo_notices":[],"_links":{"self":[{"href":"https:\/\/elprogresivo.mx\/index.php\/wp-json\/wp\/v2\/posts\/2232","targetHints":{"allow":["GET"]}}],"collection":[{"href":"https:\/\/elprogresivo.mx\/index.php\/wp-json\/wp\/v2\/posts"}],"about":[{"href":"https:\/\/elprogresivo.mx\/index.php\/wp-json\/wp\/v2\/types\/post"}],"author":[{"embeddable":true,"href":"https:\/\/elprogresivo.mx\/index.php\/wp-json\/wp\/v2\/users\/1"}],"replies":[{"embeddable":true,"href":"https:\/\/elprogresivo.mx\/index.php\/wp-json\/wp\/v2\/comments?post=2232"}],"version-history":[{"count":1,"href":"https:\/\/elprogresivo.mx\/index.php\/wp-json\/wp\/v2\/posts\/2232\/revisions"}],"predecessor-version":[{"id":2233,"href":"https:\/\/elprogresivo.mx\/index.php\/wp-json\/wp\/v2\/posts\/2232\/revisions\/2233"}],"wp:featuredmedia":[{"embeddable":true,"href":"https:\/\/elprogresivo.mx\/index.php\/wp-json\/wp\/v2\/media\/2231"}],"wp:attachment":[{"href":"https:\/\/elprogresivo.mx\/index.php\/wp-json\/wp\/v2\/media?parent=2232"}],"wp:term":[{"taxonomy":"category","embeddable":true,"href":"https:\/\/elprogresivo.mx\/index.php\/wp-json\/wp\/v2\/categories?post=2232"},{"taxonomy":"post_tag","embeddable":true,"href":"https:\/\/elprogresivo.mx\/index.php\/wp-json\/wp\/v2\/tags?post=2232"}],"curies":[{"name":"wp","href":"https:\/\/api.w.org\/{rel}","templated":true}]}}