{"id":2229,"date":"2026-04-28T02:46:29","date_gmt":"2026-04-28T02:46:29","guid":{"rendered":"https:\/\/elprogresivo.mx\/?p=2229"},"modified":"2026-04-28T02:46:29","modified_gmt":"2026-04-28T02:46:29","slug":"queretaro-lleva-su-oferta-turistica-a-la-edicion-50-del-tianguis-en-acapulco","status":"publish","type":"post","link":"https:\/\/elprogresivo.mx\/index.php\/2026\/04\/28\/queretaro-lleva-su-oferta-turistica-a-la-edicion-50-del-tianguis-en-acapulco\/","title":{"rendered":"Quer\u00e9taro lleva su oferta tur\u00edstica a la edici\u00f3n 50 del Tianguis en Acapulco"},"content":{"rendered":"\n<p class=\"font-claude-response-body break-words whitespace-normal leading-[1.7]\">La secretaria de Turismo de Quer\u00e9taro, Adriana Vega V\u00e1zquez Mellado, encabeza la participaci\u00f3n de una comitiva de funcionarios, empresarios y prestadores de servicios tur\u00edsticos del estado en la&nbsp;<strong>edici\u00f3n n\u00famero 50 del Tianguis Tur\u00edstico M\u00e9xico<\/strong>, que se celebra del&nbsp;<strong>27 al 30 de abril<\/strong>&nbsp;en Acapulco, Guerrero.<\/p>\n\n\n\n<p class=\"font-claude-response-body break-words whitespace-normal leading-[1.7]\">En el pabell\u00f3n queretano, el equipo de la Sectur y los empresarios del sector realizan reuniones de negocios con tour operadores y socios comerciales, mientras exhiben la oferta tur\u00edstica del estado: la Ruta del Arte, Queso y Vino, el Camino Inici\u00e1tico de Santiago, la cocina tradicional, el turismo de romance, aventura, salud y bienestar, negocios y convenciones.<\/p>\n\n\n\n<p class=\"font-claude-response-body break-words whitespace-normal leading-[1.7]\">&#8220;La presencia de Quer\u00e9taro en el Tianguis nos permite fortalecer alianzas estrat\u00e9gicas con tour operadores y socios comerciales, para consolidar al estado como uno de los principales destinos estrat\u00e9gicos de M\u00e9xico&#8221;, se\u00f1al\u00f3 Vega V\u00e1zquez Mellado.<\/p>\n\n\n\n<p class=\"font-claude-response-body break-words whitespace-normal leading-[1.7]\">La participaci\u00f3n tambi\u00e9n busca avanzar en temas de conectividad a\u00e9rea, turismo social y alianzas para la promoci\u00f3n internacional del destino.<\/p>\n","protected":false},"excerpt":{"rendered":"<p>La secretaria de Turismo de Quer\u00e9taro, Adriana Vega V\u00e1zquez Mellado, encabeza la participaci\u00f3n de una&#8230;<\/p>\n","protected":false},"author":1,"featured_media":2228,"comment_status":"closed","ping_status":"open","sticky":false,"template":"","format":"standard","meta":{"om_disable_all_campaigns":false,"_monsterinsights_skip_tracking":false,"_monsterinsights_sitenote_active":false,"_monsterinsights_sitenote_note":"","_monsterinsights_sitenote_category":0,"footnotes":""},"categories":[1,70],"tags":[261,262,260,256,258,257,162,168,259],"class_list":["post-2229","post","type-post","status-publish","format-standard","has-post-thumbnail","hentry","category-blog","category-destacado","tag-acapulco-tianguis","tag-adriana-vega-vazquez-mellado","tag-camino-iniciatico-santiago-queretaro","tag-promocion-turistica-internacional","tag-queretaro-turismo","tag-ruta-arte-queso-vino-queretaro","tag-sectur-queretaro","tag-tianguis-turistico-mexico-2026","tag-turismo-romance-queretaro"],"aioseo_notices":[],"_links":{"self":[{"href":"https:\/\/elprogresivo.mx\/index.php\/wp-json\/wp\/v2\/posts\/2229","targetHints":{"allow":["GET"]}}],"collection":[{"href":"https:\/\/elprogresivo.mx\/index.php\/wp-json\/wp\/v2\/posts"}],"about":[{"href":"https:\/\/elprogresivo.mx\/index.php\/wp-json\/wp\/v2\/types\/post"}],"author":[{"embeddable":true,"href":"https:\/\/elprogresivo.mx\/index.php\/wp-json\/wp\/v2\/users\/1"}],"replies":[{"embeddable":true,"href":"https:\/\/elprogresivo.mx\/index.php\/wp-json\/wp\/v2\/comments?post=2229"}],"version-history":[{"count":1,"href":"https:\/\/elprogresivo.mx\/index.php\/wp-json\/wp\/v2\/posts\/2229\/revisions"}],"predecessor-version":[{"id":2230,"href":"https:\/\/elprogresivo.mx\/index.php\/wp-json\/wp\/v2\/posts\/2229\/revisions\/2230"}],"wp:featuredmedia":[{"embeddable":true,"href":"https:\/\/elprogresivo.mx\/index.php\/wp-json\/wp\/v2\/media\/2228"}],"wp:attachment":[{"href":"https:\/\/elprogresivo.mx\/index.php\/wp-json\/wp\/v2\/media?parent=2229"}],"wp:term":[{"taxonomy":"category","embeddable":true,"href":"https:\/\/elprogresivo.mx\/index.php\/wp-json\/wp\/v2\/categories?post=2229"},{"taxonomy":"post_tag","embeddable":true,"href":"https:\/\/elprogresivo.mx\/index.php\/wp-json\/wp\/v2\/tags?post=2229"}],"curies":[{"name":"wp","href":"https:\/\/api.w.org\/{rel}","templated":true}]}}