{"id":2225,"date":"2026-04-27T22:57:06","date_gmt":"2026-04-27T22:57:06","guid":{"rendered":"https:\/\/elprogresivo.mx\/?p=2225"},"modified":"2026-04-27T22:57:06","modified_gmt":"2026-04-27T22:57:06","slug":"queretaro-crea-protocolo-unico-en-mexico-para-hijos-de-madres-en-prision","status":"publish","type":"post","link":"https:\/\/elprogresivo.mx\/index.php\/2026\/04\/27\/queretaro-crea-protocolo-unico-en-mexico-para-hijos-de-madres-en-prision\/","title":{"rendered":"Quer\u00e9taro crea protocolo \u00fanico en M\u00e9xico para hijos de madres en prisi\u00f3n"},"content":{"rendered":"\n<p class=\"font-claude-response-body break-words whitespace-normal leading-[1.7]\">El presidente municipal Felifer Mac\u00edas present\u00f3 el&nbsp;<strong>protocolo de actuaci\u00f3n del acompa\u00f1ante resiliente<\/strong>, un documento pionero a nivel municipal, estatal y nacional para la atenci\u00f3n integral de ni\u00f1as, ni\u00f1os y adolescentes con madres privadas de la libertad, convirtiendo a Quer\u00e9taro en el primer gobierno en M\u00e9xico \u2014y posiblemente en Am\u00e9rica Latina\u2014 en institucionalizar este tipo de acompa\u00f1amiento.<\/p>\n\n\n\n<p class=\"font-claude-response-body break-words whitespace-normal leading-[1.7]\">El comisionado estatal del Sistema Penitenciario, Gustavo L\u00f3pez Acosta, confirm\u00f3 que de acuerdo con estudios disponibles, no existe en Am\u00e9rica Latina otro gobierno que atienda formalmente a los hijos de mujeres reclusas para fortalecer el v\u00ednculo familiar. El protocolo cumple adem\u00e1s con las&nbsp;<strong>Reglas Mandela y las Reglas de Bangkok<\/strong>&nbsp;sobre trato digno en centros penitenciarios y se apega al inter\u00e9s superior de la ni\u00f1ez establecido en la Constituci\u00f3n.<\/p>\n\n\n\n<p class=\"font-claude-response-body break-words whitespace-normal leading-[1.7]\">&#8220;Estoy convencido de que vamos a ayudar a cambiar y transformar vidas, a sacar el m\u00e1ximo potencial de sus hijas e hijos&#8221;, afirm\u00f3 Mac\u00edas durante la presentaci\u00f3n.<\/p>\n\n\n\n<p class=\"font-claude-response-body break-words whitespace-normal leading-[1.7]\"><strong>Lo que establece el protocolo<\/strong><\/p>\n\n\n\n<p class=\"font-claude-response-body break-words whitespace-normal leading-[1.7]\">La procuradora de Protecci\u00f3n de Ni\u00f1as, Ni\u00f1os y Adolescentes del DIF Municipal, Mar\u00eda Asucena Ram\u00edrez D\u00edaz, explic\u00f3 que el documento define c\u00f3mo&nbsp;<strong>acompa\u00f1ar sin revictimizar, separar sin romper y reinsertar sin olvidar<\/strong>, respondiendo a una deuda hist\u00f3rica con las mujeres, las infancias y las familias en proceso de reinserci\u00f3n social.<\/p>\n\n\n\n<p class=\"font-claude-response-body break-words whitespace-normal leading-[1.7]\"><strong>Tercera generaci\u00f3n en marcha<\/strong><\/p>\n\n\n\n<p class=\"font-claude-response-body break-words whitespace-normal leading-[1.7]\">Con la presentaci\u00f3n del protocolo se inaugur\u00f3 la tercera generaci\u00f3n del programa, que arranca con&nbsp;<strong>21 madres y 34 ni\u00f1as y ni\u00f1os<\/strong>. La segunda generaci\u00f3n concluy\u00f3 exitosamente con seis madres y nueve menores que recibieron atenci\u00f3n integral.<\/p>\n","protected":false},"excerpt":{"rendered":"<p>El presidente municipal Felifer Mac\u00edas present\u00f3 el&nbsp;protocolo de actuaci\u00f3n del acompa\u00f1ante resiliente, un documento pionero&#8230;<\/p>\n","protected":false},"author":1,"featured_media":2224,"comment_status":"closed","ping_status":"open","sticky":false,"template":"","format":"standard","meta":{"om_disable_all_campaigns":false,"_monsterinsights_skip_tracking":false,"_monsterinsights_sitenote_active":false,"_monsterinsights_sitenote_note":"","_monsterinsights_sitenote_category":0,"footnotes":""},"categories":[1,71],"tags":[247,250,254,253,248,251,255,249,252],"class_list":["post-2225","post","type-post","status-publish","format-standard","has-post-thumbnail","hentry","category-blog","category-principal","tag-acompanante-resiliente-queretaro","tag-felifer-macias-dif","tag-innovacion-social-queretaro-2026","tag-interes-superior-ninez-queretaro","tag-madres-privadas-libertad-mexico","tag-ninos-madres-presas-queretaro","tag-protocolo-reinsercion-social-queretaro","tag-reglas-bangkok-reglas-mandela","tag-sistema-penitenciario-queretaro"],"aioseo_notices":[],"_links":{"self":[{"href":"https:\/\/elprogresivo.mx\/index.php\/wp-json\/wp\/v2\/posts\/2225","targetHints":{"allow":["GET"]}}],"collection":[{"href":"https:\/\/elprogresivo.mx\/index.php\/wp-json\/wp\/v2\/posts"}],"about":[{"href":"https:\/\/elprogresivo.mx\/index.php\/wp-json\/wp\/v2\/types\/post"}],"author":[{"embeddable":true,"href":"https:\/\/elprogresivo.mx\/index.php\/wp-json\/wp\/v2\/users\/1"}],"replies":[{"embeddable":true,"href":"https:\/\/elprogresivo.mx\/index.php\/wp-json\/wp\/v2\/comments?post=2225"}],"version-history":[{"count":1,"href":"https:\/\/elprogresivo.mx\/index.php\/wp-json\/wp\/v2\/posts\/2225\/revisions"}],"predecessor-version":[{"id":2226,"href":"https:\/\/elprogresivo.mx\/index.php\/wp-json\/wp\/v2\/posts\/2225\/revisions\/2226"}],"wp:featuredmedia":[{"embeddable":true,"href":"https:\/\/elprogresivo.mx\/index.php\/wp-json\/wp\/v2\/media\/2224"}],"wp:attachment":[{"href":"https:\/\/elprogresivo.mx\/index.php\/wp-json\/wp\/v2\/media?parent=2225"}],"wp:term":[{"taxonomy":"category","embeddable":true,"href":"https:\/\/elprogresivo.mx\/index.php\/wp-json\/wp\/v2\/categories?post=2225"},{"taxonomy":"post_tag","embeddable":true,"href":"https:\/\/elprogresivo.mx\/index.php\/wp-json\/wp\/v2\/tags?post=2225"}],"curies":[{"name":"wp","href":"https:\/\/api.w.org\/{rel}","templated":true}]}}