{"id":2215,"date":"2026-04-29T14:00:00","date_gmt":"2026-04-29T14:00:00","guid":{"rendered":"https:\/\/elprogresivo.mx\/?p=2215"},"modified":"2026-04-27T23:00:45","modified_gmt":"2026-04-27T23:00:45","slug":"2215","status":"publish","type":"post","link":"https:\/\/elprogresivo.mx\/index.php\/2026\/04\/29\/2215\/","title":{"rendered":""},"content":{"rendered":"\n<p><em>La agenda cultural de la semana: festivales, conciertos y exposiciones que no deber\u00edas perderte<\/em><\/p>\n\n\n\n<p>La ciudad no descansa. Este fin de semana largo trae uno de los calendarios culturales m\u00e1s densos del a\u00f1o: un festival internacional que abraza a 64 naciones, un rom\u00e1ntico con orquesta y exposiciones que a\u00fan esperan tu visita en el MACQ. Quer\u00e9taro confirma, una vez m\u00e1s, que no hay que salir de casa para vivir el mundo.<\/p>\n\n\n\n<p>Arranca oficialmente la temporada de mayo y Quer\u00e9taro lo celebra con todo. El Parque Bicentenario se convertir\u00e1 desde este jueves en una aldea global ef\u00edmera, mientras el Auditorio Josefa Ortiz de Dom\u00ednguez \u2014el recinto que ya nos trajo a Mon Laferte y Melendi en d\u00edas recientes\u2014 se prepara para una noche de baladas sinf\u00f3nicas que promete agotar localidades.<\/p>\n\n\n\n<p>Para quienes prefieren la contemplaci\u00f3n a la multitud, las salas del Museo de Arte Contempor\u00e1neo siguen abiertas con su temporada de primavera, en sus \u00faltimas semanas antes del relevo de cartelera.<\/p>\n\n\n\n<p class=\"has-text-align-center has-large-font-size\"><strong>Lo que no te puedes perder:<\/strong><\/p>\n\n\n\n<figure class=\"wp-block-image size-large\"><img fetchpriority=\"high\" decoding=\"async\" width=\"1024\" height=\"816\" src=\"http:\/\/elprogresivo.mx\/wp-content\/uploads\/2026\/04\/Captura-de-pantalla-2026-04-27-a-las-4.13.04-p.m-1024x816.png\" alt=\"\" class=\"wp-image-2212\" srcset=\"https:\/\/elprogresivo.mx\/wp-content\/uploads\/2026\/04\/Captura-de-pantalla-2026-04-27-a-las-4.13.04-p.m-1024x816.png 1024w, https:\/\/elprogresivo.mx\/wp-content\/uploads\/2026\/04\/Captura-de-pantalla-2026-04-27-a-las-4.13.04-p.m-300x239.png 300w, https:\/\/elprogresivo.mx\/wp-content\/uploads\/2026\/04\/Captura-de-pantalla-2026-04-27-a-las-4.13.04-p.m-768x612.png 768w, https:\/\/elprogresivo.mx\/wp-content\/uploads\/2026\/04\/Captura-de-pantalla-2026-04-27-a-las-4.13.04-p.m.png 1410w\" sizes=\"(max-width: 1024px) 100vw, 1024px\" \/><\/figure>\n\n\n\n<figure class=\"wp-block-image size-large\"><img decoding=\"async\" width=\"1024\" height=\"809\" src=\"http:\/\/elprogresivo.mx\/wp-content\/uploads\/2026\/04\/Captura-de-pantalla-2026-04-27-a-las-4.13.12-p.m-1024x809.png\" alt=\"\" class=\"wp-image-2213\" srcset=\"https:\/\/elprogresivo.mx\/wp-content\/uploads\/2026\/04\/Captura-de-pantalla-2026-04-27-a-las-4.13.12-p.m-1024x809.png 1024w, https:\/\/elprogresivo.mx\/wp-content\/uploads\/2026\/04\/Captura-de-pantalla-2026-04-27-a-las-4.13.12-p.m-300x237.png 300w, https:\/\/elprogresivo.mx\/wp-content\/uploads\/2026\/04\/Captura-de-pantalla-2026-04-27-a-las-4.13.12-p.m-768x607.png 768w, https:\/\/elprogresivo.mx\/wp-content\/uploads\/2026\/04\/Captura-de-pantalla-2026-04-27-a-las-4.13.12-p.m.png 1402w\" sizes=\"(max-width: 1024px) 100vw, 1024px\" \/><\/figure>\n\n\n\n<p><strong>RECOMENDACI\u00d3N DE LA REDACCI\u00d3N<\/strong><\/p>\n\n\n\n<p>Con m\u00e1s de 70 actividades art\u00edsticas en el Festival de Comunidades Extranjeras y un Mijares que trae nostalgia y orquesta, el arranque de mayo se perfila como uno de los mejores fines de semana culturales del a\u00f1o en Quer\u00e9taro. Si solo puedes elegir uno, el Festival del Parque Bicentenario ofrece el mayor espectro de experiencias por el menor costo de entrada.<\/p>\n\n\n\n<p><\/p>\n","protected":false},"excerpt":{"rendered":"<p>La agenda cultural de la semana: festivales, conciertos y exposiciones que no deber\u00edas perderte La&#8230;<\/p>\n","protected":false},"author":1,"featured_media":2205,"comment_status":"open","ping_status":"open","sticky":false,"template":"","format":"standard","meta":{"om_disable_all_campaigns":false,"_monsterinsights_skip_tracking":false,"_monsterinsights_sitenote_active":false,"_monsterinsights_sitenote_note":"","_monsterinsights_sitenote_category":0,"footnotes":""},"categories":[62],"tags":[8],"class_list":["post-2215","post","type-post","status-publish","format-standard","has-post-thumbnail","hentry","category-opinion","tag-queretaro"],"aioseo_notices":[],"_links":{"self":[{"href":"https:\/\/elprogresivo.mx\/index.php\/wp-json\/wp\/v2\/posts\/2215","targetHints":{"allow":["GET"]}}],"collection":[{"href":"https:\/\/elprogresivo.mx\/index.php\/wp-json\/wp\/v2\/posts"}],"about":[{"href":"https:\/\/elprogresivo.mx\/index.php\/wp-json\/wp\/v2\/types\/post"}],"author":[{"embeddable":true,"href":"https:\/\/elprogresivo.mx\/index.php\/wp-json\/wp\/v2\/users\/1"}],"replies":[{"embeddable":true,"href":"https:\/\/elprogresivo.mx\/index.php\/wp-json\/wp\/v2\/comments?post=2215"}],"version-history":[{"count":1,"href":"https:\/\/elprogresivo.mx\/index.php\/wp-json\/wp\/v2\/posts\/2215\/revisions"}],"predecessor-version":[{"id":2216,"href":"https:\/\/elprogresivo.mx\/index.php\/wp-json\/wp\/v2\/posts\/2215\/revisions\/2216"}],"wp:featuredmedia":[{"embeddable":true,"href":"https:\/\/elprogresivo.mx\/index.php\/wp-json\/wp\/v2\/media\/2205"}],"wp:attachment":[{"href":"https:\/\/elprogresivo.mx\/index.php\/wp-json\/wp\/v2\/media?parent=2215"}],"wp:term":[{"taxonomy":"category","embeddable":true,"href":"https:\/\/elprogresivo.mx\/index.php\/wp-json\/wp\/v2\/categories?post=2215"},{"taxonomy":"post_tag","embeddable":true,"href":"https:\/\/elprogresivo.mx\/index.php\/wp-json\/wp\/v2\/tags?post=2215"}],"curies":[{"name":"wp","href":"https:\/\/api.w.org\/{rel}","templated":true}]}}