{"id":2202,"date":"2026-04-27T21:16:25","date_gmt":"2026-04-27T21:16:25","guid":{"rendered":"https:\/\/elprogresivo.mx\/?p=2202"},"modified":"2026-04-27T21:16:25","modified_gmt":"2026-04-27T21:16:25","slug":"morena-quiere-queretaro-queretaro-no-tanto","status":"publish","type":"post","link":"https:\/\/elprogresivo.mx\/index.php\/2026\/04\/27\/morena-quiere-queretaro-queretaro-no-tanto\/","title":{"rendered":"Morena quiere Quer\u00e9taro. Quer\u00e9taro, no tanto"},"content":{"rendered":"\n<p>Morena llegar\u00e1 a las elecciones de 2027 en Quer\u00e9taro con 125 mil militantes organizados, con el respaldo expl\u00edcito de la presidenta Claudia Sheinbaum y con una maquinaria territorial que no hab\u00eda tenido en ninguna contienda anterior en este estado. Todo eso, sin embargo, no resuelve el problema m\u00e1s elemental que enfrenta el partido guinda de cara a la gubernatura: no tiene candidato. O peor a\u00fan: tiene demasiados, y ninguno convence lo suficiente.<\/p>\n\n\n\n<p>Las encuestas de Arias Consultores, levantadas en febrero de 2026, retratan con crudeza la situaci\u00f3n interna. Santiago Nieto encabeza las preferencias con apenas el 25.2%, seguido por el diputado Gilberto Herrera con 9.8% y la dos veces candidata Celia Maya con 7.1%. El dato que deber\u00eda preocupar a la dirigencia es otro: casi la mitad de los simpatizantes morenistas en el estado \u2014el 46.8%\u2014 no sabe qui\u00e9n deber\u00eda llevar la bandera del partido. Eso no es abundancia de opciones. Es ausencia de liderazgo.<\/p>\n\n\n\n<p>El 46.8% de indecisos dentro de Morena no habla de riqueza de opciones. Habla de que ninguna convence del todo.<\/p>\n\n\n\n<p>Frente a ese escenario interno, el PAN llega en mejor posici\u00f3n. El alcalde capitalino Felifer Mac\u00edas aparece en las encuestas con 46.4% de intenci\u00f3n de voto frente al 29.5% de Nieto en un escenario de careo directo, seg\u00fan Poligrama. Quer\u00e9taro sigue siendo, junto con Aguascalientes, uno de los dos \u00fanicos estados donde el blanquiazul supera a Morena en preferencia ciudadana. Perderlo ser\u00eda un golpe simb\u00f3lico y pol\u00edtico de primera magnitud para la oposici\u00f3n nacional.<\/p>\n\n\n\n<p>La dirigente estatal de Morena, Gisela S\u00e1nchez, insiste en que el partido est\u00e1 unido y que el proceso de selecci\u00f3n de candidatura comenzar\u00e1 formalmente a mediados de 2026 mediante encuestas. Es el gui\u00f3n oficial. Lo que no dice ese gui\u00f3n es que la fragmentaci\u00f3n interna \u2014visible en facciones como la llamada &#8220;TUCOGIL&#8221;, opositora al control de Herrera sobre la estructura estatal\u2014 puede costar m\u00e1s caro que cualquier diferencia en las encuestas ciudadanas.<\/p>\n\n\n\n<p>Quer\u00e9taro no es un estado que Morena pueda tomar por asalto. Doce a\u00f1os de gobiernos panistas han construido una inercia que no se deshace con voluntad ni con militantes. Para romperla hace falta lo que, por ahora, el partido gobernante no ha logrado mostrar: un nombre que una, no que divida. El reloj ya corre.<\/p>\n\n\n\n<p class=\"has-text-align-center firma\"><em>Sin Concesiones es una columna de opini\u00f3n semanal de El Progresivo. Las opiniones expresadas son responsabilidad del medio.<\/em><\/p>\n\n\n\n<p><\/p>\n","protected":false},"excerpt":{"rendered":"<p>Morena llegar\u00e1 a las elecciones de 2027 en Quer\u00e9taro con 125 mil militantes organizados, con&#8230;<\/p>\n","protected":false},"author":1,"featured_media":1953,"comment_status":"closed","ping_status":"open","sticky":false,"template":"","format":"standard","meta":{"om_disable_all_campaigns":false,"_monsterinsights_skip_tracking":false,"_monsterinsights_sitenote_active":false,"_monsterinsights_sitenote_note":"","_monsterinsights_sitenote_category":0,"footnotes":""},"categories":[62],"tags":[],"class_list":["post-2202","post","type-post","status-publish","format-standard","has-post-thumbnail","hentry","category-opinion"],"aioseo_notices":[],"_links":{"self":[{"href":"https:\/\/elprogresivo.mx\/index.php\/wp-json\/wp\/v2\/posts\/2202","targetHints":{"allow":["GET"]}}],"collection":[{"href":"https:\/\/elprogresivo.mx\/index.php\/wp-json\/wp\/v2\/posts"}],"about":[{"href":"https:\/\/elprogresivo.mx\/index.php\/wp-json\/wp\/v2\/types\/post"}],"author":[{"embeddable":true,"href":"https:\/\/elprogresivo.mx\/index.php\/wp-json\/wp\/v2\/users\/1"}],"replies":[{"embeddable":true,"href":"https:\/\/elprogresivo.mx\/index.php\/wp-json\/wp\/v2\/comments?post=2202"}],"version-history":[{"count":1,"href":"https:\/\/elprogresivo.mx\/index.php\/wp-json\/wp\/v2\/posts\/2202\/revisions"}],"predecessor-version":[{"id":2203,"href":"https:\/\/elprogresivo.mx\/index.php\/wp-json\/wp\/v2\/posts\/2202\/revisions\/2203"}],"wp:featuredmedia":[{"embeddable":true,"href":"https:\/\/elprogresivo.mx\/index.php\/wp-json\/wp\/v2\/media\/1953"}],"wp:attachment":[{"href":"https:\/\/elprogresivo.mx\/index.php\/wp-json\/wp\/v2\/media?parent=2202"}],"wp:term":[{"taxonomy":"category","embeddable":true,"href":"https:\/\/elprogresivo.mx\/index.php\/wp-json\/wp\/v2\/categories?post=2202"},{"taxonomy":"post_tag","embeddable":true,"href":"https:\/\/elprogresivo.mx\/index.php\/wp-json\/wp\/v2\/tags?post=2202"}],"curies":[{"name":"wp","href":"https:\/\/api.w.org\/{rel}","templated":true}]}}