{"id":2200,"date":"2026-04-27T21:07:55","date_gmt":"2026-04-27T21:07:55","guid":{"rendered":"https:\/\/elprogresivo.mx\/?p=2200"},"modified":"2026-04-27T21:07:55","modified_gmt":"2026-04-27T21:07:55","slug":"queretaro-abre-mas-centros-de-atencion-y-capacita-a-5400-mujeres-en-2026","status":"publish","type":"post","link":"https:\/\/elprogresivo.mx\/index.php\/2026\/04\/27\/queretaro-abre-mas-centros-de-atencion-y-capacita-a-5400-mujeres-en-2026\/","title":{"rendered":"Quer\u00e9taro abre m\u00e1s centros de atenci\u00f3n y capacita a 5,400 mujeres en 2026"},"content":{"rendered":"\n<p class=\"font-claude-response-body break-words whitespace-normal leading-[1.7]\">La Secretar\u00eda de las Mujeres refuerza dos frentes simult\u00e1neos: la protecci\u00f3n frente a la violencia y el fortalecimiento de la autonom\u00eda econ\u00f3mica de las queretanas.<\/p>\n\n\n\n<p class=\"font-claude-response-body break-words whitespace-normal leading-[1.7]\">La titular de la dependencia, Bety Le\u00f3n Sotelo, inform\u00f3 que este a\u00f1o se ampl\u00eda la red de atenci\u00f3n psicojur\u00eddica gratuita con nuevos m\u00f3dulos en Felipe Carrillo Puerto, Epigmenio Gonz\u00e1lez y Centro Hist\u00f3rico, a los que se sumar\u00e1n&nbsp;<strong>dos centros adicionales<\/strong>&nbsp;cuyas ubicaciones se anunciar\u00e1n pr\u00f3ximamente.<\/p>\n\n\n\n<p class=\"font-claude-response-body break-words whitespace-normal leading-[1.7]\"><strong>Empoderamiento con cifras concretas<\/strong><\/p>\n\n\n\n<p class=\"font-claude-response-body break-words whitespace-normal leading-[1.7]\">El Centro de Empoderamiento ha capacitado a m\u00e1s de&nbsp;<strong>5,400 mujeres<\/strong>&nbsp;mediante cursos y talleres orientados al emprendimiento y la empleabilidad. La estrategia se articula en dos esquemas: c\u00edrculos de emprendimiento, con formaci\u00f3n psicoemocional, activaci\u00f3n f\u00edsica y jornadas de salud; y c\u00edrculos de empoderamiento, con sesiones psicoemocionales, capacitaci\u00f3n en oficios y atenci\u00f3n a la salud, para dar continuidad al desarrollo personal y productivo de las participantes.<\/p>\n\n\n\n<p class=\"font-claude-response-body break-words whitespace-normal leading-[1.7]\"><strong>Educaci\u00f3n sin barreras<\/strong><\/p>\n\n\n\n<p class=\"font-claude-response-body break-words whitespace-normal leading-[1.7]\">La Universidad de las Mujeres mantiene su operaci\u00f3n para que m\u00e1s queretanas concluyan bachillerato, licenciatura o posgrado, con ludotecas disponibles para hijas e hijos de las estudiantes durante su formaci\u00f3n.<\/p>\n","protected":false},"excerpt":{"rendered":"<p>La Secretar\u00eda de las Mujeres refuerza dos frentes simult\u00e1neos: la protecci\u00f3n frente a la violencia&#8230;<\/p>\n","protected":false},"author":1,"featured_media":2199,"comment_status":"closed","ping_status":"open","sticky":false,"template":"","format":"standard","meta":{"om_disable_all_campaigns":false,"_monsterinsights_skip_tracking":false,"_monsterinsights_sitenote_active":false,"_monsterinsights_sitenote_note":"","_monsterinsights_sitenote_category":0,"footnotes":""},"categories":[1],"tags":[226,222,229,224,225,77,228,227,223],"class_list":["post-2200","post","type-post","status-publish","format-standard","has-post-thumbnail","hentry","category-blog","tag-atencion-psicojuridica-queretaro","tag-autonomia-economica-mujeres","tag-bety-leon-sotelo","tag-centro-de-empoderamiento-queretaro","tag-emprendimiento-mujeres-queretaro","tag-felifer-macias","tag-secretaria-de-las-mujeres-queretaro","tag-universidad-de-las-mujeres","tag-violencia-contra-la-mujeres-queretaro"],"aioseo_notices":[],"_links":{"self":[{"href":"https:\/\/elprogresivo.mx\/index.php\/wp-json\/wp\/v2\/posts\/2200","targetHints":{"allow":["GET"]}}],"collection":[{"href":"https:\/\/elprogresivo.mx\/index.php\/wp-json\/wp\/v2\/posts"}],"about":[{"href":"https:\/\/elprogresivo.mx\/index.php\/wp-json\/wp\/v2\/types\/post"}],"author":[{"embeddable":true,"href":"https:\/\/elprogresivo.mx\/index.php\/wp-json\/wp\/v2\/users\/1"}],"replies":[{"embeddable":true,"href":"https:\/\/elprogresivo.mx\/index.php\/wp-json\/wp\/v2\/comments?post=2200"}],"version-history":[{"count":1,"href":"https:\/\/elprogresivo.mx\/index.php\/wp-json\/wp\/v2\/posts\/2200\/revisions"}],"predecessor-version":[{"id":2201,"href":"https:\/\/elprogresivo.mx\/index.php\/wp-json\/wp\/v2\/posts\/2200\/revisions\/2201"}],"wp:featuredmedia":[{"embeddable":true,"href":"https:\/\/elprogresivo.mx\/index.php\/wp-json\/wp\/v2\/media\/2199"}],"wp:attachment":[{"href":"https:\/\/elprogresivo.mx\/index.php\/wp-json\/wp\/v2\/media?parent=2200"}],"wp:term":[{"taxonomy":"category","embeddable":true,"href":"https:\/\/elprogresivo.mx\/index.php\/wp-json\/wp\/v2\/categories?post=2200"},{"taxonomy":"post_tag","embeddable":true,"href":"https:\/\/elprogresivo.mx\/index.php\/wp-json\/wp\/v2\/tags?post=2200"}],"curies":[{"name":"wp","href":"https:\/\/api.w.org\/{rel}","templated":true}]}}