{"id":2197,"date":"2026-04-27T19:29:54","date_gmt":"2026-04-27T19:29:54","guid":{"rendered":"https:\/\/elprogresivo.mx\/?p=2197"},"modified":"2026-04-27T19:29:54","modified_gmt":"2026-04-27T19:29:54","slug":"63-ninos-queretanos-a-las-olimpiadas-corales-de-suecia","status":"publish","type":"post","link":"https:\/\/elprogresivo.mx\/index.php\/2026\/04\/27\/63-ninos-queretanos-a-las-olimpiadas-corales-de-suecia\/","title":{"rendered":"63 ni\u00f1os queretanos a las Olimpiadas Corales de Suecia"},"content":{"rendered":"\n<p class=\"font-claude-response-body break-words whitespace-normal leading-[1.7]\">El Coro Infantil y Juvenil Sinf\u00f3nico de Quer\u00e9taro representar\u00e1 a M\u00e9xico en las&nbsp;<strong>Olimpiadas Corales de Suecia 2026<\/strong>, del 4 al 17 de agosto, con 63 integrantes de entre 7 y 18 a\u00f1os que competir\u00e1n en las categor\u00edas Children&#8217;s Choir, Folklore y Pop ante m\u00e1s de 15 mil cantantes de todo el mundo.<\/p>\n\n\n\n<p class=\"font-claude-response-body break-words whitespace-normal leading-[1.7]\">Ser\u00e1 la tercera participaci\u00f3n del coro en esta justa internacional: en 2010 obtuvieron diploma de bronce en China y en 2014 uno de plata en Letonia. Esta vez, el director Jos\u00e9 Rocha Maga\u00f1a anunci\u00f3 que la meta es regresar con&nbsp;<strong>diploma de oro<\/strong>.<\/p>\n\n\n\n<p class=\"font-claude-response-body break-words whitespace-normal leading-[1.7]\"><strong>Concierto de recaudaci\u00f3n: &#8220;Rumbo a Suecia&#8221;<\/strong><\/p>\n\n\n\n<p class=\"font-claude-response-body break-words whitespace-normal leading-[1.7]\">La Secult invita a la ciudadan\u00eda a apoyar al coro asistiendo al concierto ben\u00e9fico&nbsp;<strong>&#8220;Rumbo a Suecia&#8221;<\/strong>&nbsp;el pr\u00f3ximo&nbsp;<strong>6 de mayo a las 18:00 horas en el Teatro Metropolitano<\/strong>, donde el grupo interpretar\u00e1 parte del repertorio con el que competir\u00e1 en Europa.<\/p>\n\n\n\n<p class=\"font-claude-response-body break-words whitespace-normal leading-[1.7]\">Los boletos pueden adquirirse llamando al&nbsp;<strong>442 600 8744<\/strong>. Tambi\u00e9n hay una campa\u00f1a de GoFundMe disponible en Instagram:&nbsp;<strong>@vocessinfonicasqro<\/strong><\/p>\n\n\n\n<p class=\"font-claude-response-body break-words whitespace-normal leading-[1.7]\">La secretaria de Cultura, Ana Paola L\u00f3pez Birlain, destac\u00f3 que apoyar al coro es apostar por la formaci\u00f3n, la disciplina y las oportunidades que abre la cultura cuando se vive en comunidad.<\/p>\n","protected":false},"excerpt":{"rendered":"<p>El Coro Infantil y Juvenil Sinf\u00f3nico de Quer\u00e9taro representar\u00e1 a M\u00e9xico en las&nbsp;Olimpiadas Corales de&#8230;<\/p>\n","protected":false},"author":1,"featured_media":2196,"comment_status":"closed","ping_status":"open","sticky":false,"template":"","format":"standard","meta":{"om_disable_all_campaigns":false,"_monsterinsights_skip_tracking":false,"_monsterinsights_sitenote_active":false,"_monsterinsights_sitenote_note":"","_monsterinsights_sitenote_category":0,"footnotes":""},"categories":[1],"tags":[105,216,217,219,220,221,112,218,215],"class_list":["post-2197","post","type-post","status-publish","format-standard","has-post-thumbnail","hentry","category-blog","tag-ana-paola-lopez-birlain","tag-concierto-teatro-metropolitano","tag-coro-infantil-juvenil-sinfonico-queretaro","tag-musica-coral-queretaro","tag-olimpiadas-corales-suecia-2026","tag-rumbo-a-suecia","tag-secult-queretaro","tag-talento-infantil-queretaro","tag-voces-sinfonicas-queretaro"],"aioseo_notices":[],"_links":{"self":[{"href":"https:\/\/elprogresivo.mx\/index.php\/wp-json\/wp\/v2\/posts\/2197","targetHints":{"allow":["GET"]}}],"collection":[{"href":"https:\/\/elprogresivo.mx\/index.php\/wp-json\/wp\/v2\/posts"}],"about":[{"href":"https:\/\/elprogresivo.mx\/index.php\/wp-json\/wp\/v2\/types\/post"}],"author":[{"embeddable":true,"href":"https:\/\/elprogresivo.mx\/index.php\/wp-json\/wp\/v2\/users\/1"}],"replies":[{"embeddable":true,"href":"https:\/\/elprogresivo.mx\/index.php\/wp-json\/wp\/v2\/comments?post=2197"}],"version-history":[{"count":1,"href":"https:\/\/elprogresivo.mx\/index.php\/wp-json\/wp\/v2\/posts\/2197\/revisions"}],"predecessor-version":[{"id":2198,"href":"https:\/\/elprogresivo.mx\/index.php\/wp-json\/wp\/v2\/posts\/2197\/revisions\/2198"}],"wp:featuredmedia":[{"embeddable":true,"href":"https:\/\/elprogresivo.mx\/index.php\/wp-json\/wp\/v2\/media\/2196"}],"wp:attachment":[{"href":"https:\/\/elprogresivo.mx\/index.php\/wp-json\/wp\/v2\/media?parent=2197"}],"wp:term":[{"taxonomy":"category","embeddable":true,"href":"https:\/\/elprogresivo.mx\/index.php\/wp-json\/wp\/v2\/categories?post=2197"},{"taxonomy":"post_tag","embeddable":true,"href":"https:\/\/elprogresivo.mx\/index.php\/wp-json\/wp\/v2\/tags?post=2197"}],"curies":[{"name":"wp","href":"https:\/\/api.w.org\/{rel}","templated":true}]}}