{"id":2194,"date":"2026-04-27T18:22:15","date_gmt":"2026-04-27T18:22:15","guid":{"rendered":"https:\/\/elprogresivo.mx\/?p=2194"},"modified":"2026-04-27T18:22:15","modified_gmt":"2026-04-27T18:22:15","slug":"23-mdp-transforman-escuelas-con-aulas-y-cancha-en-queretaro","status":"publish","type":"post","link":"https:\/\/elprogresivo.mx\/index.php\/2026\/04\/27\/23-mdp-transforman-escuelas-con-aulas-y-cancha-en-queretaro\/","title":{"rendered":"$23 MDP transforman escuelas con aulas y cancha en Quer\u00e9taro"},"content":{"rendered":"\n<p class=\"font-claude-response-body break-words whitespace-normal leading-[1.7]\">El gobernador Mauricio Kuri Gonz\u00e1lez entreg\u00f3 obras de infraestructura educativa en las primarias M\u00e9xico turno matutino e Italia turno vespertino de la capital queretana, con una inversi\u00f3n conjunta estatal y municipal superior a los&nbsp;<strong>23 millones de pesos<\/strong>&nbsp;en beneficio de&nbsp;<strong>960 alumnos<\/strong>.<\/p>\n\n\n\n<p class=\"font-claude-response-body break-words whitespace-normal leading-[1.7]\">El gobierno estatal, a trav\u00e9s del IFEQ, construy\u00f3 un edificio nuevo con ocho aulas did\u00e1cticas, sal\u00f3n de tecnolog\u00edas, dos direcciones para ambos turnos, m\u00f3dulos sanitarios inclusivos, andadores y barda perimetral, sustituyendo instalaciones antiguas \u2014una de ellas de madera\u2014 por espacios modernos y funcionales.<\/p>\n\n\n\n<p class=\"font-claude-response-body break-words whitespace-normal leading-[1.7]\">Por su parte, el municipio aport\u00f3 una cancha de f\u00fatbol 5 con&nbsp;<strong>408 metros cuadrados de pasto sint\u00e9tico<\/strong>, techumbre, cercado y red perimetral, obra elegida por votaci\u00f3n ciudadana como parte del modelo de participaci\u00f3n vecinal impulsado por el presidente municipal Felifer Mac\u00edas.<\/p>\n\n\n\n<p class=\"font-claude-response-body break-words whitespace-normal leading-[1.7]\"><strong>Una obra elegida por los vecinos<\/strong><\/p>\n\n\n\n<p class=\"font-claude-response-body break-words whitespace-normal leading-[1.7]\">&#8220;Fueron ustedes, gracias a su participaci\u00f3n, votando y buscando que se involucraran, como lograron que esta obra fuera la m\u00e1s votada&#8221;, destac\u00f3 Mac\u00edas, subrayando el modelo de toma de decisiones compartida entre gobierno y comunidad.<\/p>\n\n\n\n<p class=\"font-claude-response-body break-words whitespace-normal leading-[1.7]\">La directora del plantel, Estela Armida \u00c1lvarez, celebr\u00f3 que contar con espacios dignos y seguros es fundamental para el aprendizaje, mientras que el alumno Ra\u00fal Daniel Estrada Herrera invit\u00f3 a sus compa\u00f1eros a cuidar la nueva infraestructura: &#8220;No es s\u00f3lo ladrillo y cemento, es la base de la construcci\u00f3n de los sue\u00f1os&#8221;.<\/p>\n","protected":false},"excerpt":{"rendered":"<p>El gobernador Mauricio Kuri Gonz\u00e1lez entreg\u00f3 obras de infraestructura educativa en las primarias M\u00e9xico turno&#8230;<\/p>\n","protected":false},"author":1,"featured_media":2193,"comment_status":"closed","ping_status":"open","sticky":false,"template":"","format":"standard","meta":{"om_disable_all_campaigns":false,"_monsterinsights_skip_tracking":false,"_monsterinsights_sitenote_active":false,"_monsterinsights_sitenote_note":"","_monsterinsights_sitenote_category":0,"footnotes":""},"categories":[1,70],"tags":[208,211,77,210,212,209,89,213,214],"class_list":["post-2194","post","type-post","status-publish","format-standard","has-post-thumbnail","hentry","category-blog","category-destacado","tag-cancha-futbol-escuela","tag-escuelas-queretaro","tag-felifer-macias","tag-ifeq-queretaro","tag-infraestructura-educativa-queretaro","tag-inversion-educativa-2026","tag-mauricio-kuri-gonzalez","tag-primaria-italia-queretaro","tag-primaria-mexico-queretaro"],"aioseo_notices":[],"_links":{"self":[{"href":"https:\/\/elprogresivo.mx\/index.php\/wp-json\/wp\/v2\/posts\/2194","targetHints":{"allow":["GET"]}}],"collection":[{"href":"https:\/\/elprogresivo.mx\/index.php\/wp-json\/wp\/v2\/posts"}],"about":[{"href":"https:\/\/elprogresivo.mx\/index.php\/wp-json\/wp\/v2\/types\/post"}],"author":[{"embeddable":true,"href":"https:\/\/elprogresivo.mx\/index.php\/wp-json\/wp\/v2\/users\/1"}],"replies":[{"embeddable":true,"href":"https:\/\/elprogresivo.mx\/index.php\/wp-json\/wp\/v2\/comments?post=2194"}],"version-history":[{"count":1,"href":"https:\/\/elprogresivo.mx\/index.php\/wp-json\/wp\/v2\/posts\/2194\/revisions"}],"predecessor-version":[{"id":2195,"href":"https:\/\/elprogresivo.mx\/index.php\/wp-json\/wp\/v2\/posts\/2194\/revisions\/2195"}],"wp:featuredmedia":[{"embeddable":true,"href":"https:\/\/elprogresivo.mx\/index.php\/wp-json\/wp\/v2\/media\/2193"}],"wp:attachment":[{"href":"https:\/\/elprogresivo.mx\/index.php\/wp-json\/wp\/v2\/media?parent=2194"}],"wp:term":[{"taxonomy":"category","embeddable":true,"href":"https:\/\/elprogresivo.mx\/index.php\/wp-json\/wp\/v2\/categories?post=2194"},{"taxonomy":"post_tag","embeddable":true,"href":"https:\/\/elprogresivo.mx\/index.php\/wp-json\/wp\/v2\/tags?post=2194"}],"curies":[{"name":"wp","href":"https:\/\/api.w.org\/{rel}","templated":true}]}}