{"id":2188,"date":"2026-04-27T18:15:53","date_gmt":"2026-04-27T18:15:53","guid":{"rendered":"https:\/\/elprogresivo.mx\/?p=2188"},"modified":"2026-04-27T18:15:53","modified_gmt":"2026-04-27T18:15:53","slug":"festival-gratuito-recorre-13-comunidades-de-el-marques-por-el-dia-de-la-ninez","status":"publish","type":"post","link":"https:\/\/elprogresivo.mx\/index.php\/2026\/04\/27\/festival-gratuito-recorre-13-comunidades-de-el-marques-por-el-dia-de-la-ninez\/","title":{"rendered":"Festival gratuito recorre 13 comunidades de El Marqu\u00e9s por el D\u00eda de la Ni\u00f1ez"},"content":{"rendered":"\n<p class=\"font-claude-response-body break-words whitespace-normal leading-[1.7]\">En el marco del D\u00eda de las Infancias, el presidente municipal de El Marqu\u00e9s, Rodrigo Monsalvo Castel\u00e1n, encabez\u00f3 el festival&nbsp;<strong>&#8220;Vive la Alegr\u00eda con las Ni\u00f1as y los Ni\u00f1os&#8221;<\/strong>, una iniciativa gratuita del Instituto Municipal Centro Vive que recorre 13 comunidades y fraccionamientos del municipio del&nbsp;<strong>19 al 30 de abril<\/strong>, con una meta de beneficiar a m\u00e1s de&nbsp;<strong>25 mil ciudadanos<\/strong>.<\/p>\n\n\n\n<p class=\"font-claude-response-body break-words whitespace-normal leading-[1.7]\">Las sedes del festival incluyen Zibat\u00e1, La Griega, Tierra Blanca, Amazcala, Hacienda La Cruz, Los H\u00e9roes, Z\u00e1kia, La Pradera, Paseos del Marqu\u00e9s, Calamanda, Atongo, Villas La Piedad y La Ca\u00f1ada.<\/p>\n\n\n\n<p class=\"font-claude-response-body break-words whitespace-normal leading-[1.7]\"><strong>\u00bfQu\u00e9 hay para los ni\u00f1os?<\/strong><\/p>\n\n\n\n<p class=\"font-claude-response-body break-words whitespace-normal leading-[1.7]\">La programaci\u00f3n combina entretenimiento y cultura con espect\u00e1culos de lucha libre profesional, shows de payasos, presentaciones de princesas y superh\u00e9roes, show de guerreras K-pop, juegos tradicionales, rifas, verbena familiar y entrega de dulces y souvenirs.<\/p>\n\n\n\n<p class=\"font-claude-response-body break-words whitespace-normal leading-[1.7]\">El festival busca fortalecer la convivencia familiar, promover estilos de vida saludables y generar entornos positivos para la ni\u00f1ez marquesina desde una perspectiva de desarrollo social integral.<\/p>\n\n\n\n<p><\/p>\n","protected":false},"excerpt":{"rendered":"<p>En el marco del D\u00eda de las Infancias, el presidente municipal de El Marqu\u00e9s, Rodrigo&#8230;<\/p>\n","protected":false},"author":1,"featured_media":2187,"comment_status":"closed","ping_status":"open","sticky":false,"template":"","format":"standard","meta":{"om_disable_all_campaigns":false,"_monsterinsights_skip_tracking":false,"_monsterinsights_sitenote_active":false,"_monsterinsights_sitenote_note":"","_monsterinsights_sitenote_category":0,"footnotes":""},"categories":[1,71],"tags":[193,198,196,194,199,195,119,192,197],"class_list":["post-2188","post","type-post","status-publish","format-standard","has-post-thumbnail","hentry","category-blog","category-principal","tag-abril-2026-el-marques","tag-actividades-gratuitas-ninos-queretaro","tag-bienestar-infantil-queretaro","tag-centro-vive-el-marques","tag-dia-de-la-ninez-el-marques","tag-festival-infantil-queretaro","tag-rodrigo-monsalvo","tag-vive-la-alegria-el-marques","tag-zibata-festival"],"aioseo_notices":[],"_links":{"self":[{"href":"https:\/\/elprogresivo.mx\/index.php\/wp-json\/wp\/v2\/posts\/2188","targetHints":{"allow":["GET"]}}],"collection":[{"href":"https:\/\/elprogresivo.mx\/index.php\/wp-json\/wp\/v2\/posts"}],"about":[{"href":"https:\/\/elprogresivo.mx\/index.php\/wp-json\/wp\/v2\/types\/post"}],"author":[{"embeddable":true,"href":"https:\/\/elprogresivo.mx\/index.php\/wp-json\/wp\/v2\/users\/1"}],"replies":[{"embeddable":true,"href":"https:\/\/elprogresivo.mx\/index.php\/wp-json\/wp\/v2\/comments?post=2188"}],"version-history":[{"count":1,"href":"https:\/\/elprogresivo.mx\/index.php\/wp-json\/wp\/v2\/posts\/2188\/revisions"}],"predecessor-version":[{"id":2189,"href":"https:\/\/elprogresivo.mx\/index.php\/wp-json\/wp\/v2\/posts\/2188\/revisions\/2189"}],"wp:featuredmedia":[{"embeddable":true,"href":"https:\/\/elprogresivo.mx\/index.php\/wp-json\/wp\/v2\/media\/2187"}],"wp:attachment":[{"href":"https:\/\/elprogresivo.mx\/index.php\/wp-json\/wp\/v2\/media?parent=2188"}],"wp:term":[{"taxonomy":"category","embeddable":true,"href":"https:\/\/elprogresivo.mx\/index.php\/wp-json\/wp\/v2\/categories?post=2188"},{"taxonomy":"post_tag","embeddable":true,"href":"https:\/\/elprogresivo.mx\/index.php\/wp-json\/wp\/v2\/tags?post=2188"}],"curies":[{"name":"wp","href":"https:\/\/api.w.org\/{rel}","templated":true}]}}