{"id":2185,"date":"2026-04-27T17:57:20","date_gmt":"2026-04-27T17:57:20","guid":{"rendered":"https:\/\/elprogresivo.mx\/?p=2185"},"modified":"2026-04-27T17:57:20","modified_gmt":"2026-04-27T17:57:20","slug":"339-mujeres-se-graduan-con-la-universidad-de-las-mujeres-de-queretaro","status":"publish","type":"post","link":"https:\/\/elprogresivo.mx\/index.php\/2026\/04\/27\/339-mujeres-se-graduan-con-la-universidad-de-las-mujeres-de-queretaro\/","title":{"rendered":"339 mujeres se grad\u00faan con la Universidad de las Mujeres de Quer\u00e9taro"},"content":{"rendered":"\n<p class=\"font-claude-response-body break-words whitespace-normal leading-[1.7]\">El presidente municipal Felifer Mac\u00edas impulsa la&nbsp;<strong>Universidad de las Mujeres<\/strong>&nbsp;como herramienta de acceso a la educaci\u00f3n y la justicia para las queretanas que hab\u00edan pospuesto su formaci\u00f3n acad\u00e9mica por falta de tiempo o recursos.<\/p>\n\n\n\n<p class=\"font-claude-response-body break-words whitespace-normal leading-[1.7]\">Durante la actual administraci\u00f3n,&nbsp;<strong>339 mujeres<\/strong>&nbsp;han concluido estudios de bachillerato, licenciatura o maestr\u00eda a trav\u00e9s de esta instituci\u00f3n, sumando casi&nbsp;<strong>mil egresadas en total<\/strong>&nbsp;desde su creaci\u00f3n, un indicador del impacto del programa en la vida personal, profesional y econ\u00f3mica de las participantes.<\/p>\n\n\n\n<p class=\"font-claude-response-body break-words whitespace-normal leading-[1.7]\">La Universidad de las Mujeres busca garantizar que m\u00e1s queretanas participen de forma activa y equitativa en la vida social y econ\u00f3mica del municipio, con acceso real a oportunidades de superaci\u00f3n sin importar su situaci\u00f3n de tiempo o recursos.<\/p>\n\n\n\n<p class=\"font-claude-response-body break-words whitespace-normal leading-[1.7]\"><strong>\u00bfC\u00f3mo inscribirse?<\/strong><\/p>\n\n\n\n<p class=\"font-claude-response-body break-words whitespace-normal leading-[1.7]\">Las mujeres interesadas en retomar o concluir sus estudios pueden consultar la oferta acad\u00e9mica y el proceso de admisi\u00f3n en:&nbsp;<a class=\"underline underline underline-offset-2 decoration-1 decoration-current\/40 hover:decoration-current focus:decoration-current\" href=\"https:\/\/municipiodequeretaro.gob.mx\/universidad-de-las-mujeres\/\">municipiodequeretaro.gob.mx\/universidad-de-las-mujeres<\/a><\/p>\n\n\n\n<p class=\"font-claude-response-body break-words whitespace-normal leading-[1.7]\"><\/p>\n","protected":false},"excerpt":{"rendered":"<p>El presidente municipal Felifer Mac\u00edas impulsa la&nbsp;Universidad de las Mujeres&nbsp;como herramienta de acceso a la&#8230;<\/p>\n","protected":false},"author":1,"featured_media":2184,"comment_status":"closed","ping_status":"open","sticky":false,"template":"","format":"standard","meta":{"om_disable_all_campaigns":false,"_monsterinsights_skip_tracking":false,"_monsterinsights_sitenote_active":false,"_monsterinsights_sitenote_note":"","_monsterinsights_sitenote_category":0,"footnotes":""},"categories":[1,70],"tags":[187,188,185,186,77,191,190,189],"class_list":["post-2185","post","type-post","status-publish","format-standard","has-post-thumbnail","hentry","category-blog","category-destacado","tag-bachillerato-mujeres-queretaro","tag-educacion-mujeres-queretaro","tag-empoderamiento-femenino-queretaro","tag-equidad-de-genero-queretaro-2026","tag-felifer-macias","tag-licenciatura-gratuita-mujeres","tag-municipio-de-queretaro-educacion","tag-universidad-de-las-mujeres-queretaro"],"aioseo_notices":[],"_links":{"self":[{"href":"https:\/\/elprogresivo.mx\/index.php\/wp-json\/wp\/v2\/posts\/2185","targetHints":{"allow":["GET"]}}],"collection":[{"href":"https:\/\/elprogresivo.mx\/index.php\/wp-json\/wp\/v2\/posts"}],"about":[{"href":"https:\/\/elprogresivo.mx\/index.php\/wp-json\/wp\/v2\/types\/post"}],"author":[{"embeddable":true,"href":"https:\/\/elprogresivo.mx\/index.php\/wp-json\/wp\/v2\/users\/1"}],"replies":[{"embeddable":true,"href":"https:\/\/elprogresivo.mx\/index.php\/wp-json\/wp\/v2\/comments?post=2185"}],"version-history":[{"count":1,"href":"https:\/\/elprogresivo.mx\/index.php\/wp-json\/wp\/v2\/posts\/2185\/revisions"}],"predecessor-version":[{"id":2186,"href":"https:\/\/elprogresivo.mx\/index.php\/wp-json\/wp\/v2\/posts\/2185\/revisions\/2186"}],"wp:featuredmedia":[{"embeddable":true,"href":"https:\/\/elprogresivo.mx\/index.php\/wp-json\/wp\/v2\/media\/2184"}],"wp:attachment":[{"href":"https:\/\/elprogresivo.mx\/index.php\/wp-json\/wp\/v2\/media?parent=2185"}],"wp:term":[{"taxonomy":"category","embeddable":true,"href":"https:\/\/elprogresivo.mx\/index.php\/wp-json\/wp\/v2\/categories?post=2185"},{"taxonomy":"post_tag","embeddable":true,"href":"https:\/\/elprogresivo.mx\/index.php\/wp-json\/wp\/v2\/tags?post=2185"}],"curies":[{"name":"wp","href":"https:\/\/api.w.org\/{rel}","templated":true}]}}