{"id":2182,"date":"2026-04-26T21:03:39","date_gmt":"2026-04-26T21:03:39","guid":{"rendered":"https:\/\/elprogresivo.mx\/?p=2182"},"modified":"2026-04-26T21:04:14","modified_gmt":"2026-04-26T21:04:14","slug":"oro-y-bronce-historicos-para-queretaro-en-voleibol-de-playa-de-la-olimpiada-nacional","status":"publish","type":"post","link":"https:\/\/elprogresivo.mx\/index.php\/2026\/04\/26\/oro-y-bronce-historicos-para-queretaro-en-voleibol-de-playa-de-la-olimpiada-nacional\/","title":{"rendered":"Oro y bronce hist\u00f3ricos para Quer\u00e9taro en voleibol de playa de la Olimpiada Nacional"},"content":{"rendered":"\n<p class=\"font-claude-response-body break-words whitespace-normal leading-[1.7]\">El voleibol de playa queretano escribi\u00f3 una p\u00e1gina in\u00e9dita en la Olimpiada Nacional 2026 de la CONADE al conquistar la&nbsp;<strong>primera medalla de oro y la primera de bronce<\/strong>&nbsp;en la categor\u00eda juvenil menor para el estado, cerrando adem\u00e1s en el&nbsp;<strong>tercer lugar nacional<\/strong>&nbsp;por la suma de ambas preseas.<\/p>\n\n\n\n<p class=\"font-claude-response-body break-words whitespace-normal leading-[1.7]\">La medalla dorada fue obra de&nbsp;<strong>Gabriel Castillejos y Manuel Hilario<\/strong>&nbsp;en la categor\u00eda juvenil superior (2005-2006), un cierre de etapa para el dueto que en 2024 ya hab\u00eda hecho historia al ganar el primer bronce CONADE para Quer\u00e9taro en esta disciplina.<\/p>\n\n\n\n<p class=\"font-claude-response-body break-words whitespace-normal leading-[1.7]\">El bronce correspondi\u00f3 a los hermanos&nbsp;<strong>Bruno y Pablo \u00c1lvarez Flores<\/strong>, quienes vencieron a Sinaloa en la disputa por el podio en la categor\u00eda juvenil menor, convirti\u00e9ndose en los primeros queretanos en subir al podio en esa divisi\u00f3n.<\/p>\n\n\n\n<p class=\"font-claude-response-body break-words whitespace-normal leading-[1.7]\"><strong>Quer\u00e9taro crece en la arena<\/strong><\/p>\n\n\n\n<p class=\"font-claude-response-body break-words whitespace-normal leading-[1.7]\">Por segundo a\u00f1o consecutivo, la delegaci\u00f3n queretana compiti\u00f3 con cuatro duplas \u2014frente a la \u00fanica pareja que asist\u00eda anteriormente\u2014, entre las que tambi\u00e9n destacan Heidi Trudel y Julia Benavente, as\u00ed como Santiago P\u00e9rez y Lucas Moreno Da Costa, reflejo del crecimiento del nivel competitivo de los j\u00f3venes queretanos en este deporte.<\/p>\n","protected":false},"excerpt":{"rendered":"<p>El voleibol de playa queretano escribi\u00f3 una p\u00e1gina in\u00e9dita en la Olimpiada Nacional 2026 de&#8230;<\/p>\n","protected":false},"author":1,"featured_media":2181,"comment_status":"closed","ping_status":"open","sticky":false,"template":"","format":"standard","meta":{"om_disable_all_campaigns":false,"_monsterinsights_skip_tracking":false,"_monsterinsights_sitenote_active":false,"_monsterinsights_sitenote_note":"","_monsterinsights_sitenote_category":0,"footnotes":""},"categories":[1,71],"tags":[184,179,182,180,183,176,177,178,181],"class_list":["post-2182","post","type-post","status-publish","format-standard","has-post-thumbnail","hentry","category-blog","category-principal","tag-bruno-pablo-alvarez-flores","tag-conade-queretaro","tag-deporte-queretaro-2026","tag-gabriel-castillejos-manuel-hilario","tag-juvenil-menor-voleibol","tag-medalla-oro-queretaro","tag-olimpiada-nacional-2026","tag-seleccion-queretaro-voleibol","tag-voleibol-de-playa-queretaro"],"aioseo_notices":[],"_links":{"self":[{"href":"https:\/\/elprogresivo.mx\/index.php\/wp-json\/wp\/v2\/posts\/2182","targetHints":{"allow":["GET"]}}],"collection":[{"href":"https:\/\/elprogresivo.mx\/index.php\/wp-json\/wp\/v2\/posts"}],"about":[{"href":"https:\/\/elprogresivo.mx\/index.php\/wp-json\/wp\/v2\/types\/post"}],"author":[{"embeddable":true,"href":"https:\/\/elprogresivo.mx\/index.php\/wp-json\/wp\/v2\/users\/1"}],"replies":[{"embeddable":true,"href":"https:\/\/elprogresivo.mx\/index.php\/wp-json\/wp\/v2\/comments?post=2182"}],"version-history":[{"count":1,"href":"https:\/\/elprogresivo.mx\/index.php\/wp-json\/wp\/v2\/posts\/2182\/revisions"}],"predecessor-version":[{"id":2183,"href":"https:\/\/elprogresivo.mx\/index.php\/wp-json\/wp\/v2\/posts\/2182\/revisions\/2183"}],"wp:featuredmedia":[{"embeddable":true,"href":"https:\/\/elprogresivo.mx\/index.php\/wp-json\/wp\/v2\/media\/2181"}],"wp:attachment":[{"href":"https:\/\/elprogresivo.mx\/index.php\/wp-json\/wp\/v2\/media?parent=2182"}],"wp:term":[{"taxonomy":"category","embeddable":true,"href":"https:\/\/elprogresivo.mx\/index.php\/wp-json\/wp\/v2\/categories?post=2182"},{"taxonomy":"post_tag","embeddable":true,"href":"https:\/\/elprogresivo.mx\/index.php\/wp-json\/wp\/v2\/tags?post=2182"}],"curies":[{"name":"wp","href":"https:\/\/api.w.org\/{rel}","templated":true}]}}