{"id":2179,"date":"2026-04-26T05:55:02","date_gmt":"2026-04-26T05:55:02","guid":{"rendered":"https:\/\/elprogresivo.mx\/?p=2179"},"modified":"2026-04-26T05:55:02","modified_gmt":"2026-04-26T05:55:02","slug":"20-mil-personas-celebran-300-anos-del-acueducto-de-queretaro-con-drones-y-musica","status":"publish","type":"post","link":"https:\/\/elprogresivo.mx\/index.php\/2026\/04\/26\/20-mil-personas-celebran-300-anos-del-acueducto-de-queretaro-con-drones-y-musica\/","title":{"rendered":"20 mil personas celebran 300 a\u00f1os del Acueducto de Quer\u00e9taro con drones y m\u00fasica"},"content":{"rendered":"\n<p class=\"font-claude-response-body break-words whitespace-normal leading-[1.7]\">El presidente municipal Felifer Mac\u00edas encabez\u00f3 una noche hist\u00f3rica en la Calzada de los Arcos: m\u00e1s de 20 mil queretanos se reunieron para conmemorar el&nbsp;<strong>Aniversario 300 del Inicio de la Construcci\u00f3n del Acueducto<\/strong>, en una celebraci\u00f3n que combin\u00f3 espect\u00e1culos musicales, culturales y un show de luces, sonido y drones como punto culminante de la velada.<\/p>\n\n\n\n<p class=\"font-claude-response-body break-words whitespace-normal leading-[1.7]\">&#8220;Trescientos a\u00f1os de historia, trescientos a\u00f1os de una enorme tradici\u00f3n, de un enorme legado que son nuestros arcos. Va a ser una noche recordada por muchos a\u00f1os&#8221;, expres\u00f3 el alcalde durante el evento.<\/p>\n\n\n\n<p class=\"font-claude-response-body break-words whitespace-normal leading-[1.7]\"><strong>Cinco escenarios, una sola ciudad<\/strong><\/p>\n\n\n\n<p class=\"font-claude-response-body break-words whitespace-normal leading-[1.7]\">La Calzada de los Arcos se transform\u00f3 en un gran foro cultural con cinco escenarios tem\u00e1ticos: Folklor y Tradiciones, DJ&#8217;s, Quer\u00e9taro Tierra de Compositores y Cantantes, Del Rock al Danz\u00f3n, y el escenario principal donde el espect\u00e1culo de drones dibuj\u00f3 figuras en el cielo queretano como momento cumbre de la noche.<\/p>\n\n\n\n<p class=\"font-claude-response-body break-words whitespace-normal leading-[1.7]\"><strong>Tres siglos de historia viva<\/strong><\/p>\n\n\n\n<p class=\"font-claude-response-body break-words whitespace-normal leading-[1.7]\">Construido a partir de 1726 por encargo de Don Juan Antonio de Urrutia y Arana, Marqu\u00e9s de la Villa del Villar del \u00c1guila, el Acueducto represent\u00f3 en su \u00e9poca la infraestructura hidr\u00e1ulica m\u00e1s importante de la Nueva Espa\u00f1a y fue clave para el desarrollo y prosperidad de Quer\u00e9taro. Hoy, 300 a\u00f1os despu\u00e9s, sigue siendo el s\u00edmbolo m\u00e1s reconocido de la ciudad ante el mundo.<\/p>\n\n\n\n<hr class=\"wp-block-separator has-alpha-channel-opacity\"\/>\n\n\n\n<p class=\"font-claude-response-body break-words whitespace-normal leading-[1.7]\"><\/p>\n","protected":false},"excerpt":{"rendered":"<p>El presidente municipal Felifer Mac\u00edas encabez\u00f3 una noche hist\u00f3rica en la Calzada de los Arcos:&#8230;<\/p>\n","protected":false},"author":1,"featured_media":2178,"comment_status":"closed","ping_status":"open","sticky":false,"template":"","format":"standard","meta":{"om_disable_all_campaigns":false,"_monsterinsights_skip_tracking":false,"_monsterinsights_sitenote_active":false,"_monsterinsights_sitenote_note":"","_monsterinsights_sitenote_category":0,"footnotes":""},"categories":[1],"tags":[175,169,174,170,77,117,171,172,173],"class_list":["post-2179","post","type-post","status-publish","format-standard","has-post-thumbnail","hentry","category-blog","tag-acueducto-queretaro-300-anos","tag-arcos-de-queretaro-aniversario","tag-calzada-de-los-arcos","tag-celebracion-queretaro-2026","tag-felifer-macias","tag-historia-queretaro","tag-marques-villa-del-villar-del-aguila","tag-patrimonio-historico-queretaro","tag-show-de-drones-queretaro"],"aioseo_notices":[],"_links":{"self":[{"href":"https:\/\/elprogresivo.mx\/index.php\/wp-json\/wp\/v2\/posts\/2179","targetHints":{"allow":["GET"]}}],"collection":[{"href":"https:\/\/elprogresivo.mx\/index.php\/wp-json\/wp\/v2\/posts"}],"about":[{"href":"https:\/\/elprogresivo.mx\/index.php\/wp-json\/wp\/v2\/types\/post"}],"author":[{"embeddable":true,"href":"https:\/\/elprogresivo.mx\/index.php\/wp-json\/wp\/v2\/users\/1"}],"replies":[{"embeddable":true,"href":"https:\/\/elprogresivo.mx\/index.php\/wp-json\/wp\/v2\/comments?post=2179"}],"version-history":[{"count":1,"href":"https:\/\/elprogresivo.mx\/index.php\/wp-json\/wp\/v2\/posts\/2179\/revisions"}],"predecessor-version":[{"id":2180,"href":"https:\/\/elprogresivo.mx\/index.php\/wp-json\/wp\/v2\/posts\/2179\/revisions\/2180"}],"wp:featuredmedia":[{"embeddable":true,"href":"https:\/\/elprogresivo.mx\/index.php\/wp-json\/wp\/v2\/media\/2178"}],"wp:attachment":[{"href":"https:\/\/elprogresivo.mx\/index.php\/wp-json\/wp\/v2\/media?parent=2179"}],"wp:term":[{"taxonomy":"category","embeddable":true,"href":"https:\/\/elprogresivo.mx\/index.php\/wp-json\/wp\/v2\/categories?post=2179"},{"taxonomy":"post_tag","embeddable":true,"href":"https:\/\/elprogresivo.mx\/index.php\/wp-json\/wp\/v2\/tags?post=2179"}],"curies":[{"name":"wp","href":"https:\/\/api.w.org\/{rel}","templated":true}]}}