{"id":2176,"date":"2026-04-25T23:38:41","date_gmt":"2026-04-25T23:38:41","guid":{"rendered":"https:\/\/elprogresivo.mx\/?p=2176"},"modified":"2026-04-25T23:38:41","modified_gmt":"2026-04-25T23:38:41","slug":"queretaro-lleva-artesania-y-gastronomia-a-ventana-mexico-en-acapulco","status":"publish","type":"post","link":"https:\/\/elprogresivo.mx\/index.php\/2026\/04\/25\/queretaro-lleva-artesania-y-gastronomia-a-ventana-mexico-en-acapulco\/","title":{"rendered":"Quer\u00e9taro lleva artesan\u00eda y gastronom\u00eda a &#8220;Ventana M\u00e9xico&#8221; en Acapulco"},"content":{"rendered":"\n<p class=\"font-claude-response-body break-words whitespace-normal leading-[1.7]\">Previo al arranque del Tianguis Tur\u00edstico de M\u00e9xico, el director de Promoci\u00f3n Tur\u00edstica de la Secretar\u00eda de Turismo de Quer\u00e9taro, Rodrigo Ibarra Lozano, particip\u00f3 en la inauguraci\u00f3n del espacio &#8220;Ventana M\u00e9xico&#8221; en la Plaza Quebec de Acapulco, Guerrero, una plataforma nacional de exhibici\u00f3n, venta y demostraci\u00f3n artesanal y gastron\u00f3mica que re\u00fane a las 32 entidades federativas del pa\u00eds.<\/p>\n\n\n\n<p class=\"font-claude-response-body break-words whitespace-normal leading-[1.7]\">La exposici\u00f3n, disponible los d\u00edas&nbsp;<strong>25 y 26 de abril<\/strong>, permite a los estados comercializar artesan\u00edas, mostrar en vivo su elaboraci\u00f3n y ofrecer experiencias gastron\u00f3micas a los visitantes. La ceremonia de inauguraci\u00f3n cont\u00f3 con la presencia de la secretaria de Turismo federal, Josefina Rodr\u00edguez Zamora, as\u00ed como autoridades estatales y municipales de Guerrero y Acapulco.<\/p>\n","protected":false},"excerpt":{"rendered":"<p>Previo al arranque del Tianguis Tur\u00edstico de M\u00e9xico, el director de Promoci\u00f3n Tur\u00edstica de la&#8230;<\/p>\n","protected":false},"author":1,"featured_media":2175,"comment_status":"closed","ping_status":"open","sticky":false,"template":"","format":"standard","meta":{"om_disable_all_campaigns":false,"_monsterinsights_skip_tracking":false,"_monsterinsights_sitenote_active":false,"_monsterinsights_sitenote_note":"","_monsterinsights_sitenote_category":0,"footnotes":""},"categories":[70],"tags":[164,163,166,167,162,168,165,160],"class_list":["post-2176","post","type-post","status-publish","format-standard","has-post-thumbnail","hentry","category-destacado","tag-artesanias-queretaro","tag-gastronomia-queretaro","tag-plaza-quebec-acapulco","tag-promocion-turistica-queretaro","tag-sectur-queretaro","tag-tianguis-turistico-mexico-2026","tag-turismo-acapulco","tag-ventana-mexico-acapulco"],"aioseo_notices":[],"_links":{"self":[{"href":"https:\/\/elprogresivo.mx\/index.php\/wp-json\/wp\/v2\/posts\/2176","targetHints":{"allow":["GET"]}}],"collection":[{"href":"https:\/\/elprogresivo.mx\/index.php\/wp-json\/wp\/v2\/posts"}],"about":[{"href":"https:\/\/elprogresivo.mx\/index.php\/wp-json\/wp\/v2\/types\/post"}],"author":[{"embeddable":true,"href":"https:\/\/elprogresivo.mx\/index.php\/wp-json\/wp\/v2\/users\/1"}],"replies":[{"embeddable":true,"href":"https:\/\/elprogresivo.mx\/index.php\/wp-json\/wp\/v2\/comments?post=2176"}],"version-history":[{"count":1,"href":"https:\/\/elprogresivo.mx\/index.php\/wp-json\/wp\/v2\/posts\/2176\/revisions"}],"predecessor-version":[{"id":2177,"href":"https:\/\/elprogresivo.mx\/index.php\/wp-json\/wp\/v2\/posts\/2176\/revisions\/2177"}],"wp:featuredmedia":[{"embeddable":true,"href":"https:\/\/elprogresivo.mx\/index.php\/wp-json\/wp\/v2\/media\/2175"}],"wp:attachment":[{"href":"https:\/\/elprogresivo.mx\/index.php\/wp-json\/wp\/v2\/media?parent=2176"}],"wp:term":[{"taxonomy":"category","embeddable":true,"href":"https:\/\/elprogresivo.mx\/index.php\/wp-json\/wp\/v2\/categories?post=2176"},{"taxonomy":"post_tag","embeddable":true,"href":"https:\/\/elprogresivo.mx\/index.php\/wp-json\/wp\/v2\/tags?post=2176"}],"curies":[{"name":"wp","href":"https:\/\/api.w.org\/{rel}","templated":true}]}}