{"id":2073,"date":"2026-04-21T21:22:47","date_gmt":"2026-04-21T21:22:47","guid":{"rendered":"https:\/\/elprogresivo.mx\/?p=2073"},"modified":"2026-04-21T21:22:47","modified_gmt":"2026-04-21T21:22:47","slug":"500-mil-pesos-para-proyectos-en-barrios-y-comnidades-de-queretaro","status":"publish","type":"post","link":"https:\/\/elprogresivo.mx\/index.php\/2026\/04\/21\/500-mil-pesos-para-proyectos-en-barrios-y-comnidades-de-queretaro\/","title":{"rendered":"$500 mil pesos para proyectos en barrios y comnidades de Quer\u00e9taro"},"content":{"rendered":"\n<p>La Secretar\u00eda de Cultura de Quer\u00e9taro (Secult) abri\u00f3 la convocatoria &#8220;Cultura en Comunidades y Barrios, primer semestre 2026&#8221;, una oportunidad econ\u00f3mica para artistas, colectivos, gestores y agentes culturales con residencia en el estado que quieran llevar el arte a los espacios p\u00fablicos de colonias y comunidades hist\u00f3ricamente marginadas.<\/p>\n\n\n\n<p>El programa forma parte de la iniciativa &#8220;Contigo, la Cultura al Siguiente Nivel&#8221; y busca transformar plazas, parques y puntos de encuentro barriales en escenarios de expresi\u00f3n art\u00edstica contempor\u00e1nea, tradicional y emergente.<\/p>\n\n\n\n<p><strong>\u00bfCu\u00e1nto dinero puedes recibir?<\/strong><\/p>\n\n\n\n<p>El fondo total disponible asciende a <strong>500 mil pesos<\/strong>, distribuidos en dos modalidades de apoyo:<\/p>\n\n\n\n<ul class=\"wp-block-list\">\n<li><strong>Talleres de sensibilizaci\u00f3n y formaci\u00f3n art\u00edstica y comunitaria<\/strong>: hasta mil pesos por hora de taller.<\/li>\n\n\n\n<li><strong>Proyectos de cultura comunitaria, cultura de paz e intervenciones art\u00edsticas<\/strong>: hasta mil pesos por hora de ejecuci\u00f3n.<\/li>\n<\/ul>\n\n\n\n<p>Los recursos se entregan en una sola exhibici\u00f3n una vez que los proyectos sean seleccionados.<\/p>\n\n\n\n<p><strong>Fechas clave<\/strong><\/p>\n\n\n\n<p>La recepci\u00f3n de propuestas cierra el <strong>17 de mayo de 2026<\/strong>. Los resultados se anunciar\u00e1n a m\u00e1s tardar el <strong>30 de junio<\/strong> en el sitio oficial de la Secult, donde tambi\u00e9n se pueden consultar las bases completas de la convocatoria.<\/p>\n\n\n\n<p><strong>\u00bfC\u00f3mo participar?<\/strong><\/p>\n\n\n\n<p>Para resolver dudas o solicitar informaci\u00f3n adicional, la Secretar\u00eda habilit\u00f3 los siguientes canales de contacto:<\/p>\n\n\n\n<ul class=\"wp-block-list\">\n<li><strong>Correo:<\/strong> <a href=\"mailto:comunidadesybarrios@gmail.com\">comunidadesybarrios@gmail.com<\/a><\/li>\n\n\n\n<li><strong>Tel\u00e9fono:<\/strong> 442 251 9850, ext. 1002<\/li>\n<\/ul>\n","protected":false},"excerpt":{"rendered":"<p>La Secretar\u00eda de Cultura de Quer\u00e9taro (Secult) abri\u00f3 la convocatoria &#8220;Cultura en Comunidades y Barrios,&#8230;<\/p>\n","protected":false},"author":1,"featured_media":2074,"comment_status":"open","ping_status":"open","sticky":false,"template":"","format":"standard","meta":{"om_disable_all_campaigns":false,"_monsterinsights_skip_tracking":false,"footnotes":"","jetpack_publicize_message":"","jetpack_publicize_feature_enabled":true,"jetpack_social_post_already_shared":false,"jetpack_social_options":{"image_generator_settings":{"template":"highway","default_image_id":0,"font":"","enabled":false},"version":2}},"categories":[1],"tags":[],"class_list":["post-2073","post","type-post","status-publish","format-standard","has-post-thumbnail","hentry","category-blog"],"aioseo_notices":[],"aioseo_head":"\n\t\t<!-- All in One SEO 5.0.1.1 - aioseo.com -->\n\t<meta name=\"description\" content=\"La Secretar\u00eda de Cultura de Quer\u00e9taro (Secult) abri\u00f3 la convocatoria &quot;Cultura en Comunidades y Barrios, primer semestre 2026&quot;, una oportunidad econ\u00f3mica para artistas, colectivos, gestores y agentes culturales con residencia en el estado que quieran llevar el arte a los espacios p\u00fablicos de colonias y comunidades hist\u00f3ricamente marginadas. El programa forma parte de la iniciativa\" \/>\n\t<meta name=\"robots\" content=\"max-image-preview:large\" \/>\n\t<meta name=\"author\" content=\"elprogresivo.mx\"\/>\n\t<link rel=\"canonical\" href=\"https:\/\/elprogresivo.mx\/index.php\/2026\/04\/21\/500-mil-pesos-para-proyectos-en-barrios-y-comnidades-de-queretaro\/\" \/>\n\t<meta name=\"generator\" content=\"All in One SEO (AIOSEO) 5.0.1.1\" \/>\n\t\t<meta property=\"og:locale\" content=\"es_MX\" \/>\n\t\t<meta property=\"og:site_name\" content=\"elprogresivo.mx - Construimos una nueva etapa en informaci\u00f3n\" \/>\n\t\t<meta property=\"og:type\" content=\"article\" \/>\n\t\t<meta property=\"og:title\" content=\"$500 mil pesos para proyectos en barrios y comnidades de Quer\u00e9taro - elprogresivo.mx\" \/>\n\t\t<meta property=\"og:description\" content=\"La Secretar\u00eda de Cultura de Quer\u00e9taro (Secult) abri\u00f3 la convocatoria &quot;Cultura en Comunidades y Barrios, primer semestre 2026&quot;, una oportunidad econ\u00f3mica para artistas, colectivos, gestores y agentes culturales con residencia en el estado que quieran llevar el arte a los espacios p\u00fablicos de colonias y comunidades hist\u00f3ricamente marginadas. El programa forma parte de la iniciativa\" \/>\n\t\t<meta property=\"og:url\" content=\"https:\/\/elprogresivo.mx\/index.php\/2026\/04\/21\/500-mil-pesos-para-proyectos-en-barrios-y-comnidades-de-queretaro\/\" \/>\n\t\t<meta property=\"og:image\" content=\"https:\/\/elprogresivo.mx\/wp-content\/uploads\/2024\/02\/cropped-LogoBlanco.png\" \/>\n\t\t<meta property=\"og:image:secure_url\" content=\"https:\/\/elprogresivo.mx\/wp-content\/uploads\/2024\/02\/cropped-LogoBlanco.png\" \/>\n\t\t<meta property=\"article:published_time\" content=\"2026-04-21T21:22:47+00:00\" \/>\n\t\t<meta property=\"article:modified_time\" content=\"2026-04-21T21:22:47+00:00\" \/>\n\t\t<meta name=\"twitter:card\" content=\"summary_large_image\" \/>\n\t\t<meta name=\"twitter:title\" content=\"$500 mil pesos para proyectos en barrios y comnidades de Quer\u00e9taro - elprogresivo.mx\" \/>\n\t\t<meta name=\"twitter:description\" content=\"La Secretar\u00eda de Cultura de Quer\u00e9taro (Secult) abri\u00f3 la convocatoria &quot;Cultura en Comunidades y Barrios, primer semestre 2026&quot;, una oportunidad econ\u00f3mica para artistas, colectivos, gestores y agentes culturales con residencia en el estado que quieran llevar el arte a los espacios p\u00fablicos de colonias y comunidades hist\u00f3ricamente marginadas. El programa forma parte de la iniciativa\" \/>\n\t\t<meta name=\"twitter:image\" content=\"https:\/\/elprogresivo.mx\/wp-content\/uploads\/2024\/02\/cropped-LogoBlanco.png\" \/>\n\t\t<script type=\"application\/ld+json\" class=\"aioseo-schema\">\n\t\t\t{\"@context\":\"https:\\\/\\\/schema.org\",\"@graph\":[{\"@type\":\"BlogPosting\",\"@id\":\"https:\\\/\\\/elprogresivo.mx\\\/index.php\\\/2026\\\/04\\\/21\\\/500-mil-pesos-para-proyectos-en-barrios-y-comnidades-de-queretaro\\\/#blogposting\",\"name\":\"$500 mil pesos para proyectos en barrios y comnidades de Quer\\u00e9taro - elprogresivo.mx\",\"headline\":\"$500 mil pesos para proyectos en barrios y comnidades de Quer\\u00e9taro\",\"author\":{\"@id\":\"https:\\\/\\\/elprogresivo.mx\\\/index.php\\\/author\\\/elprogresivo-mx\\\/#author\"},\"publisher\":{\"@id\":\"https:\\\/\\\/elprogresivo.mx\\\/#organization\"},\"image\":{\"@type\":\"ImageObject\",\"url\":\"https:\\\/\\\/elprogresivo.mx\\\/wp-content\\\/uploads\\\/2026\\\/04\\\/71_273_51202_825676695_21_04_26_Comunidades2.jpeg\",\"width\":1600,\"height\":900},\"datePublished\":\"2026-04-21T21:22:47+00:00\",\"dateModified\":\"2026-04-21T21:22:47+00:00\",\"inLanguage\":\"es-MX\",\"mainEntityOfPage\":{\"@id\":\"https:\\\/\\\/elprogresivo.mx\\\/index.php\\\/2026\\\/04\\\/21\\\/500-mil-pesos-para-proyectos-en-barrios-y-comnidades-de-queretaro\\\/#webpage\"},\"isPartOf\":{\"@id\":\"https:\\\/\\\/elprogresivo.mx\\\/index.php\\\/2026\\\/04\\\/21\\\/500-mil-pesos-para-proyectos-en-barrios-y-comnidades-de-queretaro\\\/#webpage\"},\"articleSection\":\"Blog\"},{\"@type\":\"BreadcrumbList\",\"@id\":\"https:\\\/\\\/elprogresivo.mx\\\/index.php\\\/2026\\\/04\\\/21\\\/500-mil-pesos-para-proyectos-en-barrios-y-comnidades-de-queretaro\\\/#breadcrumblist\",\"itemListElement\":[{\"@type\":\"ListItem\",\"@id\":\"https:\\\/\\\/elprogresivo.mx#listItem\",\"position\":1,\"name\":\"Home\",\"item\":\"https:\\\/\\\/elprogresivo.mx\",\"nextItem\":{\"@type\":\"ListItem\",\"@id\":\"https:\\\/\\\/elprogresivo.mx\\\/index.php\\\/category\\\/blog\\\/#listItem\",\"name\":\"Blog\"}},{\"@type\":\"ListItem\",\"@id\":\"https:\\\/\\\/elprogresivo.mx\\\/index.php\\\/category\\\/blog\\\/#listItem\",\"position\":2,\"name\":\"Blog\",\"item\":\"https:\\\/\\\/elprogresivo.mx\\\/index.php\\\/category\\\/blog\\\/\",\"nextItem\":{\"@type\":\"ListItem\",\"@id\":\"https:\\\/\\\/elprogresivo.mx\\\/index.php\\\/2026\\\/04\\\/21\\\/500-mil-pesos-para-proyectos-en-barrios-y-comnidades-de-queretaro\\\/#listItem\",\"name\":\"$500 mil pesos para proyectos en barrios y comnidades de Quer\\u00e9taro\"},\"previousItem\":{\"@type\":\"ListItem\",\"@id\":\"https:\\\/\\\/elprogresivo.mx#listItem\",\"name\":\"Home\"}},{\"@type\":\"ListItem\",\"@id\":\"https:\\\/\\\/elprogresivo.mx\\\/index.php\\\/2026\\\/04\\\/21\\\/500-mil-pesos-para-proyectos-en-barrios-y-comnidades-de-queretaro\\\/#listItem\",\"position\":3,\"name\":\"$500 mil pesos para proyectos en barrios y comnidades de Quer\\u00e9taro\",\"previousItem\":{\"@type\":\"ListItem\",\"@id\":\"https:\\\/\\\/elprogresivo.mx\\\/index.php\\\/category\\\/blog\\\/#listItem\",\"name\":\"Blog\"}}]},{\"@type\":\"Organization\",\"@id\":\"https:\\\/\\\/elprogresivo.mx\\\/#organization\",\"name\":\"elprogresivo.mx\",\"description\":\"Construimos una nueva etapa en informaci\\u00f3n\",\"url\":\"https:\\\/\\\/elprogresivo.mx\\\/\",\"logo\":{\"@type\":\"ImageObject\",\"url\":\"https:\\\/\\\/elprogresivo.mx\\\/wp-content\\\/uploads\\\/2024\\\/02\\\/cropped-LogoBlanco.png\",\"@id\":\"https:\\\/\\\/elprogresivo.mx\\\/index.php\\\/2026\\\/04\\\/21\\\/500-mil-pesos-para-proyectos-en-barrios-y-comnidades-de-queretaro\\\/#organizationLogo\",\"width\":2096,\"height\":332},\"image\":{\"@id\":\"https:\\\/\\\/elprogresivo.mx\\\/index.php\\\/2026\\\/04\\\/21\\\/500-mil-pesos-para-proyectos-en-barrios-y-comnidades-de-queretaro\\\/#organizationLogo\"}},{\"@type\":\"Person\",\"@id\":\"https:\\\/\\\/elprogresivo.mx\\\/index.php\\\/author\\\/elprogresivo-mx\\\/#author\",\"url\":\"https:\\\/\\\/elprogresivo.mx\\\/index.php\\\/author\\\/elprogresivo-mx\\\/\",\"name\":\"elprogresivo.mx\",\"image\":{\"@type\":\"ImageObject\",\"@id\":\"https:\\\/\\\/elprogresivo.mx\\\/index.php\\\/2026\\\/04\\\/21\\\/500-mil-pesos-para-proyectos-en-barrios-y-comnidades-de-queretaro\\\/#authorImage\",\"url\":\"https:\\\/\\\/secure.gravatar.com\\\/avatar\\\/f8f619b2b94bf196501220695d5a6b8552763754143ed0ab1cf99ef065ae37cf?s=96&d=mm&r=g\",\"width\":96,\"height\":96,\"caption\":\"elprogresivo.mx\"}},{\"@type\":\"WebPage\",\"@id\":\"https:\\\/\\\/elprogresivo.mx\\\/index.php\\\/2026\\\/04\\\/21\\\/500-mil-pesos-para-proyectos-en-barrios-y-comnidades-de-queretaro\\\/#webpage\",\"url\":\"https:\\\/\\\/elprogresivo.mx\\\/index.php\\\/2026\\\/04\\\/21\\\/500-mil-pesos-para-proyectos-en-barrios-y-comnidades-de-queretaro\\\/\",\"name\":\"$500 mil pesos para proyectos en barrios y comnidades de Quer\\u00e9taro - elprogresivo.mx\",\"description\":\"La Secretar\\u00eda de Cultura de Quer\\u00e9taro (Secult) abri\\u00f3 la convocatoria \\\"Cultura en Comunidades y Barrios, primer semestre 2026\\\", una oportunidad econ\\u00f3mica para artistas, colectivos, gestores y agentes culturales con residencia en el estado que quieran llevar el arte a los espacios p\\u00fablicos de colonias y comunidades hist\\u00f3ricamente marginadas. El programa forma parte de la iniciativa\",\"inLanguage\":\"es-MX\",\"isPartOf\":{\"@id\":\"https:\\\/\\\/elprogresivo.mx\\\/#website\"},\"breadcrumb\":{\"@id\":\"https:\\\/\\\/elprogresivo.mx\\\/index.php\\\/2026\\\/04\\\/21\\\/500-mil-pesos-para-proyectos-en-barrios-y-comnidades-de-queretaro\\\/#breadcrumblist\"},\"author\":{\"@id\":\"https:\\\/\\\/elprogresivo.mx\\\/index.php\\\/author\\\/elprogresivo-mx\\\/#author\"},\"creator\":{\"@id\":\"https:\\\/\\\/elprogresivo.mx\\\/index.php\\\/author\\\/elprogresivo-mx\\\/#author\"},\"image\":{\"@type\":\"ImageObject\",\"url\":\"https:\\\/\\\/elprogresivo.mx\\\/wp-content\\\/uploads\\\/2026\\\/04\\\/71_273_51202_825676695_21_04_26_Comunidades2.jpeg\",\"@id\":\"https:\\\/\\\/elprogresivo.mx\\\/index.php\\\/2026\\\/04\\\/21\\\/500-mil-pesos-para-proyectos-en-barrios-y-comnidades-de-queretaro\\\/#mainImage\",\"width\":1600,\"height\":900},\"primaryImageOfPage\":{\"@id\":\"https:\\\/\\\/elprogresivo.mx\\\/index.php\\\/2026\\\/04\\\/21\\\/500-mil-pesos-para-proyectos-en-barrios-y-comnidades-de-queretaro\\\/#mainImage\"},\"datePublished\":\"2026-04-21T21:22:47+00:00\",\"dateModified\":\"2026-04-21T21:22:47+00:00\"},{\"@type\":\"WebSite\",\"@id\":\"https:\\\/\\\/elprogresivo.mx\\\/#website\",\"url\":\"https:\\\/\\\/elprogresivo.mx\\\/\",\"name\":\"elprogresivo.mx\",\"description\":\"Construimos una nueva etapa en informaci\\u00f3n\",\"inLanguage\":\"es-MX\",\"publisher\":{\"@id\":\"https:\\\/\\\/elprogresivo.mx\\\/#organization\"}}]}\n\t\t<\/script>\n\t\t<!-- All in One SEO -->\n\n","aioseo_head_json":{"title":"$500 mil pesos para proyectos en barrios y comnidades de Quer\u00e9taro - elprogresivo.mx","description":"La Secretar\u00eda de Cultura de Quer\u00e9taro (Secult) abri\u00f3 la convocatoria \"Cultura en Comunidades y Barrios, primer semestre 2026\", una oportunidad econ\u00f3mica para artistas, colectivos, gestores y agentes culturales con residencia en el estado que quieran llevar el arte a los espacios p\u00fablicos de colonias y comunidades hist\u00f3ricamente marginadas. El programa forma parte de la iniciativa","canonical_url":"https:\/\/elprogresivo.mx\/index.php\/2026\/04\/21\/500-mil-pesos-para-proyectos-en-barrios-y-comnidades-de-queretaro\/","robots":"max-image-preview:large","keywords":"","webmasterTools":{"miscellaneous":""},"schema":{"@context":"https:\/\/schema.org","@graph":[{"@type":"BlogPosting","@id":"https:\/\/elprogresivo.mx\/index.php\/2026\/04\/21\/500-mil-pesos-para-proyectos-en-barrios-y-comnidades-de-queretaro\/#blogposting","name":"$500 mil pesos para proyectos en barrios y comnidades de Quer\u00e9taro - elprogresivo.mx","headline":"$500 mil pesos para proyectos en barrios y comnidades de Quer\u00e9taro","author":{"@id":"https:\/\/elprogresivo.mx\/index.php\/author\/elprogresivo-mx\/#author"},"publisher":{"@id":"https:\/\/elprogresivo.mx\/#organization"},"image":{"@type":"ImageObject","url":"https:\/\/elprogresivo.mx\/wp-content\/uploads\/2026\/04\/71_273_51202_825676695_21_04_26_Comunidades2.jpeg","width":1600,"height":900},"datePublished":"2026-04-21T21:22:47+00:00","dateModified":"2026-04-21T21:22:47+00:00","inLanguage":"es-MX","mainEntityOfPage":{"@id":"https:\/\/elprogresivo.mx\/index.php\/2026\/04\/21\/500-mil-pesos-para-proyectos-en-barrios-y-comnidades-de-queretaro\/#webpage"},"isPartOf":{"@id":"https:\/\/elprogresivo.mx\/index.php\/2026\/04\/21\/500-mil-pesos-para-proyectos-en-barrios-y-comnidades-de-queretaro\/#webpage"},"articleSection":"Blog"},{"@type":"BreadcrumbList","@id":"https:\/\/elprogresivo.mx\/index.php\/2026\/04\/21\/500-mil-pesos-para-proyectos-en-barrios-y-comnidades-de-queretaro\/#breadcrumblist","itemListElement":[{"@type":"ListItem","@id":"https:\/\/elprogresivo.mx#listItem","position":1,"name":"Home","item":"https:\/\/elprogresivo.mx","nextItem":{"@type":"ListItem","@id":"https:\/\/elprogresivo.mx\/index.php\/category\/blog\/#listItem","name":"Blog"}},{"@type":"ListItem","@id":"https:\/\/elprogresivo.mx\/index.php\/category\/blog\/#listItem","position":2,"name":"Blog","item":"https:\/\/elprogresivo.mx\/index.php\/category\/blog\/","nextItem":{"@type":"ListItem","@id":"https:\/\/elprogresivo.mx\/index.php\/2026\/04\/21\/500-mil-pesos-para-proyectos-en-barrios-y-comnidades-de-queretaro\/#listItem","name":"$500 mil pesos para proyectos en barrios y comnidades de Quer\u00e9taro"},"previousItem":{"@type":"ListItem","@id":"https:\/\/elprogresivo.mx#listItem","name":"Home"}},{"@type":"ListItem","@id":"https:\/\/elprogresivo.mx\/index.php\/2026\/04\/21\/500-mil-pesos-para-proyectos-en-barrios-y-comnidades-de-queretaro\/#listItem","position":3,"name":"$500 mil pesos para proyectos en barrios y comnidades de Quer\u00e9taro","previousItem":{"@type":"ListItem","@id":"https:\/\/elprogresivo.mx\/index.php\/category\/blog\/#listItem","name":"Blog"}}]},{"@type":"Organization","@id":"https:\/\/elprogresivo.mx\/#organization","name":"elprogresivo.mx","description":"Construimos una nueva etapa en informaci\u00f3n","url":"https:\/\/elprogresivo.mx\/","logo":{"@type":"ImageObject","url":"https:\/\/elprogresivo.mx\/wp-content\/uploads\/2024\/02\/cropped-LogoBlanco.png","@id":"https:\/\/elprogresivo.mx\/index.php\/2026\/04\/21\/500-mil-pesos-para-proyectos-en-barrios-y-comnidades-de-queretaro\/#organizationLogo","width":2096,"height":332},"image":{"@id":"https:\/\/elprogresivo.mx\/index.php\/2026\/04\/21\/500-mil-pesos-para-proyectos-en-barrios-y-comnidades-de-queretaro\/#organizationLogo"}},{"@type":"Person","@id":"https:\/\/elprogresivo.mx\/index.php\/author\/elprogresivo-mx\/#author","url":"https:\/\/elprogresivo.mx\/index.php\/author\/elprogresivo-mx\/","name":"elprogresivo.mx","image":{"@type":"ImageObject","@id":"https:\/\/elprogresivo.mx\/index.php\/2026\/04\/21\/500-mil-pesos-para-proyectos-en-barrios-y-comnidades-de-queretaro\/#authorImage","url":"https:\/\/secure.gravatar.com\/avatar\/f8f619b2b94bf196501220695d5a6b8552763754143ed0ab1cf99ef065ae37cf?s=96&d=mm&r=g","width":96,"height":96,"caption":"elprogresivo.mx"}},{"@type":"WebPage","@id":"https:\/\/elprogresivo.mx\/index.php\/2026\/04\/21\/500-mil-pesos-para-proyectos-en-barrios-y-comnidades-de-queretaro\/#webpage","url":"https:\/\/elprogresivo.mx\/index.php\/2026\/04\/21\/500-mil-pesos-para-proyectos-en-barrios-y-comnidades-de-queretaro\/","name":"$500 mil pesos para proyectos en barrios y comnidades de Quer\u00e9taro - elprogresivo.mx","description":"La Secretar\u00eda de Cultura de Quer\u00e9taro (Secult) abri\u00f3 la convocatoria \"Cultura en Comunidades y Barrios, primer semestre 2026\", una oportunidad econ\u00f3mica para artistas, colectivos, gestores y agentes culturales con residencia en el estado que quieran llevar el arte a los espacios p\u00fablicos de colonias y comunidades hist\u00f3ricamente marginadas. El programa forma parte de la iniciativa","inLanguage":"es-MX","isPartOf":{"@id":"https:\/\/elprogresivo.mx\/#website"},"breadcrumb":{"@id":"https:\/\/elprogresivo.mx\/index.php\/2026\/04\/21\/500-mil-pesos-para-proyectos-en-barrios-y-comnidades-de-queretaro\/#breadcrumblist"},"author":{"@id":"https:\/\/elprogresivo.mx\/index.php\/author\/elprogresivo-mx\/#author"},"creator":{"@id":"https:\/\/elprogresivo.mx\/index.php\/author\/elprogresivo-mx\/#author"},"image":{"@type":"ImageObject","url":"https:\/\/elprogresivo.mx\/wp-content\/uploads\/2026\/04\/71_273_51202_825676695_21_04_26_Comunidades2.jpeg","@id":"https:\/\/elprogresivo.mx\/index.php\/2026\/04\/21\/500-mil-pesos-para-proyectos-en-barrios-y-comnidades-de-queretaro\/#mainImage","width":1600,"height":900},"primaryImageOfPage":{"@id":"https:\/\/elprogresivo.mx\/index.php\/2026\/04\/21\/500-mil-pesos-para-proyectos-en-barrios-y-comnidades-de-queretaro\/#mainImage"},"datePublished":"2026-04-21T21:22:47+00:00","dateModified":"2026-04-21T21:22:47+00:00"},{"@type":"WebSite","@id":"https:\/\/elprogresivo.mx\/#website","url":"https:\/\/elprogresivo.mx\/","name":"elprogresivo.mx","description":"Construimos una nueva etapa en informaci\u00f3n","inLanguage":"es-MX","publisher":{"@id":"https:\/\/elprogresivo.mx\/#organization"}}]},"og:locale":"es_MX","og:site_name":"elprogresivo.mx - Construimos una nueva etapa en informaci\u00f3n","og:type":"article","og:title":"$500 mil pesos para proyectos en barrios y comnidades de Quer\u00e9taro - elprogresivo.mx","og:description":"La Secretar\u00eda de Cultura de Quer\u00e9taro (Secult) abri\u00f3 la convocatoria &quot;Cultura en Comunidades y Barrios, primer semestre 2026&quot;, una oportunidad econ\u00f3mica para artistas, colectivos, gestores y agentes culturales con residencia en el estado que quieran llevar el arte a los espacios p\u00fablicos de colonias y comunidades hist\u00f3ricamente marginadas. El programa forma parte de la iniciativa","og:url":"https:\/\/elprogresivo.mx\/index.php\/2026\/04\/21\/500-mil-pesos-para-proyectos-en-barrios-y-comnidades-de-queretaro\/","og:image":"https:\/\/elprogresivo.mx\/wp-content\/uploads\/2024\/02\/cropped-LogoBlanco.png","og:image:secure_url":"https:\/\/elprogresivo.mx\/wp-content\/uploads\/2024\/02\/cropped-LogoBlanco.png","article:published_time":"2026-04-21T21:22:47+00:00","article:modified_time":"2026-04-21T21:22:47+00:00","twitter:card":"summary_large_image","twitter:title":"$500 mil pesos para proyectos en barrios y comnidades de Quer\u00e9taro - elprogresivo.mx","twitter:description":"La Secretar\u00eda de Cultura de Quer\u00e9taro (Secult) abri\u00f3 la convocatoria &quot;Cultura en Comunidades y Barrios, primer semestre 2026&quot;, una oportunidad econ\u00f3mica para artistas, colectivos, gestores y agentes culturales con residencia en el estado que quieran llevar el arte a los espacios p\u00fablicos de colonias y comunidades hist\u00f3ricamente marginadas. El programa forma parte de la iniciativa","twitter:image":"https:\/\/elprogresivo.mx\/wp-content\/uploads\/2024\/02\/cropped-LogoBlanco.png"},"aioseo_meta_data":{"post_id":"2073","title":null,"description":null,"keywords":null,"keyphrases":{"focus":{"keyphrase":"","score":0,"analysis":{"keyphraseInTitle":{"score":0,"maxScore":9,"error":1}}},"additional":[]},"primary_term":null,"canonical_url":null,"og_title":null,"og_description":null,"og_object_type":"default","og_image_type":"default","og_image_url":null,"og_image_width":null,"og_image_height":null,"og_image_custom_url":null,"og_image_custom_fields":null,"og_video":"","og_custom_url":null,"og_article_section":null,"og_article_tags":null,"twitter_use_og":false,"twitter_card":"default","twitter_image_type":"default","twitter_image_url":null,"twitter_image_custom_url":null,"twitter_image_custom_fields":null,"twitter_title":null,"twitter_description":null,"schema":{"blockGraphs":[],"customGraphs":[],"default":{"data":{"Article":[],"Course":[],"Dataset":[],"FAQPage":[],"Movie":[],"Person":[],"Product":[],"ProductReview":[],"Car":[],"Recipe":[],"Service":[],"SoftwareApplication":[],"WebPage":[]},"graphName":"BlogPosting","isEnabled":true},"graphs":[]},"schema_type":"default","schema_type_options":null,"pillar_content":false,"robots_default":true,"robots_noindex":false,"robots_noarchive":false,"robots_nosnippet":false,"robots_nofollow":false,"robots_noimageindex":false,"robots_noodp":false,"robots_notranslate":false,"robots_max_snippet":"-1","robots_max_videopreview":"-1","robots_max_imagepreview":"large","priority":null,"frequency":"default","local_seo":null,"limit_modified_date":false,"created":"2026-04-21 21:22:47","updated":"2026-06-19 00:39:49","ai":null,"breadcrumb_settings":null,"seo_analyzer_scan_date":null,"focus_keyword":null,"additional_keywords":null,"truseo_locale":null},"aioseo_breadcrumb":"<div class=\"aioseo-breadcrumbs\"><span class=\"aioseo-breadcrumb\">\n\t\t\t<a href=\"https:\/\/elprogresivo.mx\" title=\"Home\">Home<\/a>\n\t\t<\/span><span class=\"aioseo-breadcrumb-separator\">&raquo;<\/span><span class=\"aioseo-breadcrumb\">\n\t\t\t<a href=\"https:\/\/elprogresivo.mx\/index.php\/category\/blog\/\" title=\"Blog\">Blog<\/a>\n\t\t<\/span><span class=\"aioseo-breadcrumb-separator\">&raquo;<\/span><span class=\"aioseo-breadcrumb\">\n\t\t\t$500 mil pesos para proyectos en barrios y comnidades de Quer\u00e9taro\n\t\t<\/span><\/div>","aioseo_breadcrumb_json":[{"label":"Home","link":"https:\/\/elprogresivo.mx"},{"label":"Blog","link":"https:\/\/elprogresivo.mx\/index.php\/category\/blog\/"},{"label":"$500 mil pesos para proyectos en barrios y comnidades de Quer\u00e9taro","link":"https:\/\/elprogresivo.mx\/index.php\/2026\/04\/21\/500-mil-pesos-para-proyectos-en-barrios-y-comnidades-de-queretaro\/"}],"jetpack_publicize_connections":[],"_links":{"self":[{"href":"https:\/\/elprogresivo.mx\/index.php\/wp-json\/wp\/v2\/posts\/2073","targetHints":{"allow":["GET"]}}],"collection":[{"href":"https:\/\/elprogresivo.mx\/index.php\/wp-json\/wp\/v2\/posts"}],"about":[{"href":"https:\/\/elprogresivo.mx\/index.php\/wp-json\/wp\/v2\/types\/post"}],"author":[{"embeddable":true,"href":"https:\/\/elprogresivo.mx\/index.php\/wp-json\/wp\/v2\/users\/1"}],"replies":[{"embeddable":true,"href":"https:\/\/elprogresivo.mx\/index.php\/wp-json\/wp\/v2\/comments?post=2073"}],"version-history":[{"count":1,"href":"https:\/\/elprogresivo.mx\/index.php\/wp-json\/wp\/v2\/posts\/2073\/revisions"}],"predecessor-version":[{"id":2075,"href":"https:\/\/elprogresivo.mx\/index.php\/wp-json\/wp\/v2\/posts\/2073\/revisions\/2075"}],"wp:featuredmedia":[{"embeddable":true,"href":"https:\/\/elprogresivo.mx\/index.php\/wp-json\/wp\/v2\/media\/2074"}],"wp:attachment":[{"href":"https:\/\/elprogresivo.mx\/index.php\/wp-json\/wp\/v2\/media?parent=2073"}],"wp:term":[{"taxonomy":"category","embeddable":true,"href":"https:\/\/elprogresivo.mx\/index.php\/wp-json\/wp\/v2\/categories?post=2073"},{"taxonomy":"post_tag","embeddable":true,"href":"https:\/\/elprogresivo.mx\/index.php\/wp-json\/wp\/v2\/tags?post=2073"}],"curies":[{"name":"wp","href":"https:\/\/api.w.org\/{rel}","templated":true}]}}