{"id":2060,"date":"2026-04-20T21:06:25","date_gmt":"2026-04-20T21:06:25","guid":{"rendered":"https:\/\/elprogresivo.mx\/?p=2060"},"modified":"2026-04-21T21:07:15","modified_gmt":"2026-04-21T21:07:15","slug":"agua-potable-en-el-romeral-y-los-angeles-con-inversion-de-1-19-mdp","status":"publish","type":"post","link":"https:\/\/elprogresivo.mx\/index.php\/2026\/04\/20\/agua-potable-en-el-romeral-y-los-angeles-con-inversion-de-1-19-mdp\/","title":{"rendered":"Agua potable en El Romeral y Los \u00c1ngeles con inversi\u00f3n de 1.19 mdp"},"content":{"rendered":"\n<p>El presidente municipal de Corregidora, Chepe Guerrero, y el vocal ejecutivo de la Comisi\u00f3n Estatal de Aguas (CEA), Luis Alberto Vega Ricoy, inauguraron una obra de infraestructura hidr\u00e1ulica en las comunidades El Romeral y Los \u00c1ngeles. La inversi\u00f3n de 1.19 millones de pesos mejorar\u00e1 el suministro de agua potable para cerca de 7 mil habitantes de ambas localidades.<\/p>\n\n\n\n<p>La obra fue necesaria tras el abatimiento natural del pozo que abastec\u00eda a las dos comunidades. Ante el deterioro del sistema, el municipio de Corregidora gestion\u00f3 ante la CEA una soluci\u00f3n que garantizara el volumen de agua requerido. Los trabajos incluyeron la construcci\u00f3n de una l\u00ednea de conducci\u00f3n para alimentar el tanque elevado existente, la instalaci\u00f3n del tren de descarga, la construcci\u00f3n de tres cajas de v\u00e1lvulas y la colocaci\u00f3n de diversas piezas especiales.<\/p>\n\n\n\n<p>Chepe Guerrero destac\u00f3 la organizaci\u00f3n y participaci\u00f3n activa de los habitantes de El Romeral y Los \u00c1ngeles como factor clave para la concreci\u00f3n de la obra. &#8220;Da mucho gusto trabajar con una comunidad que se organiza, que se respeta y pone de su parte para resolver el problema&#8221;, se\u00f1al\u00f3 el alcalde, quien reiter\u00f3 el compromiso del municipio de seguir trabajando en coordinaci\u00f3n con la CEA para fortalecer la infraestructura h\u00eddrica en Corregidora.<\/p>\n\n\n\n<p>El vocal ejecutivo de la CEA, Luis Alberto Vega Ricoy, subray\u00f3 que aunque ambas comunidades cuentan con un sistema de agua potable aut\u00f3nomo, el gobierno estatal intervino para atender el deterioro de la infraestructura y asegurar un servicio adecuado que se traduzca en mejor calidad de vida para sus habitantes.<\/p>\n","protected":false},"excerpt":{"rendered":"<p>El presidente municipal de Corregidora, Chepe Guerrero, y el vocal ejecutivo de la Comisi\u00f3n Estatal&#8230;<\/p>\n","protected":false},"author":1,"featured_media":2061,"comment_status":"open","ping_status":"open","sticky":false,"template":"","format":"standard","meta":{"om_disable_all_campaigns":false,"_monsterinsights_skip_tracking":false,"_monsterinsights_sitenote_active":false,"_monsterinsights_sitenote_note":"","_monsterinsights_sitenote_category":0,"footnotes":""},"categories":[1],"tags":[],"class_list":["post-2060","post","type-post","status-publish","format-standard","has-post-thumbnail","hentry","category-blog"],"aioseo_notices":[],"_links":{"self":[{"href":"https:\/\/elprogresivo.mx\/index.php\/wp-json\/wp\/v2\/posts\/2060","targetHints":{"allow":["GET"]}}],"collection":[{"href":"https:\/\/elprogresivo.mx\/index.php\/wp-json\/wp\/v2\/posts"}],"about":[{"href":"https:\/\/elprogresivo.mx\/index.php\/wp-json\/wp\/v2\/types\/post"}],"author":[{"embeddable":true,"href":"https:\/\/elprogresivo.mx\/index.php\/wp-json\/wp\/v2\/users\/1"}],"replies":[{"embeddable":true,"href":"https:\/\/elprogresivo.mx\/index.php\/wp-json\/wp\/v2\/comments?post=2060"}],"version-history":[{"count":1,"href":"https:\/\/elprogresivo.mx\/index.php\/wp-json\/wp\/v2\/posts\/2060\/revisions"}],"predecessor-version":[{"id":2062,"href":"https:\/\/elprogresivo.mx\/index.php\/wp-json\/wp\/v2\/posts\/2060\/revisions\/2062"}],"wp:featuredmedia":[{"embeddable":true,"href":"https:\/\/elprogresivo.mx\/index.php\/wp-json\/wp\/v2\/media\/2061"}],"wp:attachment":[{"href":"https:\/\/elprogresivo.mx\/index.php\/wp-json\/wp\/v2\/media?parent=2060"}],"wp:term":[{"taxonomy":"category","embeddable":true,"href":"https:\/\/elprogresivo.mx\/index.php\/wp-json\/wp\/v2\/categories?post=2060"},{"taxonomy":"post_tag","embeddable":true,"href":"https:\/\/elprogresivo.mx\/index.php\/wp-json\/wp\/v2\/tags?post=2060"}],"curies":[{"name":"wp","href":"https:\/\/api.w.org\/{rel}","templated":true}]}}