{"id":1965,"date":"2026-03-23T18:43:00","date_gmt":"2026-03-23T18:43:00","guid":{"rendered":"https:\/\/elprogresivo.mx\/?p=1965"},"modified":"2026-04-21T18:45:58","modified_gmt":"2026-04-21T18:45:58","slug":"queretaro-en-el-incmty-empresas-queretanas-compiten-con-los-mejores-del-mundo","status":"publish","type":"post","link":"https:\/\/elprogresivo.mx\/index.php\/2026\/03\/23\/queretaro-en-el-incmty-empresas-queretanas-compiten-con-los-mejores-del-mundo\/","title":{"rendered":"Quer\u00e9taro en el incMTY: empresas queretanas compiten con los mejores del mundo"},"content":{"rendered":"\n<p>El incMTY es uno de los encuentros de emprendimiento e innovaci\u00f3n m\u00e1s relevantes de Am\u00e9rica Latina, y Quer\u00e9taro tiene un lugar en \u00e9l. Durante cuatro d\u00edas, Monterrey concentra a l\u00edderes, inversionistas y emprendedores de todo el pa\u00eds con un objetivo claro: acelerar el ecosistema de innovaci\u00f3n mexicano. En ese escenario, la presencia queretana no es simb\u00f3lica, es estrat\u00e9gica.<\/p>\n\n\n\n<p>Compartir foro con delegaciones de Jap\u00f3n \u2014referente mundial en liderazgo industrial\u2014 habla del nivel al que ha llegado el ecosistema emprendedor de Quer\u00e9taro. Empresas como BID Soluciones Integrales, Chale, Instituto Futurum, Sonder Pass e Innova Tech Mujer representaron a la entidad en esta cumbre, demostrando que el estado ha transitado de ser un polo manufacturero a convertirse en un generador de innovaci\u00f3n y valor.<\/p>\n\n\n\n<p>Quer\u00e9taro est\u00e1 respondiendo a las preguntas que hoy se hacen los mercados globales: \u00bfqui\u00e9n puede adaptarse?, \u00bfqui\u00e9n innova?, \u00bfqui\u00e9n colabora? La respuesta, cada vez con m\u00e1s frecuencia, incluye a empresas queretanas. El futuro del emprendimiento en M\u00e9xico se construye hoy, y Quer\u00e9taro lo est\u00e1 construyendo junto a los mejores.<\/p>\n","protected":false},"excerpt":{"rendered":"<p>El incMTY es uno de los encuentros de emprendimiento e innovaci\u00f3n m\u00e1s relevantes de Am\u00e9rica&#8230;<\/p>\n","protected":false},"author":1,"featured_media":1966,"comment_status":"open","ping_status":"open","sticky":false,"template":"","format":"standard","meta":{"om_disable_all_campaigns":false,"_monsterinsights_skip_tracking":false,"footnotes":"","jetpack_publicize_message":"","jetpack_publicize_feature_enabled":true,"jetpack_social_post_already_shared":false,"jetpack_social_options":{"image_generator_settings":{"template":"highway","default_image_id":0,"font":"","enabled":false},"version":2}},"categories":[1],"tags":[],"class_list":["post-1965","post","type-post","status-publish","format-standard","has-post-thumbnail","hentry","category-blog"],"aioseo_notices":[],"aioseo_head":"\n\t\t<!-- All in One SEO 5.0.1.1 - aioseo.com -->\n\t<meta name=\"description\" content=\"El incMTY es uno de los encuentros de emprendimiento e innovaci\u00f3n m\u00e1s relevantes de Am\u00e9rica Latina, y Quer\u00e9taro tiene un lugar en \u00e9l. Durante cuatro d\u00edas, Monterrey concentra a l\u00edderes, inversionistas y emprendedores de todo el pa\u00eds con un objetivo claro: acelerar el ecosistema de innovaci\u00f3n mexicano. En ese escenario, la presencia queretana no es\" \/>\n\t<meta name=\"robots\" content=\"max-image-preview:large\" \/>\n\t<meta name=\"author\" content=\"elprogresivo.mx\"\/>\n\t<link rel=\"canonical\" href=\"https:\/\/elprogresivo.mx\/index.php\/2026\/03\/23\/queretaro-en-el-incmty-empresas-queretanas-compiten-con-los-mejores-del-mundo\/\" \/>\n\t<meta name=\"generator\" content=\"All in One SEO (AIOSEO) 5.0.1.1\" \/>\n\t\t<meta property=\"og:locale\" content=\"es_MX\" \/>\n\t\t<meta property=\"og:site_name\" content=\"elprogresivo.mx - Construimos una nueva etapa en informaci\u00f3n\" \/>\n\t\t<meta property=\"og:type\" content=\"article\" \/>\n\t\t<meta property=\"og:title\" content=\"Quer\u00e9taro en el incMTY: empresas queretanas compiten con los mejores del mundo - elprogresivo.mx\" \/>\n\t\t<meta property=\"og:description\" content=\"El incMTY es uno de los encuentros de emprendimiento e innovaci\u00f3n m\u00e1s relevantes de Am\u00e9rica Latina, y Quer\u00e9taro tiene un lugar en \u00e9l. Durante cuatro d\u00edas, Monterrey concentra a l\u00edderes, inversionistas y emprendedores de todo el pa\u00eds con un objetivo claro: acelerar el ecosistema de innovaci\u00f3n mexicano. En ese escenario, la presencia queretana no es\" \/>\n\t\t<meta property=\"og:url\" content=\"https:\/\/elprogresivo.mx\/index.php\/2026\/03\/23\/queretaro-en-el-incmty-empresas-queretanas-compiten-con-los-mejores-del-mundo\/\" \/>\n\t\t<meta property=\"og:image\" content=\"https:\/\/elprogresivo.mx\/wp-content\/uploads\/2024\/02\/cropped-LogoBlanco.png\" \/>\n\t\t<meta property=\"og:image:secure_url\" content=\"https:\/\/elprogresivo.mx\/wp-content\/uploads\/2024\/02\/cropped-LogoBlanco.png\" \/>\n\t\t<meta property=\"article:published_time\" content=\"2026-03-23T18:43:00+00:00\" \/>\n\t\t<meta property=\"article:modified_time\" content=\"2026-04-21T18:45:58+00:00\" \/>\n\t\t<meta name=\"twitter:card\" content=\"summary_large_image\" \/>\n\t\t<meta name=\"twitter:title\" content=\"Quer\u00e9taro en el incMTY: empresas queretanas compiten con los mejores del mundo - elprogresivo.mx\" \/>\n\t\t<meta name=\"twitter:description\" content=\"El incMTY es uno de los encuentros de emprendimiento e innovaci\u00f3n m\u00e1s relevantes de Am\u00e9rica Latina, y Quer\u00e9taro tiene un lugar en \u00e9l. Durante cuatro d\u00edas, Monterrey concentra a l\u00edderes, inversionistas y emprendedores de todo el pa\u00eds con un objetivo claro: acelerar el ecosistema de innovaci\u00f3n mexicano. En ese escenario, la presencia queretana no es\" \/>\n\t\t<meta name=\"twitter:image\" content=\"https:\/\/elprogresivo.mx\/wp-content\/uploads\/2024\/02\/cropped-LogoBlanco.png\" \/>\n\t\t<script type=\"application\/ld+json\" class=\"aioseo-schema\">\n\t\t\t{\"@context\":\"https:\\\/\\\/schema.org\",\"@graph\":[{\"@type\":\"BlogPosting\",\"@id\":\"https:\\\/\\\/elprogresivo.mx\\\/index.php\\\/2026\\\/03\\\/23\\\/queretaro-en-el-incmty-empresas-queretanas-compiten-con-los-mejores-del-mundo\\\/#blogposting\",\"name\":\"Quer\\u00e9taro en el incMTY: empresas queretanas compiten con los mejores del mundo - elprogresivo.mx\",\"headline\":\"Quer\\u00e9taro en el incMTY: empresas queretanas compiten con los mejores del mundo\",\"author\":{\"@id\":\"https:\\\/\\\/elprogresivo.mx\\\/index.php\\\/author\\\/elprogresivo-mx\\\/#author\"},\"publisher\":{\"@id\":\"https:\\\/\\\/elprogresivo.mx\\\/#organization\"},\"image\":{\"@type\":\"ImageObject\",\"url\":\"https:\\\/\\\/elprogresivo.mx\\\/wp-content\\\/uploads\\\/2026\\\/04\\\/INCmty.jpeg\",\"width\":300,\"height\":168},\"datePublished\":\"2026-03-23T18:43:00+00:00\",\"dateModified\":\"2026-04-21T18:45:58+00:00\",\"inLanguage\":\"es-MX\",\"mainEntityOfPage\":{\"@id\":\"https:\\\/\\\/elprogresivo.mx\\\/index.php\\\/2026\\\/03\\\/23\\\/queretaro-en-el-incmty-empresas-queretanas-compiten-con-los-mejores-del-mundo\\\/#webpage\"},\"isPartOf\":{\"@id\":\"https:\\\/\\\/elprogresivo.mx\\\/index.php\\\/2026\\\/03\\\/23\\\/queretaro-en-el-incmty-empresas-queretanas-compiten-con-los-mejores-del-mundo\\\/#webpage\"},\"articleSection\":\"Blog\"},{\"@type\":\"BreadcrumbList\",\"@id\":\"https:\\\/\\\/elprogresivo.mx\\\/index.php\\\/2026\\\/03\\\/23\\\/queretaro-en-el-incmty-empresas-queretanas-compiten-con-los-mejores-del-mundo\\\/#breadcrumblist\",\"itemListElement\":[{\"@type\":\"ListItem\",\"@id\":\"https:\\\/\\\/elprogresivo.mx#listItem\",\"position\":1,\"name\":\"Home\",\"item\":\"https:\\\/\\\/elprogresivo.mx\",\"nextItem\":{\"@type\":\"ListItem\",\"@id\":\"https:\\\/\\\/elprogresivo.mx\\\/index.php\\\/category\\\/blog\\\/#listItem\",\"name\":\"Blog\"}},{\"@type\":\"ListItem\",\"@id\":\"https:\\\/\\\/elprogresivo.mx\\\/index.php\\\/category\\\/blog\\\/#listItem\",\"position\":2,\"name\":\"Blog\",\"item\":\"https:\\\/\\\/elprogresivo.mx\\\/index.php\\\/category\\\/blog\\\/\",\"nextItem\":{\"@type\":\"ListItem\",\"@id\":\"https:\\\/\\\/elprogresivo.mx\\\/index.php\\\/2026\\\/03\\\/23\\\/queretaro-en-el-incmty-empresas-queretanas-compiten-con-los-mejores-del-mundo\\\/#listItem\",\"name\":\"Quer\\u00e9taro en el incMTY: empresas queretanas compiten con los mejores del mundo\"},\"previousItem\":{\"@type\":\"ListItem\",\"@id\":\"https:\\\/\\\/elprogresivo.mx#listItem\",\"name\":\"Home\"}},{\"@type\":\"ListItem\",\"@id\":\"https:\\\/\\\/elprogresivo.mx\\\/index.php\\\/2026\\\/03\\\/23\\\/queretaro-en-el-incmty-empresas-queretanas-compiten-con-los-mejores-del-mundo\\\/#listItem\",\"position\":3,\"name\":\"Quer\\u00e9taro en el incMTY: empresas queretanas compiten con los mejores del mundo\",\"previousItem\":{\"@type\":\"ListItem\",\"@id\":\"https:\\\/\\\/elprogresivo.mx\\\/index.php\\\/category\\\/blog\\\/#listItem\",\"name\":\"Blog\"}}]},{\"@type\":\"Organization\",\"@id\":\"https:\\\/\\\/elprogresivo.mx\\\/#organization\",\"name\":\"elprogresivo.mx\",\"description\":\"Construimos una nueva etapa en informaci\\u00f3n\",\"url\":\"https:\\\/\\\/elprogresivo.mx\\\/\",\"logo\":{\"@type\":\"ImageObject\",\"url\":\"https:\\\/\\\/elprogresivo.mx\\\/wp-content\\\/uploads\\\/2024\\\/02\\\/cropped-LogoBlanco.png\",\"@id\":\"https:\\\/\\\/elprogresivo.mx\\\/index.php\\\/2026\\\/03\\\/23\\\/queretaro-en-el-incmty-empresas-queretanas-compiten-con-los-mejores-del-mundo\\\/#organizationLogo\",\"width\":2096,\"height\":332},\"image\":{\"@id\":\"https:\\\/\\\/elprogresivo.mx\\\/index.php\\\/2026\\\/03\\\/23\\\/queretaro-en-el-incmty-empresas-queretanas-compiten-con-los-mejores-del-mundo\\\/#organizationLogo\"}},{\"@type\":\"Person\",\"@id\":\"https:\\\/\\\/elprogresivo.mx\\\/index.php\\\/author\\\/elprogresivo-mx\\\/#author\",\"url\":\"https:\\\/\\\/elprogresivo.mx\\\/index.php\\\/author\\\/elprogresivo-mx\\\/\",\"name\":\"elprogresivo.mx\",\"image\":{\"@type\":\"ImageObject\",\"@id\":\"https:\\\/\\\/elprogresivo.mx\\\/index.php\\\/2026\\\/03\\\/23\\\/queretaro-en-el-incmty-empresas-queretanas-compiten-con-los-mejores-del-mundo\\\/#authorImage\",\"url\":\"https:\\\/\\\/secure.gravatar.com\\\/avatar\\\/f8f619b2b94bf196501220695d5a6b8552763754143ed0ab1cf99ef065ae37cf?s=96&d=mm&r=g\",\"width\":96,\"height\":96,\"caption\":\"elprogresivo.mx\"}},{\"@type\":\"WebPage\",\"@id\":\"https:\\\/\\\/elprogresivo.mx\\\/index.php\\\/2026\\\/03\\\/23\\\/queretaro-en-el-incmty-empresas-queretanas-compiten-con-los-mejores-del-mundo\\\/#webpage\",\"url\":\"https:\\\/\\\/elprogresivo.mx\\\/index.php\\\/2026\\\/03\\\/23\\\/queretaro-en-el-incmty-empresas-queretanas-compiten-con-los-mejores-del-mundo\\\/\",\"name\":\"Quer\\u00e9taro en el incMTY: empresas queretanas compiten con los mejores del mundo - elprogresivo.mx\",\"description\":\"El incMTY es uno de los encuentros de emprendimiento e innovaci\\u00f3n m\\u00e1s relevantes de Am\\u00e9rica Latina, y Quer\\u00e9taro tiene un lugar en \\u00e9l. Durante cuatro d\\u00edas, Monterrey concentra a l\\u00edderes, inversionistas y emprendedores de todo el pa\\u00eds con un objetivo claro: acelerar el ecosistema de innovaci\\u00f3n mexicano. En ese escenario, la presencia queretana no es\",\"inLanguage\":\"es-MX\",\"isPartOf\":{\"@id\":\"https:\\\/\\\/elprogresivo.mx\\\/#website\"},\"breadcrumb\":{\"@id\":\"https:\\\/\\\/elprogresivo.mx\\\/index.php\\\/2026\\\/03\\\/23\\\/queretaro-en-el-incmty-empresas-queretanas-compiten-con-los-mejores-del-mundo\\\/#breadcrumblist\"},\"author\":{\"@id\":\"https:\\\/\\\/elprogresivo.mx\\\/index.php\\\/author\\\/elprogresivo-mx\\\/#author\"},\"creator\":{\"@id\":\"https:\\\/\\\/elprogresivo.mx\\\/index.php\\\/author\\\/elprogresivo-mx\\\/#author\"},\"image\":{\"@type\":\"ImageObject\",\"url\":\"https:\\\/\\\/elprogresivo.mx\\\/wp-content\\\/uploads\\\/2026\\\/04\\\/INCmty.jpeg\",\"@id\":\"https:\\\/\\\/elprogresivo.mx\\\/index.php\\\/2026\\\/03\\\/23\\\/queretaro-en-el-incmty-empresas-queretanas-compiten-con-los-mejores-del-mundo\\\/#mainImage\",\"width\":300,\"height\":168},\"primaryImageOfPage\":{\"@id\":\"https:\\\/\\\/elprogresivo.mx\\\/index.php\\\/2026\\\/03\\\/23\\\/queretaro-en-el-incmty-empresas-queretanas-compiten-con-los-mejores-del-mundo\\\/#mainImage\"},\"datePublished\":\"2026-03-23T18:43:00+00:00\",\"dateModified\":\"2026-04-21T18:45:58+00:00\"},{\"@type\":\"WebSite\",\"@id\":\"https:\\\/\\\/elprogresivo.mx\\\/#website\",\"url\":\"https:\\\/\\\/elprogresivo.mx\\\/\",\"name\":\"elprogresivo.mx\",\"description\":\"Construimos una nueva etapa en informaci\\u00f3n\",\"inLanguage\":\"es-MX\",\"publisher\":{\"@id\":\"https:\\\/\\\/elprogresivo.mx\\\/#organization\"}}]}\n\t\t<\/script>\n\t\t<!-- All in One SEO -->\n\n","aioseo_head_json":{"title":"Quer\u00e9taro en el incMTY: empresas queretanas compiten con los mejores del mundo - elprogresivo.mx","description":"El incMTY es uno de los encuentros de emprendimiento e innovaci\u00f3n m\u00e1s relevantes de Am\u00e9rica Latina, y Quer\u00e9taro tiene un lugar en \u00e9l. Durante cuatro d\u00edas, Monterrey concentra a l\u00edderes, inversionistas y emprendedores de todo el pa\u00eds con un objetivo claro: acelerar el ecosistema de innovaci\u00f3n mexicano. En ese escenario, la presencia queretana no es","canonical_url":"https:\/\/elprogresivo.mx\/index.php\/2026\/03\/23\/queretaro-en-el-incmty-empresas-queretanas-compiten-con-los-mejores-del-mundo\/","robots":"max-image-preview:large","keywords":"","webmasterTools":{"miscellaneous":""},"schema":{"@context":"https:\/\/schema.org","@graph":[{"@type":"BlogPosting","@id":"https:\/\/elprogresivo.mx\/index.php\/2026\/03\/23\/queretaro-en-el-incmty-empresas-queretanas-compiten-con-los-mejores-del-mundo\/#blogposting","name":"Quer\u00e9taro en el incMTY: empresas queretanas compiten con los mejores del mundo - elprogresivo.mx","headline":"Quer\u00e9taro en el incMTY: empresas queretanas compiten con los mejores del mundo","author":{"@id":"https:\/\/elprogresivo.mx\/index.php\/author\/elprogresivo-mx\/#author"},"publisher":{"@id":"https:\/\/elprogresivo.mx\/#organization"},"image":{"@type":"ImageObject","url":"https:\/\/elprogresivo.mx\/wp-content\/uploads\/2026\/04\/INCmty.jpeg","width":300,"height":168},"datePublished":"2026-03-23T18:43:00+00:00","dateModified":"2026-04-21T18:45:58+00:00","inLanguage":"es-MX","mainEntityOfPage":{"@id":"https:\/\/elprogresivo.mx\/index.php\/2026\/03\/23\/queretaro-en-el-incmty-empresas-queretanas-compiten-con-los-mejores-del-mundo\/#webpage"},"isPartOf":{"@id":"https:\/\/elprogresivo.mx\/index.php\/2026\/03\/23\/queretaro-en-el-incmty-empresas-queretanas-compiten-con-los-mejores-del-mundo\/#webpage"},"articleSection":"Blog"},{"@type":"BreadcrumbList","@id":"https:\/\/elprogresivo.mx\/index.php\/2026\/03\/23\/queretaro-en-el-incmty-empresas-queretanas-compiten-con-los-mejores-del-mundo\/#breadcrumblist","itemListElement":[{"@type":"ListItem","@id":"https:\/\/elprogresivo.mx#listItem","position":1,"name":"Home","item":"https:\/\/elprogresivo.mx","nextItem":{"@type":"ListItem","@id":"https:\/\/elprogresivo.mx\/index.php\/category\/blog\/#listItem","name":"Blog"}},{"@type":"ListItem","@id":"https:\/\/elprogresivo.mx\/index.php\/category\/blog\/#listItem","position":2,"name":"Blog","item":"https:\/\/elprogresivo.mx\/index.php\/category\/blog\/","nextItem":{"@type":"ListItem","@id":"https:\/\/elprogresivo.mx\/index.php\/2026\/03\/23\/queretaro-en-el-incmty-empresas-queretanas-compiten-con-los-mejores-del-mundo\/#listItem","name":"Quer\u00e9taro en el incMTY: empresas queretanas compiten con los mejores del mundo"},"previousItem":{"@type":"ListItem","@id":"https:\/\/elprogresivo.mx#listItem","name":"Home"}},{"@type":"ListItem","@id":"https:\/\/elprogresivo.mx\/index.php\/2026\/03\/23\/queretaro-en-el-incmty-empresas-queretanas-compiten-con-los-mejores-del-mundo\/#listItem","position":3,"name":"Quer\u00e9taro en el incMTY: empresas queretanas compiten con los mejores del mundo","previousItem":{"@type":"ListItem","@id":"https:\/\/elprogresivo.mx\/index.php\/category\/blog\/#listItem","name":"Blog"}}]},{"@type":"Organization","@id":"https:\/\/elprogresivo.mx\/#organization","name":"elprogresivo.mx","description":"Construimos una nueva etapa en informaci\u00f3n","url":"https:\/\/elprogresivo.mx\/","logo":{"@type":"ImageObject","url":"https:\/\/elprogresivo.mx\/wp-content\/uploads\/2024\/02\/cropped-LogoBlanco.png","@id":"https:\/\/elprogresivo.mx\/index.php\/2026\/03\/23\/queretaro-en-el-incmty-empresas-queretanas-compiten-con-los-mejores-del-mundo\/#organizationLogo","width":2096,"height":332},"image":{"@id":"https:\/\/elprogresivo.mx\/index.php\/2026\/03\/23\/queretaro-en-el-incmty-empresas-queretanas-compiten-con-los-mejores-del-mundo\/#organizationLogo"}},{"@type":"Person","@id":"https:\/\/elprogresivo.mx\/index.php\/author\/elprogresivo-mx\/#author","url":"https:\/\/elprogresivo.mx\/index.php\/author\/elprogresivo-mx\/","name":"elprogresivo.mx","image":{"@type":"ImageObject","@id":"https:\/\/elprogresivo.mx\/index.php\/2026\/03\/23\/queretaro-en-el-incmty-empresas-queretanas-compiten-con-los-mejores-del-mundo\/#authorImage","url":"https:\/\/secure.gravatar.com\/avatar\/f8f619b2b94bf196501220695d5a6b8552763754143ed0ab1cf99ef065ae37cf?s=96&d=mm&r=g","width":96,"height":96,"caption":"elprogresivo.mx"}},{"@type":"WebPage","@id":"https:\/\/elprogresivo.mx\/index.php\/2026\/03\/23\/queretaro-en-el-incmty-empresas-queretanas-compiten-con-los-mejores-del-mundo\/#webpage","url":"https:\/\/elprogresivo.mx\/index.php\/2026\/03\/23\/queretaro-en-el-incmty-empresas-queretanas-compiten-con-los-mejores-del-mundo\/","name":"Quer\u00e9taro en el incMTY: empresas queretanas compiten con los mejores del mundo - elprogresivo.mx","description":"El incMTY es uno de los encuentros de emprendimiento e innovaci\u00f3n m\u00e1s relevantes de Am\u00e9rica Latina, y Quer\u00e9taro tiene un lugar en \u00e9l. Durante cuatro d\u00edas, Monterrey concentra a l\u00edderes, inversionistas y emprendedores de todo el pa\u00eds con un objetivo claro: acelerar el ecosistema de innovaci\u00f3n mexicano. En ese escenario, la presencia queretana no es","inLanguage":"es-MX","isPartOf":{"@id":"https:\/\/elprogresivo.mx\/#website"},"breadcrumb":{"@id":"https:\/\/elprogresivo.mx\/index.php\/2026\/03\/23\/queretaro-en-el-incmty-empresas-queretanas-compiten-con-los-mejores-del-mundo\/#breadcrumblist"},"author":{"@id":"https:\/\/elprogresivo.mx\/index.php\/author\/elprogresivo-mx\/#author"},"creator":{"@id":"https:\/\/elprogresivo.mx\/index.php\/author\/elprogresivo-mx\/#author"},"image":{"@type":"ImageObject","url":"https:\/\/elprogresivo.mx\/wp-content\/uploads\/2026\/04\/INCmty.jpeg","@id":"https:\/\/elprogresivo.mx\/index.php\/2026\/03\/23\/queretaro-en-el-incmty-empresas-queretanas-compiten-con-los-mejores-del-mundo\/#mainImage","width":300,"height":168},"primaryImageOfPage":{"@id":"https:\/\/elprogresivo.mx\/index.php\/2026\/03\/23\/queretaro-en-el-incmty-empresas-queretanas-compiten-con-los-mejores-del-mundo\/#mainImage"},"datePublished":"2026-03-23T18:43:00+00:00","dateModified":"2026-04-21T18:45:58+00:00"},{"@type":"WebSite","@id":"https:\/\/elprogresivo.mx\/#website","url":"https:\/\/elprogresivo.mx\/","name":"elprogresivo.mx","description":"Construimos una nueva etapa en informaci\u00f3n","inLanguage":"es-MX","publisher":{"@id":"https:\/\/elprogresivo.mx\/#organization"}}]},"og:locale":"es_MX","og:site_name":"elprogresivo.mx - Construimos una nueva etapa en informaci\u00f3n","og:type":"article","og:title":"Quer\u00e9taro en el incMTY: empresas queretanas compiten con los mejores del mundo - elprogresivo.mx","og:description":"El incMTY es uno de los encuentros de emprendimiento e innovaci\u00f3n m\u00e1s relevantes de Am\u00e9rica Latina, y Quer\u00e9taro tiene un lugar en \u00e9l. Durante cuatro d\u00edas, Monterrey concentra a l\u00edderes, inversionistas y emprendedores de todo el pa\u00eds con un objetivo claro: acelerar el ecosistema de innovaci\u00f3n mexicano. En ese escenario, la presencia queretana no es","og:url":"https:\/\/elprogresivo.mx\/index.php\/2026\/03\/23\/queretaro-en-el-incmty-empresas-queretanas-compiten-con-los-mejores-del-mundo\/","og:image":"https:\/\/elprogresivo.mx\/wp-content\/uploads\/2024\/02\/cropped-LogoBlanco.png","og:image:secure_url":"https:\/\/elprogresivo.mx\/wp-content\/uploads\/2024\/02\/cropped-LogoBlanco.png","article:published_time":"2026-03-23T18:43:00+00:00","article:modified_time":"2026-04-21T18:45:58+00:00","twitter:card":"summary_large_image","twitter:title":"Quer\u00e9taro en el incMTY: empresas queretanas compiten con los mejores del mundo - elprogresivo.mx","twitter:description":"El incMTY es uno de los encuentros de emprendimiento e innovaci\u00f3n m\u00e1s relevantes de Am\u00e9rica Latina, y Quer\u00e9taro tiene un lugar en \u00e9l. Durante cuatro d\u00edas, Monterrey concentra a l\u00edderes, inversionistas y emprendedores de todo el pa\u00eds con un objetivo claro: acelerar el ecosistema de innovaci\u00f3n mexicano. En ese escenario, la presencia queretana no es","twitter:image":"https:\/\/elprogresivo.mx\/wp-content\/uploads\/2024\/02\/cropped-LogoBlanco.png"},"aioseo_meta_data":{"post_id":"1965","title":null,"description":null,"keywords":null,"keyphrases":{"focus":{"keyphrase":"","score":0,"analysis":{"keyphraseInTitle":{"score":0,"maxScore":9,"error":1}}},"additional":[]},"primary_term":null,"canonical_url":null,"og_title":null,"og_description":null,"og_object_type":"default","og_image_type":"default","og_image_url":null,"og_image_width":null,"og_image_height":null,"og_image_custom_url":null,"og_image_custom_fields":null,"og_video":"","og_custom_url":null,"og_article_section":null,"og_article_tags":null,"twitter_use_og":false,"twitter_card":"default","twitter_image_type":"default","twitter_image_url":null,"twitter_image_custom_url":null,"twitter_image_custom_fields":null,"twitter_title":null,"twitter_description":null,"schema":{"blockGraphs":[],"customGraphs":[],"default":{"data":{"Article":[],"Course":[],"Dataset":[],"FAQPage":[],"Movie":[],"Person":[],"Product":[],"ProductReview":[],"Car":[],"Recipe":[],"Service":[],"SoftwareApplication":[],"WebPage":[]},"graphName":"BlogPosting","isEnabled":true},"graphs":[]},"schema_type":"default","schema_type_options":null,"pillar_content":false,"robots_default":true,"robots_noindex":false,"robots_noarchive":false,"robots_nosnippet":false,"robots_nofollow":false,"robots_noimageindex":false,"robots_noodp":false,"robots_notranslate":false,"robots_max_snippet":"-1","robots_max_videopreview":"-1","robots_max_imagepreview":"large","priority":null,"frequency":"default","local_seo":null,"limit_modified_date":false,"created":"2026-04-21 18:45:58","updated":"2026-06-19 00:27:34","ai":null,"breadcrumb_settings":null,"seo_analyzer_scan_date":null,"focus_keyword":null,"additional_keywords":null,"truseo_locale":null},"aioseo_breadcrumb":"<div class=\"aioseo-breadcrumbs\"><span class=\"aioseo-breadcrumb\">\n\t\t\t<a href=\"https:\/\/elprogresivo.mx\" title=\"Home\">Home<\/a>\n\t\t<\/span><span class=\"aioseo-breadcrumb-separator\">&raquo;<\/span><span class=\"aioseo-breadcrumb\">\n\t\t\t<a href=\"https:\/\/elprogresivo.mx\/index.php\/category\/blog\/\" title=\"Blog\">Blog<\/a>\n\t\t<\/span><span class=\"aioseo-breadcrumb-separator\">&raquo;<\/span><span class=\"aioseo-breadcrumb\">\n\t\t\tQuer\u00e9taro en el incMTY: empresas queretanas compiten con los mejores del mundo\n\t\t<\/span><\/div>","aioseo_breadcrumb_json":[{"label":"Home","link":"https:\/\/elprogresivo.mx"},{"label":"Blog","link":"https:\/\/elprogresivo.mx\/index.php\/category\/blog\/"},{"label":"Quer\u00e9taro en el incMTY: empresas queretanas compiten con los mejores del mundo","link":"https:\/\/elprogresivo.mx\/index.php\/2026\/03\/23\/queretaro-en-el-incmty-empresas-queretanas-compiten-con-los-mejores-del-mundo\/"}],"jetpack_publicize_connections":[],"_links":{"self":[{"href":"https:\/\/elprogresivo.mx\/index.php\/wp-json\/wp\/v2\/posts\/1965","targetHints":{"allow":["GET"]}}],"collection":[{"href":"https:\/\/elprogresivo.mx\/index.php\/wp-json\/wp\/v2\/posts"}],"about":[{"href":"https:\/\/elprogresivo.mx\/index.php\/wp-json\/wp\/v2\/types\/post"}],"author":[{"embeddable":true,"href":"https:\/\/elprogresivo.mx\/index.php\/wp-json\/wp\/v2\/users\/1"}],"replies":[{"embeddable":true,"href":"https:\/\/elprogresivo.mx\/index.php\/wp-json\/wp\/v2\/comments?post=1965"}],"version-history":[{"count":1,"href":"https:\/\/elprogresivo.mx\/index.php\/wp-json\/wp\/v2\/posts\/1965\/revisions"}],"predecessor-version":[{"id":1967,"href":"https:\/\/elprogresivo.mx\/index.php\/wp-json\/wp\/v2\/posts\/1965\/revisions\/1967"}],"wp:featuredmedia":[{"embeddable":true,"href":"https:\/\/elprogresivo.mx\/index.php\/wp-json\/wp\/v2\/media\/1966"}],"wp:attachment":[{"href":"https:\/\/elprogresivo.mx\/index.php\/wp-json\/wp\/v2\/media?parent=1965"}],"wp:term":[{"taxonomy":"category","embeddable":true,"href":"https:\/\/elprogresivo.mx\/index.php\/wp-json\/wp\/v2\/categories?post=1965"},{"taxonomy":"post_tag","embeddable":true,"href":"https:\/\/elprogresivo.mx\/index.php\/wp-json\/wp\/v2\/tags?post=1965"}],"curies":[{"name":"wp","href":"https:\/\/api.w.org\/{rel}","templated":true}]}}